{"id":4099,"date":"1994-01-01T00:00:00","date_gmt":"1994-01-01T00:00:00","guid":{"rendered":"https:\/\/www.deberes.net\/tesis\/1994\/01\/01\/estudio-biomecanico-comparativo-entre-el-patron-de-marcha-humana-normal-y-del-amputado-tibial\/"},"modified":"1994-01-01T00:00:00","modified_gmt":"1994-01-01T00:00:00","slug":"estudio-biomecanico-comparativo-entre-el-patron-de-marcha-humana-normal-y-del-amputado-tibial","status":"publish","type":"post","link":"https:\/\/www.deberes.net\/tesis\/ciencias-tecnologicas\/estudio-biomecanico-comparativo-entre-el-patron-de-marcha-humana-normal-y-del-amputado-tibial\/","title":{"rendered":"\u00abestudio biomecanico comparativo entre el patron de marcha humana normal y del amputado tibial\u00bb."},"content":{"rendered":"<h2>Tesis doctoral de <strong> Enrique Viosca Herrero <\/strong><\/h2>\n<p>Se estudia la marcha, en varias cadencias, de siete varones normales y ocho amputados traumaticos tibiales.  analizamos protesis ptb, con diferentes mecanismos: sach, 1-eje, 2-ejes y dinamico. Utilizamos plataformas dinamometricas y electrogoniometria. Efectuamos el tratamiento estadistico de aquellas variables con mayor interes clinico.  conclusiones: a) es importante considerar la cadencia en los estudios de la marcha.\/ B) debido a la marcha asimetrica del amputado, hay que analizar separadamente la pierna protetizada y la sana. Ambas se compensan funcionalmente. La pierna protetizada muestra un deficit de propulsion vertical y horizontal en el despegue, asi como una escasa flexion de rodilla durante el apoyo completo. En la pierna sana, tanto la propulsion como la flexion de rodilla, son exageradas.\/ C) la mejor informacion se obtiene en el despegue.\/ D) proponemos unos criterios para el dise\u00f1o protesico, y se\u00f1alamos las variables mas especificas para estudiar la marcha del amputado y para evaluar una protesis.<\/p>\n<p>&nbsp;<\/p>\n<h3>Datos acad\u00e9micos de la tesis doctoral \u00ab<strong>\u00abestudio biomecanico comparativo entre el patron de marcha humana normal y del amputado tibial\u00bb.<\/strong>\u00ab<\/h3>\n<ul>\n<li><strong>T\u00edtulo de la tesis:<\/strong>\u00a0 \u00abestudio biomecanico comparativo entre el patron de marcha humana normal y del amputado tibial\u00bb. <\/li>\n<li><strong>Autor:<\/strong>\u00a0 Enrique Viosca Herrero <\/li>\n<li><strong>Universidad:<\/strong>\u00a0 Polit\u00e9cnica de Valencia<\/li>\n<li><strong>Fecha de lectura de la tesis:<\/strong>\u00a0 01\/01\/1994<\/li>\n<\/ul>\n<p>&nbsp;<\/p>\n<h3>Direcci\u00f3n y tribunal<\/h3>\n<ul>\n<li><strong>Director de la tesis<\/strong>\n<ul>\n<li>Juan  Victor Hoyos Fuentes<\/li>\n<\/ul>\n<\/li>\n<li><strong>Tribunal<\/strong>\n<ul>\n<li>Presidente del tribunal: Justo Nieto Nieto <\/li>\n<li>Tom\u00e1s Jol\u00edn S\u00e1nchez Del Campo (vocal)<\/li>\n<li>Adolfo Seligra Ferrer (vocal)<\/li>\n<li>Jaime Prat Pastor (vocal)<\/li>\n<\/ul>\n<\/li>\n<\/ul>\n<p>&nbsp;<\/p>\n","protected":false},"excerpt":{"rendered":"<p>Tesis doctoral de Enrique Viosca Herrero Se estudia la marcha, en varias cadencias, de siete varones normales y ocho amputados [&hellip;]<\/p>\n","protected":false},"author":1,"featured_media":0,"comment_status":"open","ping_status":"open","sticky":false,"template":"","format":"standard","meta":{"site-sidebar-layout":"default","site-content-layout":"","ast-site-content-layout":"","site-content-style":"default","site-sidebar-style":"default","ast-global-header-display":"","ast-banner-title-visibility":"","ast-main-header-display":"","ast-hfb-above-header-display":"","ast-hfb-below-header-display":"","ast-hfb-mobile-header-display":"","site-post-title":"","ast-breadcrumbs-content":"","ast-featured-img":"","footer-sml-layout":"","theme-transparent-header-meta":"","adv-header-id-meta":"","stick-header-meta":"","header-above-stick-meta":"","header-main-stick-meta":"","header-below-stick-meta":"","astra-migrate-meta-layouts":"default","ast-page-background-enabled":"default","ast-page-background-meta":{"desktop":{"background-color":"var(--ast-global-color-4)","background-image":"","background-repeat":"repeat","background-position":"center center","background-size":"auto","background-attachment":"scroll","background-type":"","background-media":"","overlay-type":"","overlay-color":"","overlay-gradient":""},"tablet":{"background-color":"","background-image":"","background-repeat":"repeat","background-position":"center center","background-size":"auto","background-attachment":"scroll","background-type":"","background-media":"","overlay-type":"","overlay-color":"","overlay-gradient":""},"mobile":{"background-color":"","background-image":"","background-repeat":"repeat","background-position":"center center","background-size":"auto","background-attachment":"scroll","background-type":"","background-media":"","overlay-type":"","overlay-color":"","overlay-gradient":""}},"ast-content-background-meta":{"desktop":{"background-color":"var(--ast-global-color-5)","background-image":"","background-repeat":"repeat","background-position":"center center","background-size":"auto","background-attachment":"scroll","background-type":"","background-media":"","overlay-type":"","overlay-color":"","overlay-gradient":""},"tablet":{"background-color":"var(--ast-global-color-5)","background-image":"","background-repeat":"repeat","background-position":"center center","background-size":"auto","background-attachment":"scroll","background-type":"","background-media":"","overlay-type":"","overlay-color":"","overlay-gradient":""},"mobile":{"background-color":"var(--ast-global-color-5)","background-image":"","background-repeat":"repeat","background-position":"center center","background-size":"auto","background-attachment":"scroll","background-type":"","background-media":"","overlay-type":"","overlay-color":"","overlay-gradient":""}},"footnotes":""},"categories":[332,1909,16820],"tags":[9350,17067,17069,16981,16872,17068],"class_list":["post-4099","post","type-post","status-publish","format-standard","hentry","category-ciencias-tecnologicas","category-ingenieria-y-tecnologia-mecanicas","category-politecnica-de-valencia","tag-adolfo-seligra-ferrer","tag-enrique-viosca-herrero","tag-jaime-prat-pastor","tag-juan-victor-hoyos-fuentes","tag-justo-nieto-nieto","tag-tomas-jolin-sanchez-del-campo"],"_links":{"self":[{"href":"https:\/\/www.deberes.net\/tesis\/wp-json\/wp\/v2\/posts\/4099","targetHints":{"allow":["GET"]}}],"collection":[{"href":"https:\/\/www.deberes.net\/tesis\/wp-json\/wp\/v2\/posts"}],"about":[{"href":"https:\/\/www.deberes.net\/tesis\/wp-json\/wp\/v2\/types\/post"}],"author":[{"embeddable":true,"href":"https:\/\/www.deberes.net\/tesis\/wp-json\/wp\/v2\/users\/1"}],"replies":[{"embeddable":true,"href":"https:\/\/www.deberes.net\/tesis\/wp-json\/wp\/v2\/comments?post=4099"}],"version-history":[{"count":0,"href":"https:\/\/www.deberes.net\/tesis\/wp-json\/wp\/v2\/posts\/4099\/revisions"}],"wp:attachment":[{"href":"https:\/\/www.deberes.net\/tesis\/wp-json\/wp\/v2\/media?parent=4099"}],"wp:term":[{"taxonomy":"category","embeddable":true,"href":"https:\/\/www.deberes.net\/tesis\/wp-json\/wp\/v2\/categories?post=4099"},{"taxonomy":"post_tag","embeddable":true,"href":"https:\/\/www.deberes.net\/tesis\/wp-json\/wp\/v2\/tags?post=4099"}],"curies":[{"name":"wp","href":"https:\/\/api.w.org\/{rel}","templated":true}]}}