{"id":41003,"date":"1999-01-01T00:00:00","date_gmt":"1999-01-01T00:00:00","guid":{"rendered":"https:\/\/www.deberes.net\/tesis\/sin-categoria\/aspectos-metodologicos-en-el-tratamiento-de-datos-en-funcion-de-factores-psicologicos-segun-edad-y-genero-en-pacientes-con-dolor-orofacial-cronico\/"},"modified":"1999-01-01T00:00:00","modified_gmt":"1999-01-01T00:00:00","slug":"aspectos-metodologicos-en-el-tratamiento-de-datos-en-funcion-de-factores-psicologicos-segun-edad-y-genero-en-pacientes-con-dolor-orofacial-cronico","status":"publish","type":"post","link":"https:\/\/www.deberes.net\/tesis\/psicologia\/aspectos-metodologicos-en-el-tratamiento-de-datos-en-funcion-de-factores-psicologicos-segun-edad-y-genero-en-pacientes-con-dolor-orofacial-cronico\/","title":{"rendered":"Aspectos metodologicos en el tratamiento de datos en funcion de factores psicologicos segun edad y genero en pacientes con dolor orofacial cronico."},"content":{"rendered":"<h2>Tesis doctoral de <strong> Josefa Prieto Vicente <\/strong><\/h2>\n<p>La comprensi\u00f3n y estudio del dolor orofacial cronico masticatorio (alteraciones temporomandibulares) reviste una especial importancia debido a varias cuestiones:  1. Especial significado que para las personas tienen la boca y la cara ya que son sentidas como algo mucho m\u00e1s pr\u00f3ximo que otras partes del cuerpo.  2. Es uno de los dolores cr\u00f3nicos de mayor incidencia en la poblaci\u00f3n general de los paises desarrollados (registra entre el 20% y el 25% de las condiciones de dolor cr\u00f3nico).  3. Un amplio espectro de des\u00f3rdenes psicol\u00f3gicos y trastornos psiqui\u00e1tricos suelen afectar a la regi\u00f3n orofacial y concretamente a este tipo de alteraciones temporomandibulares.  4. Controversia en la aceptaci\u00f3n de la influencia de factores psicosocioevolutivos que explica la etiolog\u00eda multifactorial de las alteraciones temporomandibulares.  ante esta situaci\u00f3n descrita, el presente trabajo de investigaci\u00f3n, realizado a partir de los pacientes con alteraciones temporomandibulares tratados en la unidad m\u00e9dico-quir\u00fargica de la cl\u00ednica odontol\u00f3gica de la facultad de medicina y odontolog\u00eda de Valencia, se centra en la realizaci\u00f3n de un cuidadoso an\u00e1lisis de la influencia que tanto algunas variables psicol\u00f3gicas (variables de personalidad y estado emocional), as\u00ed como factores marcadamente evolutivos como edad y sexo, entre otros, pueden tener en los pacientes con cuadros cr\u00f3nicos de patolog\u00eda orofacial masticatoria: des\u00f3rdenes temporomandibulares artr\u00f3genos y mi\u00f3genos con o sin percepci\u00f3n acompa\u00f1ada de dolor en los tres \u00faltimos meses anteriores a la consulta cl\u00ednica.<\/p>\n<p>&nbsp;<\/p>\n<h3>Datos acad\u00e9micos de la tesis doctoral \u00ab<strong>Aspectos metodologicos en el tratamiento de datos en funcion de factores psicologicos segun edad y genero en pacientes con dolor orofacial cronico.<\/strong>\u00ab<\/h3>\n<ul>\n<li><strong>T\u00edtulo de la tesis:<\/strong>\u00a0 Aspectos metodologicos en el tratamiento de datos en funcion de factores psicologicos segun edad y genero en pacientes con dolor orofacial cronico. <\/li>\n<li><strong>Autor:<\/strong>\u00a0 Josefa Prieto Vicente <\/li>\n<li><strong>Universidad:<\/strong>\u00a0 Universitat de val\u00e9ncia (estudi general)<\/li>\n<li><strong>Fecha de lectura de la tesis:<\/strong>\u00a0 01\/01\/1999<\/li>\n<\/ul>\n<p>&nbsp;<\/p>\n<h3>Direcci\u00f3n y tribunal<\/h3>\n<ul>\n<li><strong>Director de la tesis<\/strong>\n<ul>\n<li>Rosa Estarelles Rodriguez<\/li>\n<\/ul>\n<\/li>\n<li><strong>Tribunal<\/strong>\n<ul>\n<li>Presidente del tribunal: Juan Pascual llobell <\/li>\n<li>pilar Jara jimenez (vocal)<\/li>\n<li>\u00e1lvaro Pascual-leone pascual (vocal)<\/li>\n<li>Miguel Urquia garcia (vocal)<\/li>\n<\/ul>\n<\/li>\n<\/ul>\n<p>&nbsp;<\/p>\n","protected":false},"excerpt":{"rendered":"<p>Tesis doctoral de Josefa Prieto Vicente La comprensi\u00f3n y estudio del dolor orofacial cronico masticatorio (alteraciones temporomandibulares) reviste una especial [&hellip;]<\/p>\n","protected":false},"author":1,"featured_media":0,"comment_status":"open","ping_status":"open","sticky":false,"template":"","format":"standard","meta":{"site-sidebar-layout":"default","site-content-layout":"","ast-site-content-layout":"","site-content-style":"default","site-sidebar-style":"default","ast-global-header-display":"","ast-banner-title-visibility":"","ast-main-header-display":"","ast-hfb-above-header-display":"","ast-hfb-below-header-display":"","ast-hfb-mobile-header-display":"","site-post-title":"","ast-breadcrumbs-content":"","ast-featured-img":"","footer-sml-layout":"","theme-transparent-header-meta":"","adv-header-id-meta":"","stick-header-meta":"","header-above-stick-meta":"","header-main-stick-meta":"","header-below-stick-meta":"","astra-migrate-meta-layouts":"default","ast-page-background-enabled":"default","ast-page-background-meta":{"desktop":{"background-color":"var(--ast-global-color-4)","background-image":"","background-repeat":"repeat","background-position":"center center","background-size":"auto","background-attachment":"scroll","background-type":"","background-media":"","overlay-type":"","overlay-color":"","overlay-gradient":""},"tablet":{"background-color":"","background-image":"","background-repeat":"repeat","background-position":"center center","background-size":"auto","background-attachment":"scroll","background-type":"","background-media":"","overlay-type":"","overlay-color":"","overlay-gradient":""},"mobile":{"background-color":"","background-image":"","background-repeat":"repeat","background-position":"center center","background-size":"auto","background-attachment":"scroll","background-type":"","background-media":"","overlay-type":"","overlay-color":"","overlay-gradient":""}},"ast-content-background-meta":{"desktop":{"background-color":"var(--ast-global-color-5)","background-image":"","background-repeat":"repeat","background-position":"center center","background-size":"auto","background-attachment":"scroll","background-type":"","background-media":"","overlay-type":"","overlay-color":"","overlay-gradient":""},"tablet":{"background-color":"var(--ast-global-color-5)","background-image":"","background-repeat":"repeat","background-position":"center center","background-size":"auto","background-attachment":"scroll","background-type":"","background-media":"","overlay-type":"","overlay-color":"","overlay-gradient":""},"mobile":{"background-color":"var(--ast-global-color-5)","background-image":"","background-repeat":"repeat","background-position":"center center","background-size":"auto","background-attachment":"scroll","background-type":"","background-media":"","overlay-type":"","overlay-color":"","overlay-gradient":""}},"footnotes":""},"categories":[41497,4264,1175,324,970,1174,2758],"tags":[12406,104194,19971,20896,104195,32697],"class_list":["post-41003","post","type-post","status-publish","format-standard","hentry","category-afrontamiento-de-la-enfermedad","category-asesoramiento-y-orientacion-psicologicas","category-evaluacion-y-diagnostico-en-psicologia","category-psicologia","category-psicologia-del-nino-y-del-adolescente","category-psicologia-diferencial","category-psicologia-evolutiva","tag-alvaro-pascual-leone-pascual","tag-josefa-prieto-vicente","tag-juan-pascual-llobell","tag-miguel-urquia-garcia","tag-pilar-jara-jimenez","tag-rosa-estarelles-rodriguez"],"_links":{"self":[{"href":"https:\/\/www.deberes.net\/tesis\/wp-json\/wp\/v2\/posts\/41003","targetHints":{"allow":["GET"]}}],"collection":[{"href":"https:\/\/www.deberes.net\/tesis\/wp-json\/wp\/v2\/posts"}],"about":[{"href":"https:\/\/www.deberes.net\/tesis\/wp-json\/wp\/v2\/types\/post"}],"author":[{"embeddable":true,"href":"https:\/\/www.deberes.net\/tesis\/wp-json\/wp\/v2\/users\/1"}],"replies":[{"embeddable":true,"href":"https:\/\/www.deberes.net\/tesis\/wp-json\/wp\/v2\/comments?post=41003"}],"version-history":[{"count":0,"href":"https:\/\/www.deberes.net\/tesis\/wp-json\/wp\/v2\/posts\/41003\/revisions"}],"wp:attachment":[{"href":"https:\/\/www.deberes.net\/tesis\/wp-json\/wp\/v2\/media?parent=41003"}],"wp:term":[{"taxonomy":"category","embeddable":true,"href":"https:\/\/www.deberes.net\/tesis\/wp-json\/wp\/v2\/categories?post=41003"},{"taxonomy":"post_tag","embeddable":true,"href":"https:\/\/www.deberes.net\/tesis\/wp-json\/wp\/v2\/tags?post=41003"}],"curies":[{"name":"wp","href":"https:\/\/api.w.org\/{rel}","templated":true}]}}