{"id":41005,"date":"1999-01-01T00:00:00","date_gmt":"1999-01-01T00:00:00","guid":{"rendered":"https:\/\/www.deberes.net\/tesis\/sin-categoria\/variables-familiares-y-formacion-en-valores\/"},"modified":"1999-01-01T00:00:00","modified_gmt":"1999-01-01T00:00:00","slug":"variables-familiares-y-formacion-en-valores","status":"publish","type":"post","link":"https:\/\/www.deberes.net\/tesis\/psicologia\/variables-familiares-y-formacion-en-valores\/","title":{"rendered":"Variables familiares y formacion en valores."},"content":{"rendered":"<h2>Tesis doctoral de <strong> Paula Samper Garcia <\/strong><\/h2>\n<p>El objetivo fundamental del presente trabajo es evaluar la relaci\u00f3n entre el clima familiar y las relaciones padres-hijos y la internalizaci\u00f3n de valores y el desarrollo del autoconcepto y observar su estabilidad o inestabilidad al cabo de un a\u00f1o. Se trata de un dise\u00f1o longitudinal o de medici\u00f3n repetida. Se han utilizado como variables dependientes, las puntuaciones en cada uno de los constructos evaluados y como factores, las variables personales,familiares y escolares analizadas. La muestra la componen 333 adolescentes (varones y mujeres) pertenecientes a centros p\u00fablicos y privados, escolarizados en bup y cou. A todos ellos se les aplic\u00f3 la escala de valores de rokeach, la escala de clima social en la familia (fes) de moos, el tennessee selfcongst scole de fitts y el crpbi de schaefer. Los resultados indican que es un ambiente familiar de cohesi\u00f3n, apoyo, organizaci\u00f3n y baja conflictividad junto a unas relaciones en las que interviene el afecto y el amor con cierto grado de control, el que favorece en mayor medida la internalizaci\u00f3n de valores y el desarrollo del autoconcepto.<\/p>\n<p>&nbsp;<\/p>\n<h3>Datos acad\u00e9micos de la tesis doctoral \u00ab<strong>Variables familiares y formacion en valores.<\/strong>\u00ab<\/h3>\n<ul>\n<li><strong>T\u00edtulo de la tesis:<\/strong>\u00a0 Variables familiares y formacion en valores. <\/li>\n<li><strong>Autor:<\/strong>\u00a0 Paula Samper Garcia <\/li>\n<li><strong>Universidad:<\/strong>\u00a0 Universitat de val\u00e9ncia (estudi general)<\/li>\n<li><strong>Fecha de lectura de la tesis:<\/strong>\u00a0 01\/01\/1999<\/li>\n<\/ul>\n<p>&nbsp;<\/p>\n<h3>Direcci\u00f3n y tribunal<\/h3>\n<ul>\n<li><strong>Director de la tesis<\/strong>\n<ul>\n<li>Vicenta Mestre Escriv\u00e1<\/li>\n<\/ul>\n<\/li>\n<li><strong>Tribunal<\/strong>\n<ul>\n<li>Presidente del tribunal: esteban P\u00e9rez delgado <\/li>\n<li>rosa Sos pe\u00f1a (vocal)<\/li>\n<li>Mar\u00eda  victoria Del barrio g\u00e1ndara (vocal)<\/li>\n<li>Javier Molto brotons (vocal)<\/li>\n<\/ul>\n<\/li>\n<\/ul>\n<p>&nbsp;<\/p>\n","protected":false},"excerpt":{"rendered":"<p>Tesis doctoral de Paula Samper Garcia El objetivo fundamental del presente trabajo es evaluar la relaci\u00f3n entre el clima familiar [&hellip;]<\/p>\n","protected":false},"author":1,"featured_media":0,"comment_status":"open","ping_status":"open","sticky":false,"template":"","format":"standard","meta":{"site-sidebar-layout":"default","site-content-layout":"","ast-site-content-layout":"","site-content-style":"default","site-sidebar-style":"default","ast-global-header-display":"","ast-banner-title-visibility":"","ast-main-header-display":"","ast-hfb-above-header-display":"","ast-hfb-below-header-display":"","ast-hfb-mobile-header-display":"","site-post-title":"","ast-breadcrumbs-content":"","ast-featured-img":"","footer-sml-layout":"","theme-transparent-header-meta":"","adv-header-id-meta":"","stick-header-meta":"","header-above-stick-meta":"","header-main-stick-meta":"","header-below-stick-meta":"","astra-migrate-meta-layouts":"default","ast-page-background-enabled":"default","ast-page-background-meta":{"desktop":{"background-color":"var(--ast-global-color-4)","background-image":"","background-repeat":"repeat","background-position":"center center","background-size":"auto","background-attachment":"scroll","background-type":"","background-media":"","overlay-type":"","overlay-color":"","overlay-gradient":""},"tablet":{"background-color":"","background-image":"","background-repeat":"repeat","background-position":"center center","background-size":"auto","background-attachment":"scroll","background-type":"","background-media":"","overlay-type":"","overlay-color":"","overlay-gradient":""},"mobile":{"background-color":"","background-image":"","background-repeat":"repeat","background-position":"center center","background-size":"auto","background-attachment":"scroll","background-type":"","background-media":"","overlay-type":"","overlay-color":"","overlay-gradient":""}},"ast-content-background-meta":{"desktop":{"background-color":"var(--ast-global-color-5)","background-image":"","background-repeat":"repeat","background-position":"center center","background-size":"auto","background-attachment":"scroll","background-type":"","background-media":"","overlay-type":"","overlay-color":"","overlay-gradient":""},"tablet":{"background-color":"var(--ast-global-color-5)","background-image":"","background-repeat":"repeat","background-position":"center center","background-size":"auto","background-attachment":"scroll","background-type":"","background-media":"","overlay-type":"","overlay-color":"","overlay-gradient":""},"mobile":{"background-color":"var(--ast-global-color-5)","background-image":"","background-repeat":"repeat","background-position":"center center","background-size":"auto","background-attachment":"scroll","background-type":"","background-media":"","overlay-type":"","overlay-color":"","overlay-gradient":""}},"footnotes":""},"categories":[17849,8646,8647,324,970],"tags":[12040,32719,11445,104198,94985,41571],"class_list":["post-41005","post","type-post","status-publish","format-standard","hentry","category-codigos-de-valores","category-etica","category-etica-de-individuos","category-psicologia","category-psicologia-del-nino-y-del-adolescente","tag-esteban-perez-delgado","tag-javier-molto-brotons","tag-maria-victoria-del-barrio-gandara","tag-paula-samper-garcia","tag-rosa-sos-pena","tag-vicenta-mestre-escriva"],"_links":{"self":[{"href":"https:\/\/www.deberes.net\/tesis\/wp-json\/wp\/v2\/posts\/41005","targetHints":{"allow":["GET"]}}],"collection":[{"href":"https:\/\/www.deberes.net\/tesis\/wp-json\/wp\/v2\/posts"}],"about":[{"href":"https:\/\/www.deberes.net\/tesis\/wp-json\/wp\/v2\/types\/post"}],"author":[{"embeddable":true,"href":"https:\/\/www.deberes.net\/tesis\/wp-json\/wp\/v2\/users\/1"}],"replies":[{"embeddable":true,"href":"https:\/\/www.deberes.net\/tesis\/wp-json\/wp\/v2\/comments?post=41005"}],"version-history":[{"count":0,"href":"https:\/\/www.deberes.net\/tesis\/wp-json\/wp\/v2\/posts\/41005\/revisions"}],"wp:attachment":[{"href":"https:\/\/www.deberes.net\/tesis\/wp-json\/wp\/v2\/media?parent=41005"}],"wp:term":[{"taxonomy":"category","embeddable":true,"href":"https:\/\/www.deberes.net\/tesis\/wp-json\/wp\/v2\/categories?post=41005"},{"taxonomy":"post_tag","embeddable":true,"href":"https:\/\/www.deberes.net\/tesis\/wp-json\/wp\/v2\/tags?post=41005"}],"curies":[{"name":"wp","href":"https:\/\/api.w.org\/{rel}","templated":true}]}}