{"id":41013,"date":"1999-01-01T00:00:00","date_gmt":"1999-01-01T00:00:00","guid":{"rendered":"https:\/\/www.deberes.net\/tesis\/sin-categoria\/el-asociacionismo-empresarial-como-factor-de-modernizacion-el-caso-valenciano-1977-1997\/"},"modified":"1999-01-01T00:00:00","modified_gmt":"1999-01-01T00:00:00","slug":"el-asociacionismo-empresarial-como-factor-de-modernizacion-el-caso-valenciano-1977-1997","status":"publish","type":"post","link":"https:\/\/www.deberes.net\/tesis\/ciencias-economicas\/el-asociacionismo-empresarial-como-factor-de-modernizacion-el-caso-valenciano-1977-1997\/","title":{"rendered":"El asociacionismo empresarial como factor de modernizacion. el caso Valenciano (1977-1997)."},"content":{"rendered":"<h2>Tesis doctoral de <strong> Pedro Jose Beneyto Calatayud <\/strong><\/h2>\n<p>La investigaci\u00f3n que se presenta tiene por objeto analizar la l\u00f3gica de acci\u00f3n colectiva de los empresarios (c\u00f3mo y por qu\u00e9 se asocian) as\u00ed como los procesos de definici\u00f3n e intermediaci\u00f3n de intereses corporativos (c\u00f3mo funcionan y qu\u00e9 hacen sus organizaciones) y su intervenci\u00f3n como factor de modernizaci\u00f3n de la sociedad espa\u00f1ola y Valenciana durante el per\u00edodo 1977-1997.  el estudio se enmarca, de forma gen\u00e9rica, en el paradigma neo-corporatista, en su doble dimensi\u00f3n de an\u00e1lisis sistem\u00e1tico de las organizaciones y los procesos de concertaci\u00f3n de intereses socioecon\u00f3micos, habiendo incorporado asimismo otros referentes epistemol\u00f3gicos y procedimentales (an\u00e1lisis organizativo e institucional, aproximaci\u00f3n estructural-morfol\u00f3gica e hist\u00f3rico-gen\u00e9tica).  en cuanto a la metodolog\u00eda, la investigaci\u00f3n realizada incluye  desde la explotaci\u00f3n de las fuentes secundarias disponibles para la reconstrucci\u00f3n y an\u00e1lisis de la trayectoria socio-hist\u00f3rica del asociacionismo empresarial, hasta la utilizaci\u00f3n triangular de las cl\u00e1sicas t\u00e9cnicas de investigaci\u00f3n emp\u00edrica (estudio de caso, entrevistas semi-estructuradas con interlocutores clave y encuesta), as\u00ed como de otras m\u00e1s sofisticadas y de expansi\u00f3n reciente (an\u00e1lisis factorial del discurso spad. T), lo que ha permitido una aproximaci\u00f3n plural a la estructura y funci\u00f3n del sistema asociativo de los empresarios Valencianos y su participaci\u00f3n en el proceso de modernizaci\u00f3n desarrollado durante las dos \u00faltimas d\u00e9cadas.<\/p>\n<p>&nbsp;<\/p>\n<h3>Datos acad\u00e9micos de la tesis doctoral \u00ab<strong>El asociacionismo empresarial como factor de modernizacion. el caso Valenciano (1977-1997).<\/strong>\u00ab<\/h3>\n<ul>\n<li><strong>T\u00edtulo de la tesis:<\/strong>\u00a0 El asociacionismo empresarial como factor de modernizacion. el caso Valenciano (1977-1997). <\/li>\n<li><strong>Autor:<\/strong>\u00a0 Pedro Jose Beneyto Calatayud <\/li>\n<li><strong>Universidad:<\/strong>\u00a0 Universitat de val\u00e9ncia (estudi general)<\/li>\n<li><strong>Fecha de lectura de la tesis:<\/strong>\u00a0 01\/01\/1999<\/li>\n<\/ul>\n<p>&nbsp;<\/p>\n<h3>Direcci\u00f3n y tribunal<\/h3>\n<ul>\n<li><strong>Director de la tesis<\/strong>\n<ul>\n<li>Manuel Garc\u00eda Ferrando<\/li>\n<\/ul>\n<\/li>\n<li><strong>Tribunal<\/strong>\n<ul>\n<li>Presidente del tribunal: rafael Pardo avellaneda <\/li>\n<li>Jos\u00e9 Antonio Garmendia Martinez (vocal)<\/li>\n<li>Manuel Perez yruela (vocal)<\/li>\n<li> Molins lopez-rodo joaquim m. (vocal)<\/li>\n<\/ul>\n<\/li>\n<\/ul>\n<p>&nbsp;<\/p>\n","protected":false},"excerpt":{"rendered":"<p>Tesis doctoral de Pedro Jose Beneyto Calatayud La investigaci\u00f3n que se presenta tiene por objeto analizar la l\u00f3gica de acci\u00f3n [&hellip;]<\/p>\n","protected":false},"author":1,"featured_media":0,"comment_status":"open","ping_status":"open","sticky":false,"template":"","format":"standard","meta":{"site-sidebar-layout":"default","site-content-layout":"","ast-site-content-layout":"","site-content-style":"default","site-sidebar-style":"default","ast-global-header-display":"","ast-banner-title-visibility":"","ast-main-header-display":"","ast-hfb-above-header-display":"","ast-hfb-below-header-display":"","ast-hfb-mobile-header-display":"","site-post-title":"","ast-breadcrumbs-content":"","ast-featured-img":"","footer-sml-layout":"","theme-transparent-header-meta":"","adv-header-id-meta":"","stick-header-meta":"","header-above-stick-meta":"","header-main-stick-meta":"","header-below-stick-meta":"","astra-migrate-meta-layouts":"default","ast-page-background-enabled":"default","ast-page-background-meta":{"desktop":{"background-color":"var(--ast-global-color-4)","background-image":"","background-repeat":"repeat","background-position":"center center","background-size":"auto","background-attachment":"scroll","background-type":"","background-media":"","overlay-type":"","overlay-color":"","overlay-gradient":""},"tablet":{"background-color":"","background-image":"","background-repeat":"repeat","background-position":"center center","background-size":"auto","background-attachment":"scroll","background-type":"","background-media":"","overlay-type":"","overlay-color":"","overlay-gradient":""},"mobile":{"background-color":"","background-image":"","background-repeat":"repeat","background-position":"center center","background-size":"auto","background-attachment":"scroll","background-type":"","background-media":"","overlay-type":"","overlay-color":"","overlay-gradient":""}},"ast-content-background-meta":{"desktop":{"background-color":"var(--ast-global-color-5)","background-image":"","background-repeat":"repeat","background-position":"center center","background-size":"auto","background-attachment":"scroll","background-type":"","background-media":"","overlay-type":"","overlay-color":"","overlay-gradient":""},"tablet":{"background-color":"var(--ast-global-color-5)","background-image":"","background-repeat":"repeat","background-position":"center center","background-size":"auto","background-attachment":"scroll","background-type":"","background-media":"","overlay-type":"","overlay-color":"","overlay-gradient":""},"mobile":{"background-color":"var(--ast-global-color-5)","background-image":"","background-repeat":"repeat","background-position":"center center","background-size":"auto","background-attachment":"scroll","background-type":"","background-media":"","overlay-type":"","overlay-color":"","overlay-gradient":""}},"footnotes":""},"categories":[82,2825,1302],"tags":[24449,5499,7693,96127,104207,17351],"class_list":["post-41013","post","type-post","status-publish","format-standard","hentry","category-ciencias-economicas","category-organizacion-industrial-y-sector-publico","category-organizacion-y-gestion-de-empresas","tag-jose-antonio-garmendia-Martinez","tag-manuel-garcia-ferrando","tag-manuel-perez-yruela","tag-molins-lopez-rodo-joaquim-m","tag-pedro-jose-beneyto-calatayud","tag-rafael-pardo-avellaneda"],"_links":{"self":[{"href":"https:\/\/www.deberes.net\/tesis\/wp-json\/wp\/v2\/posts\/41013","targetHints":{"allow":["GET"]}}],"collection":[{"href":"https:\/\/www.deberes.net\/tesis\/wp-json\/wp\/v2\/posts"}],"about":[{"href":"https:\/\/www.deberes.net\/tesis\/wp-json\/wp\/v2\/types\/post"}],"author":[{"embeddable":true,"href":"https:\/\/www.deberes.net\/tesis\/wp-json\/wp\/v2\/users\/1"}],"replies":[{"embeddable":true,"href":"https:\/\/www.deberes.net\/tesis\/wp-json\/wp\/v2\/comments?post=41013"}],"version-history":[{"count":0,"href":"https:\/\/www.deberes.net\/tesis\/wp-json\/wp\/v2\/posts\/41013\/revisions"}],"wp:attachment":[{"href":"https:\/\/www.deberes.net\/tesis\/wp-json\/wp\/v2\/media?parent=41013"}],"wp:term":[{"taxonomy":"category","embeddable":true,"href":"https:\/\/www.deberes.net\/tesis\/wp-json\/wp\/v2\/categories?post=41013"},{"taxonomy":"post_tag","embeddable":true,"href":"https:\/\/www.deberes.net\/tesis\/wp-json\/wp\/v2\/tags?post=41013"}],"curies":[{"name":"wp","href":"https:\/\/api.w.org\/{rel}","templated":true}]}}