{"id":41015,"date":"1999-01-01T00:00:00","date_gmt":"1999-01-01T00:00:00","guid":{"rendered":"https:\/\/www.deberes.net\/tesis\/sin-categoria\/analisis-factorial-aplicado-a-indicadores-socioculturales-de-la-comunidad-valenciana-estructura-tipologias-y-potencialidad-de-sus-municipios\/"},"modified":"1999-01-01T00:00:00","modified_gmt":"1999-01-01T00:00:00","slug":"analisis-factorial-aplicado-a-indicadores-socioculturales-de-la-comunidad-valenciana-estructura-tipologias-y-potencialidad-de-sus-municipios","status":"publish","type":"post","link":"https:\/\/www.deberes.net\/tesis\/ciencias-economicas\/analisis-factorial-aplicado-a-indicadores-socioculturales-de-la-comunidad-valenciana-estructura-tipologias-y-potencialidad-de-sus-municipios\/","title":{"rendered":"Analisis factorial aplicado a indicadores socioculturales de la comunidad Valenciana: estructura, tipolog\u00edas y potencialidad de sus municipios."},"content":{"rendered":"<h2>Tesis doctoral de <strong> Salvador Carrasco Arroyo <\/strong><\/h2>\n<p>Esta tesis pretende aproximarse a la realidad cultural de los municipios de la comunidad Valenciana utilizando la t\u00e9cnica multivariante del an\u00e1lisis de componentes principales. Tras introducir el marco te\u00f3rico en el que se desenvuelve el sector y realizar una reflexi\u00f3n sobre los indicadores culturales, se analizan 110 municipios de la comunidad a trav\u00e9s de los cinco factores hallados: potencial de demanda cultural, capacidad de oferta en servicios tur\u00edsticos, oferta de equipamientos culturales, distancia y por \u00faltimo, tradici\u00f3n musical en bandas. Finalmente se realiza un an\u00e1lisis regional para cada una de las provincias buscando comportamientos diferenciadores en los sistemas culturales locales que signifiquen una distinci\u00f3n entre los modelos culturales de Valencia, castell\u00f3n y alicante.<\/p>\n<p>&nbsp;<\/p>\n<h3>Datos acad\u00e9micos de la tesis doctoral \u00ab<strong>Analisis factorial aplicado a indicadores socioculturales de la comunidad Valenciana: estructura, tipolog\u00edas y potencialidad de sus municipios.<\/strong>\u00ab<\/h3>\n<ul>\n<li><strong>T\u00edtulo de la tesis:<\/strong>\u00a0 Analisis factorial aplicado a indicadores socioculturales de la comunidad Valenciana: estructura, tipolog\u00edas y potencialidad de sus municipios. <\/li>\n<li><strong>Autor:<\/strong>\u00a0 Salvador Carrasco Arroyo <\/li>\n<li><strong>Universidad:<\/strong>\u00a0 Universitat de val\u00e9ncia (estudi general)<\/li>\n<li><strong>Fecha de lectura de la tesis:<\/strong>\u00a0 01\/01\/1999<\/li>\n<\/ul>\n<p>&nbsp;<\/p>\n<h3>Direcci\u00f3n y tribunal<\/h3>\n<ul>\n<li><strong>Director de la tesis<\/strong>\n<ul>\n<li>Roberto Escuder Valles<\/li>\n<\/ul>\n<\/li>\n<li><strong>Tribunal<\/strong>\n<ul>\n<li>Presidente del tribunal: pilar Mart\u00edn guzm\u00e1n <\/li>\n<li>joan Baro llinas (vocal)<\/li>\n<li>Jes\u00fas Esteban Garc\u00eda (vocal)<\/li>\n<li> Montiel torres Ana m. (vocal)<\/li>\n<\/ul>\n<\/li>\n<\/ul>\n<p>&nbsp;<\/p>\n","protected":false},"excerpt":{"rendered":"<p>Tesis doctoral de Salvador Carrasco Arroyo Esta tesis pretende aproximarse a la realidad cultural de los municipios de la comunidad [&hellip;]<\/p>\n","protected":false},"author":1,"featured_media":0,"comment_status":"open","ping_status":"open","sticky":false,"template":"","format":"standard","meta":{"site-sidebar-layout":"default","site-content-layout":"","ast-site-content-layout":"","site-content-style":"default","site-sidebar-style":"default","ast-global-header-display":"","ast-banner-title-visibility":"","ast-main-header-display":"","ast-hfb-above-header-display":"","ast-hfb-below-header-display":"","ast-hfb-mobile-header-display":"","site-post-title":"","ast-breadcrumbs-content":"","ast-featured-img":"","footer-sml-layout":"","theme-transparent-header-meta":"","adv-header-id-meta":"","stick-header-meta":"","header-above-stick-meta":"","header-main-stick-meta":"","header-below-stick-meta":"","astra-migrate-meta-layouts":"default","ast-page-background-enabled":"default","ast-page-background-meta":{"desktop":{"background-color":"var(--ast-global-color-4)","background-image":"","background-repeat":"repeat","background-position":"center center","background-size":"auto","background-attachment":"scroll","background-type":"","background-media":"","overlay-type":"","overlay-color":"","overlay-gradient":""},"tablet":{"background-color":"","background-image":"","background-repeat":"repeat","background-position":"center center","background-size":"auto","background-attachment":"scroll","background-type":"","background-media":"","overlay-type":"","overlay-color":"","overlay-gradient":""},"mobile":{"background-color":"","background-image":"","background-repeat":"repeat","background-position":"center center","background-size":"auto","background-attachment":"scroll","background-type":"","background-media":"","overlay-type":"","overlay-color":"","overlay-gradient":""}},"ast-content-background-meta":{"desktop":{"background-color":"var(--ast-global-color-5)","background-image":"","background-repeat":"repeat","background-position":"center center","background-size":"auto","background-attachment":"scroll","background-type":"","background-media":"","overlay-type":"","overlay-color":"","overlay-gradient":""},"tablet":{"background-color":"var(--ast-global-color-5)","background-image":"","background-repeat":"repeat","background-position":"center center","background-size":"auto","background-attachment":"scroll","background-type":"","background-media":"","overlay-type":"","overlay-color":"","overlay-gradient":""},"mobile":{"background-color":"var(--ast-global-color-5)","background-image":"","background-repeat":"repeat","background-position":"center center","background-size":"auto","background-attachment":"scroll","background-type":"","background-media":"","overlay-type":"","overlay-color":"","overlay-gradient":""}},"footnotes":""},"categories":[82,974,17285,1068,2825],"tags":[12420,18858,95819,90036,1072,104209],"class_list":["post-41015","post","type-post","status-publish","format-standard","hentry","category-ciencias-economicas","category-econometria","category-empresas-de-servicios-publicos","category-estadistica-economica","category-organizacion-industrial-y-sector-publico","tag-jesus-esteban-garcia","tag-joan-baro-llinas","tag-montiel-torres-ana-m","tag-pilar-martin-guzman","tag-roberto-escuder-valles","tag-salvador-carrasco-arroyo"],"_links":{"self":[{"href":"https:\/\/www.deberes.net\/tesis\/wp-json\/wp\/v2\/posts\/41015","targetHints":{"allow":["GET"]}}],"collection":[{"href":"https:\/\/www.deberes.net\/tesis\/wp-json\/wp\/v2\/posts"}],"about":[{"href":"https:\/\/www.deberes.net\/tesis\/wp-json\/wp\/v2\/types\/post"}],"author":[{"embeddable":true,"href":"https:\/\/www.deberes.net\/tesis\/wp-json\/wp\/v2\/users\/1"}],"replies":[{"embeddable":true,"href":"https:\/\/www.deberes.net\/tesis\/wp-json\/wp\/v2\/comments?post=41015"}],"version-history":[{"count":0,"href":"https:\/\/www.deberes.net\/tesis\/wp-json\/wp\/v2\/posts\/41015\/revisions"}],"wp:attachment":[{"href":"https:\/\/www.deberes.net\/tesis\/wp-json\/wp\/v2\/media?parent=41015"}],"wp:term":[{"taxonomy":"category","embeddable":true,"href":"https:\/\/www.deberes.net\/tesis\/wp-json\/wp\/v2\/categories?post=41015"},{"taxonomy":"post_tag","embeddable":true,"href":"https:\/\/www.deberes.net\/tesis\/wp-json\/wp\/v2\/tags?post=41015"}],"curies":[{"name":"wp","href":"https:\/\/api.w.org\/{rel}","templated":true}]}}