{"id":41059,"date":"1999-01-01T00:00:00","date_gmt":"1999-01-01T00:00:00","guid":{"rendered":"https:\/\/www.deberes.net\/tesis\/sin-categoria\/las-actitudes-de-los-maestros-en-formacion-inicial-de-la-comunidad-valenciana-hacia-el-medio-ambiente\/"},"modified":"1999-01-01T00:00:00","modified_gmt":"1999-01-01T00:00:00","slug":"las-actitudes-de-los-maestros-en-formacion-inicial-de-la-comunidad-valenciana-hacia-el-medio-ambiente","status":"publish","type":"post","link":"https:\/\/www.deberes.net\/tesis\/formacion-y-empleo-de-profesores\/las-actitudes-de-los-maestros-en-formacion-inicial-de-la-comunidad-valenciana-hacia-el-medio-ambiente\/","title":{"rendered":"Las actitudes de los maestros en formacion inicial de la comunidad Valenciana hacia el medio ambiente."},"content":{"rendered":"<h2>Tesis doctoral de <strong> Mar\u00eda Pilar Mart\u00ednez Agut <\/strong><\/h2>\n<p>La investigaci\u00f3n presenta como finalidad, diagnosticar la formaci\u00f3n inicial de los maestros de la comunidad Valenciana, con referencia a la educaci\u00f3n ambiental, mediante la elaboraci\u00f3n de un instrumento de medida. Los objetivos planteados pretenden analizar la educaci\u00f3n ambiental en su desarrollo y su situaci\u00f3n actual, y como eje de la educaci\u00f3n en actitudes y valores y tema transversal que especifica la logse, profundizando en la formaci\u00f3n inicial de los maestros en este tema (recomendaciones de organismos internacionales y nacionales, planes de estudio de la comunidad Valenciana y materias directamente relacionadas con la educaci\u00f3n ambiental de car\u00e1cter minoritario y optativo &#8230;).  como aportaciones de la investigaci\u00f3n se destacan, la determinaci\u00f3n de la actitud hacia el medio ambiente o \u00abconciencia medioambiental\u00bb constitu\u00edda por diez aspectos o categor\u00edas a trav\u00e9s del cuestionario; la clasificaci\u00f3n de la muestra en ocho tipos o clusters, determinados por los diversos grados de \u00abintensidad\u00bb con la que mantienen la actitud hacia el medio ambiente; la verificaci\u00f3n de diferencias en la muestra de estudiantes seg\u00fan el centro universitario en el que cursan magisterio, el curso que realicen, las materias que han cursado y el g\u00e9nero; la reflexi\u00f3n sobre el importante papel de los futuros docentes hacia el cambio de actitudes, siendo necesario generalizar la preparaci\u00f3n para impartir la educaci\u00f3n ambiental en relaci\u00f3n con las otras materias transversales.<\/p>\n<p>&nbsp;<\/p>\n<h3>Datos acad\u00e9micos de la tesis doctoral \u00ab<strong>Las actitudes de los maestros en formacion inicial de la comunidad Valenciana hacia el medio ambiente.<\/strong>\u00ab<\/h3>\n<ul>\n<li><strong>T\u00edtulo de la tesis:<\/strong>\u00a0 Las actitudes de los maestros en formacion inicial de la comunidad Valenciana hacia el medio ambiente. <\/li>\n<li><strong>Autor:<\/strong>\u00a0 Mar\u00eda Pilar Mart\u00ednez Agut <\/li>\n<li><strong>Universidad:<\/strong>\u00a0 Universitat de val\u00e9ncia (estudi general)<\/li>\n<li><strong>Fecha de lectura de la tesis:<\/strong>\u00a0 01\/01\/1999<\/li>\n<\/ul>\n<p>&nbsp;<\/p>\n<h3>Direcci\u00f3n y tribunal<\/h3>\n<ul>\n<li><strong>Director de la tesis<\/strong>\n<ul>\n<li>Juan Esc\u00e1mez S\u00e1nchez<\/li>\n<\/ul>\n<\/li>\n<li><strong>Tribunal<\/strong>\n<ul>\n<li>Presidente del tribunal: pedro Ortega ruiz <\/li>\n<li>pilar Aznar minguet (vocal)<\/li>\n<li>Luis N\u00fa\u00f1ez cubero (vocal)<\/li>\n<li> Senent sanchez joan Mar\u00eda (vocal)<\/li>\n<\/ul>\n<\/li>\n<\/ul>\n<p>&nbsp;<\/p>\n","protected":false},"excerpt":{"rendered":"<p>Tesis doctoral de Mar\u00eda Pilar Mart\u00ednez Agut La investigaci\u00f3n presenta como finalidad, diagnosticar la formaci\u00f3n inicial de los maestros de [&hellip;]<\/p>\n","protected":false},"author":1,"featured_media":0,"comment_status":"open","ping_status":"open","sticky":false,"template":"","format":"standard","meta":{"site-sidebar-layout":"default","site-content-layout":"","ast-site-content-layout":"","site-content-style":"default","site-sidebar-style":"default","ast-global-header-display":"","ast-banner-title-visibility":"","ast-main-header-display":"","ast-hfb-above-header-display":"","ast-hfb-below-header-display":"","ast-hfb-mobile-header-display":"","site-post-title":"","ast-breadcrumbs-content":"","ast-featured-img":"","footer-sml-layout":"","theme-transparent-header-meta":"","adv-header-id-meta":"","stick-header-meta":"","header-above-stick-meta":"","header-main-stick-meta":"","header-below-stick-meta":"","astra-migrate-meta-layouts":"default","ast-page-background-enabled":"default","ast-page-background-meta":{"desktop":{"background-color":"var(--ast-global-color-4)","background-image":"","background-repeat":"repeat","background-position":"center center","background-size":"auto","background-attachment":"scroll","background-type":"","background-media":"","overlay-type":"","overlay-color":"","overlay-gradient":""},"tablet":{"background-color":"","background-image":"","background-repeat":"repeat","background-position":"center center","background-size":"auto","background-attachment":"scroll","background-type":"","background-media":"","overlay-type":"","overlay-color":"","overlay-gradient":""},"mobile":{"background-color":"","background-image":"","background-repeat":"repeat","background-position":"center center","background-size":"auto","background-attachment":"scroll","background-type":"","background-media":"","overlay-type":"","overlay-color":"","overlay-gradient":""}},"ast-content-background-meta":{"desktop":{"background-color":"var(--ast-global-color-5)","background-image":"","background-repeat":"repeat","background-position":"center center","background-size":"auto","background-attachment":"scroll","background-type":"","background-media":"","overlay-type":"","overlay-color":"","overlay-gradient":""},"tablet":{"background-color":"var(--ast-global-color-5)","background-image":"","background-repeat":"repeat","background-position":"center center","background-size":"auto","background-attachment":"scroll","background-type":"","background-media":"","overlay-type":"","overlay-color":"","overlay-gradient":""},"mobile":{"background-color":"var(--ast-global-color-5)","background-image":"","background-repeat":"repeat","background-position":"center center","background-size":"auto","background-attachment":"scroll","background-type":"","background-media":"","overlay-type":"","overlay-color":"","overlay-gradient":""}},"footnotes":""},"categories":[6020,1140,1141,1288,1341],"tags":[10327,11066,104289,8258,11650,43821],"class_list":["post-41059","post","type-post","status-publish","format-standard","hentry","category-evaluacion-de-alumnos","category-formacion-y-empleo-de-profesores","category-pedagogia","category-preparacion-de-profesores","category-teoria-y-metodos-educativos","tag-juan-escamez-sanchez","tag-luis-nunez-cubero","tag-maria-pilar-Martinez-agut","tag-pedro-ortega-ruiz","tag-pilar-aznar-minguet","tag-senent-sanchez-joan-maria"],"_links":{"self":[{"href":"https:\/\/www.deberes.net\/tesis\/wp-json\/wp\/v2\/posts\/41059","targetHints":{"allow":["GET"]}}],"collection":[{"href":"https:\/\/www.deberes.net\/tesis\/wp-json\/wp\/v2\/posts"}],"about":[{"href":"https:\/\/www.deberes.net\/tesis\/wp-json\/wp\/v2\/types\/post"}],"author":[{"embeddable":true,"href":"https:\/\/www.deberes.net\/tesis\/wp-json\/wp\/v2\/users\/1"}],"replies":[{"embeddable":true,"href":"https:\/\/www.deberes.net\/tesis\/wp-json\/wp\/v2\/comments?post=41059"}],"version-history":[{"count":0,"href":"https:\/\/www.deberes.net\/tesis\/wp-json\/wp\/v2\/posts\/41059\/revisions"}],"wp:attachment":[{"href":"https:\/\/www.deberes.net\/tesis\/wp-json\/wp\/v2\/media?parent=41059"}],"wp:term":[{"taxonomy":"category","embeddable":true,"href":"https:\/\/www.deberes.net\/tesis\/wp-json\/wp\/v2\/categories?post=41059"},{"taxonomy":"post_tag","embeddable":true,"href":"https:\/\/www.deberes.net\/tesis\/wp-json\/wp\/v2\/tags?post=41059"}],"curies":[{"name":"wp","href":"https:\/\/api.w.org\/{rel}","templated":true}]}}