{"id":41064,"date":"1999-01-01T00:00:00","date_gmt":"1999-01-01T00:00:00","guid":{"rendered":"https:\/\/www.deberes.net\/tesis\/sin-categoria\/la-escuela-de-artes-y-oficios-de-valencia-1849-1999\/"},"modified":"1999-01-01T00:00:00","modified_gmt":"1999-01-01T00:00:00","slug":"la-escuela-de-artes-y-oficios-de-valencia-1849-1999","status":"publish","type":"post","link":"https:\/\/www.deberes.net\/tesis\/historia\/la-escuela-de-artes-y-oficios-de-valencia-1849-1999\/","title":{"rendered":"La escuela de artes y oficios de Valencia: 1849-1999."},"content":{"rendered":"<h2>Tesis doctoral de <strong>  Soldevilla Lia\u00f1o M. Rosa <\/strong><\/h2>\n<p>El origen de la escuela tiene lugar en 1849, por decisi\u00f3n de los mercantilistas gobiernos de la \u00e9poca su dependencia hasta 1895 de la academia de bb.Ad de san carlos, hizo que fracasara el objetivo de su ense\u00f1anza, preparar profesionales para la incipiente industrializaci\u00f3n fracaso com\u00fan a la experiencia europea. Durante la ii rep\u00fablica la escuela inicia una trayectoria tambien com\u00fan a las escuelas europeas, que la vincula progresivamente a su entorno industrial, trayectoria que es abortada por la guerra civil. En los primeros a\u00f1os del franquismo, con el derrumbe industrial que supuso la guerra, se pierde el car\u00e1cter innovador el centro, volviendo a ser una escuela de dibujo. En la \u00e9poca del desarrollismo franquista, la ley de 1963, introduce las ense\u00f1anzas de dise\u00f1o en la escuela, desbordandose las expectativas en cuanto a su demanda. En esta \u00e9poca se incorpora un nuevo alumnado al centro que ya no utiliza estas ense\u00f1anzas como complementarias de las de bb.Ad, sino como ense\u00f1anza espec\u00edfica para acceder al mundo laboral. En la d\u00e9cada de los ochenta, se produce una renovaci\u00f3n interna de sus ense\u00f1anzas que las dirige, ya inequ\u00edvocamente, hacia la formaci\u00f3n del dise\u00f1ador.<\/p>\n<p>&nbsp;<\/p>\n<h3>Datos acad\u00e9micos de la tesis doctoral \u00ab<strong>La escuela de artes y oficios de Valencia: 1849-1999.<\/strong>\u00ab<\/h3>\n<ul>\n<li><strong>T\u00edtulo de la tesis:<\/strong>\u00a0 La escuela de artes y oficios de Valencia: 1849-1999. <\/li>\n<li><strong>Autor:<\/strong>\u00a0  Soldevilla Lia\u00f1o M. Rosa <\/li>\n<li><strong>Universidad:<\/strong>\u00a0 Universitat de val\u00e9ncia (estudi general)<\/li>\n<li><strong>Fecha de lectura de la tesis:<\/strong>\u00a0 01\/01\/1999<\/li>\n<\/ul>\n<p>&nbsp;<\/p>\n<h3>Direcci\u00f3n y tribunal<\/h3>\n<ul>\n<li><strong>Director de la tesis<\/strong>\n<ul>\n<li> Calle De La Calle Roman De La<\/li>\n<\/ul>\n<\/li>\n<li><strong>Tribunal<\/strong>\n<ul>\n<li>Presidente del tribunal: salvador Aldana fernandez <\/li>\n<li>trinidad Simo terol (vocal)<\/li>\n<li> Ara\u00f1o gisbert Juan  Carlos (vocal)<\/li>\n<li>leon Esteban mateo (vocal)<\/li>\n<\/ul>\n<\/li>\n<\/ul>\n<p>&nbsp;<\/p>\n","protected":false},"excerpt":{"rendered":"<p>Tesis doctoral de Soldevilla Lia\u00f1o M. Rosa El origen de la escuela tiene lugar en 1849, por decisi\u00f3n de los [&hellip;]<\/p>\n","protected":false},"author":1,"featured_media":0,"comment_status":"open","ping_status":"open","sticky":false,"template":"","format":"standard","meta":{"site-sidebar-layout":"default","site-content-layout":"","ast-site-content-layout":"","site-content-style":"default","site-sidebar-style":"default","ast-global-header-display":"","ast-banner-title-visibility":"","ast-main-header-display":"","ast-hfb-above-header-display":"","ast-hfb-below-header-display":"","ast-hfb-mobile-header-display":"","site-post-title":"","ast-breadcrumbs-content":"","ast-featured-img":"","footer-sml-layout":"","theme-transparent-header-meta":"","adv-header-id-meta":"","stick-header-meta":"","header-above-stick-meta":"","header-main-stick-meta":"","header-below-stick-meta":"","astra-migrate-meta-layouts":"default","ast-page-background-enabled":"default","ast-page-background-meta":{"desktop":{"background-color":"var(--ast-global-color-4)","background-image":"","background-repeat":"repeat","background-position":"center center","background-size":"auto","background-attachment":"scroll","background-type":"","background-media":"","overlay-type":"","overlay-color":"","overlay-gradient":""},"tablet":{"background-color":"","background-image":"","background-repeat":"repeat","background-position":"center center","background-size":"auto","background-attachment":"scroll","background-type":"","background-media":"","overlay-type":"","overlay-color":"","overlay-gradient":""},"mobile":{"background-color":"","background-image":"","background-repeat":"repeat","background-position":"center center","background-size":"auto","background-attachment":"scroll","background-type":"","background-media":"","overlay-type":"","overlay-color":"","overlay-gradient":""}},"ast-content-background-meta":{"desktop":{"background-color":"var(--ast-global-color-5)","background-image":"","background-repeat":"repeat","background-position":"center center","background-size":"auto","background-attachment":"scroll","background-type":"","background-media":"","overlay-type":"","overlay-color":"","overlay-gradient":""},"tablet":{"background-color":"var(--ast-global-color-5)","background-image":"","background-repeat":"repeat","background-position":"center center","background-size":"auto","background-attachment":"scroll","background-type":"","background-media":"","overlay-type":"","overlay-color":"","overlay-gradient":""},"mobile":{"background-color":"var(--ast-global-color-5)","background-image":"","background-repeat":"repeat","background-position":"center center","background-size":"auto","background-attachment":"scroll","background-type":"","background-media":"","overlay-type":"","overlay-color":"","overlay-gradient":""}},"footnotes":""},"categories":[7685,147,104,311,1014,222,1111],"tags":[4105,12046,10155,104295,104294,85891],"class_list":["post-41064","post","type-post","status-publish","format-standard","hentry","category-artes-decorativas","category-ciencias-de-las-artes-y-las-letras","category-historia","category-historia-de-la-educacion","category-historia-del-arte","category-historias-especializadas","category-teoria-analisis-y-critica-de-las-bellas-artes","tag-arano-gisbert-juan-carlos","tag-calle-de-la-calle-roman-de-la","tag-leon-esteban-mateo","tag-salvador-aldana-fernandez","tag-soldevilla-liano-m-rosa","tag-trinidad-simo-terol"],"_links":{"self":[{"href":"https:\/\/www.deberes.net\/tesis\/wp-json\/wp\/v2\/posts\/41064","targetHints":{"allow":["GET"]}}],"collection":[{"href":"https:\/\/www.deberes.net\/tesis\/wp-json\/wp\/v2\/posts"}],"about":[{"href":"https:\/\/www.deberes.net\/tesis\/wp-json\/wp\/v2\/types\/post"}],"author":[{"embeddable":true,"href":"https:\/\/www.deberes.net\/tesis\/wp-json\/wp\/v2\/users\/1"}],"replies":[{"embeddable":true,"href":"https:\/\/www.deberes.net\/tesis\/wp-json\/wp\/v2\/comments?post=41064"}],"version-history":[{"count":0,"href":"https:\/\/www.deberes.net\/tesis\/wp-json\/wp\/v2\/posts\/41064\/revisions"}],"wp:attachment":[{"href":"https:\/\/www.deberes.net\/tesis\/wp-json\/wp\/v2\/media?parent=41064"}],"wp:term":[{"taxonomy":"category","embeddable":true,"href":"https:\/\/www.deberes.net\/tesis\/wp-json\/wp\/v2\/categories?post=41064"},{"taxonomy":"post_tag","embeddable":true,"href":"https:\/\/www.deberes.net\/tesis\/wp-json\/wp\/v2\/tags?post=41064"}],"curies":[{"name":"wp","href":"https:\/\/api.w.org\/{rel}","templated":true}]}}