{"id":41068,"date":"1999-01-01T00:00:00","date_gmt":"1999-01-01T00:00:00","guid":{"rendered":"https:\/\/www.deberes.net\/tesis\/sin-categoria\/caracteristicas-psicosociales-del-voluntariado-de-accion-social\/"},"modified":"1999-01-01T00:00:00","modified_gmt":"1999-01-01T00:00:00","slug":"caracteristicas-psicosociales-del-voluntariado-de-accion-social","status":"publish","type":"post","link":"https:\/\/www.deberes.net\/tesis\/psicologia\/caracteristicas-psicosociales-del-voluntariado-de-accion-social\/","title":{"rendered":"Caracteristicas psicosociales del voluntariado de accion social."},"content":{"rendered":"<h2>Tesis doctoral de <strong> Gemma Benavides Gil <\/strong><\/h2>\n<p>El objetivo de esta investigaci\u00f3n ha sido el estudio de las caracter\u00edsticas psicosociales del voluntariado de acci\u00f3n social. la muestra ha estado formada por 231 voluntarios de las asociaciones que en 1997 constitu\u00edan la federaci\u00f3n Valenciana de entidades de voluntariado social. A todos ellos se les aplic\u00f3 una entrevista semiestructurada, el cuestionario big five (caprara, barbaranelli y borgogni, 1993), una escala de motivaci\u00f3n hacia el voluntariado y una escala de satisfacci\u00f3n.  los datos mostraron un predominio de mujeres, j\u00f3venes, solteras, estudiantes, con estudios universitarios y una profesi\u00f3n orientada a la ayuda a otros. La mayor\u00eda llevan a cabo actividades de acci\u00f3n directa con los beneficiarios, dedican 4-7 horas semanales y tienen una permanencia de 2-4 a\u00f1os. Sus caracter\u00edsticas de personalidad no son distintas a las de la poblaci\u00f3n general, aunque son ligeramente m\u00e1s afables, emp\u00e1ticos y cooperativos. La posibilidad de ayudar a otros, la obligaci\u00f3n moral de ayudar y la adquisici\u00f3n de nuevos aprendizajes fueron las principales razones por las que decidieron ser voluntarios. finalmente, en conjunto muestran una elevada satisfacci\u00f3n con su experiencia voluntaria.<\/p>\n<p>&nbsp;<\/p>\n<h3>Datos acad\u00e9micos de la tesis doctoral \u00ab<strong>Caracteristicas psicosociales del voluntariado de accion social.<\/strong>\u00ab<\/h3>\n<ul>\n<li><strong>T\u00edtulo de la tesis:<\/strong>\u00a0 Caracteristicas psicosociales del voluntariado de accion social. <\/li>\n<li><strong>Autor:<\/strong>\u00a0 Gemma Benavides Gil <\/li>\n<li><strong>Universidad:<\/strong>\u00a0 Universitat de val\u00e9ncia (estudi general)<\/li>\n<li><strong>Fecha de lectura de la tesis:<\/strong>\u00a0 01\/01\/1999<\/li>\n<\/ul>\n<p>&nbsp;<\/p>\n<h3>Direcci\u00f3n y tribunal<\/h3>\n<ul>\n<li><strong>Director de la tesis<\/strong>\n<ul>\n<li>Mar\u00eda  Del Remedio Gonz\u00e1lez Barron<\/li>\n<\/ul>\n<\/li>\n<li><strong>Tribunal<\/strong>\n<ul>\n<li>Presidente del tribunal: Jes\u00fas Rodriguez marin <\/li>\n<li>Mar\u00eda  victoria Del barrio g\u00e1ndara (vocal)<\/li>\n<li>agustin Domingo moratalla (vocal)<\/li>\n<li> Martorell pallas m. carmen (vocal)<\/li>\n<\/ul>\n<\/li>\n<\/ul>\n<p>&nbsp;<\/p>\n","protected":false},"excerpt":{"rendered":"<p>Tesis doctoral de Gemma Benavides Gil El objetivo de esta investigaci\u00f3n ha sido el estudio de las caracter\u00edsticas psicosociales del [&hellip;]<\/p>\n","protected":false},"author":1,"featured_media":0,"comment_status":"open","ping_status":"open","sticky":false,"template":"","format":"standard","meta":{"site-sidebar-layout":"default","site-content-layout":"","ast-site-content-layout":"","site-content-style":"default","site-sidebar-style":"default","ast-global-header-display":"","ast-banner-title-visibility":"","ast-main-header-display":"","ast-hfb-above-header-display":"","ast-hfb-below-header-display":"","ast-hfb-mobile-header-display":"","site-post-title":"","ast-breadcrumbs-content":"","ast-featured-img":"","footer-sml-layout":"","theme-transparent-header-meta":"","adv-header-id-meta":"","stick-header-meta":"","header-above-stick-meta":"","header-main-stick-meta":"","header-below-stick-meta":"","astra-migrate-meta-layouts":"default","ast-page-background-enabled":"default","ast-page-background-meta":{"desktop":{"background-color":"var(--ast-global-color-4)","background-image":"","background-repeat":"repeat","background-position":"center center","background-size":"auto","background-attachment":"scroll","background-type":"","background-media":"","overlay-type":"","overlay-color":"","overlay-gradient":""},"tablet":{"background-color":"","background-image":"","background-repeat":"repeat","background-position":"center center","background-size":"auto","background-attachment":"scroll","background-type":"","background-media":"","overlay-type":"","overlay-color":"","overlay-gradient":""},"mobile":{"background-color":"","background-image":"","background-repeat":"repeat","background-position":"center center","background-size":"auto","background-attachment":"scroll","background-type":"","background-media":"","overlay-type":"","overlay-color":"","overlay-gradient":""}},"ast-content-background-meta":{"desktop":{"background-color":"var(--ast-global-color-5)","background-image":"","background-repeat":"repeat","background-position":"center center","background-size":"auto","background-attachment":"scroll","background-type":"","background-media":"","overlay-type":"","overlay-color":"","overlay-gradient":""},"tablet":{"background-color":"var(--ast-global-color-5)","background-image":"","background-repeat":"repeat","background-position":"center center","background-size":"auto","background-attachment":"scroll","background-type":"","background-media":"","overlay-type":"","overlay-color":"","overlay-gradient":""},"mobile":{"background-color":"var(--ast-global-color-5)","background-image":"","background-repeat":"repeat","background-position":"center center","background-size":"auto","background-attachment":"scroll","background-type":"","background-media":"","overlay-type":"","overlay-color":"","overlay-gradient":""}},"footnotes":""},"categories":[6025,6893,6894,324],"tags":[35669,104300,11866,40514,11445,27256],"class_list":["post-41068","post","type-post","status-publish","format-standard","hentry","category-estudio-psicologico-de-cuestiones-sociales","category-medida-de-la-personalidad","category-personalidad","category-psicologia","tag-agustin-domingo-moratalla","tag-gemma-benavides-gil","tag-jesus-rodriguez-marin","tag-maria-del-remedio-gonzalez-barron","tag-maria-victoria-del-barrio-gandara","tag-martorell-pallas-m-carmen"],"_links":{"self":[{"href":"https:\/\/www.deberes.net\/tesis\/wp-json\/wp\/v2\/posts\/41068","targetHints":{"allow":["GET"]}}],"collection":[{"href":"https:\/\/www.deberes.net\/tesis\/wp-json\/wp\/v2\/posts"}],"about":[{"href":"https:\/\/www.deberes.net\/tesis\/wp-json\/wp\/v2\/types\/post"}],"author":[{"embeddable":true,"href":"https:\/\/www.deberes.net\/tesis\/wp-json\/wp\/v2\/users\/1"}],"replies":[{"embeddable":true,"href":"https:\/\/www.deberes.net\/tesis\/wp-json\/wp\/v2\/comments?post=41068"}],"version-history":[{"count":0,"href":"https:\/\/www.deberes.net\/tesis\/wp-json\/wp\/v2\/posts\/41068\/revisions"}],"wp:attachment":[{"href":"https:\/\/www.deberes.net\/tesis\/wp-json\/wp\/v2\/media?parent=41068"}],"wp:term":[{"taxonomy":"category","embeddable":true,"href":"https:\/\/www.deberes.net\/tesis\/wp-json\/wp\/v2\/categories?post=41068"},{"taxonomy":"post_tag","embeddable":true,"href":"https:\/\/www.deberes.net\/tesis\/wp-json\/wp\/v2\/tags?post=41068"}],"curies":[{"name":"wp","href":"https:\/\/api.w.org\/{rel}","templated":true}]}}