{"id":41072,"date":"1999-01-01T00:00:00","date_gmt":"1999-01-01T00:00:00","guid":{"rendered":"https:\/\/www.deberes.net\/tesis\/sin-categoria\/evaluacion-de-la-discriminacion-auditiva-y-fonologica-elaboracion-de-un-instrumento-de-medida\/"},"modified":"1999-01-01T00:00:00","modified_gmt":"1999-01-01T00:00:00","slug":"evaluacion-de-la-discriminacion-auditiva-y-fonologica-elaboracion-de-un-instrumento-de-medida","status":"publish","type":"post","link":"https:\/\/www.deberes.net\/tesis\/linguistica\/evaluacion-de-la-discriminacion-auditiva-y-fonologica-elaboracion-de-un-instrumento-de-medida\/","title":{"rendered":"Evaluacion de la discriminacion auditiva y fonologica : elaboracion de un instrumento de medida."},"content":{"rendered":"<h2>Tesis doctoral de <strong> Antonio  Manuel Ferrer Manchon <\/strong><\/h2>\n<p>El trabajo desarrollado aporta la elaboraci\u00f3n de un instrumento de medida que tiene como objetivo constituir una prueba de detecci\u00f3n sobre la capacidad de discriminaci\u00f3n auditiva en ni\u00f1os\/as de edades comprendidas entre los tres y siete a\u00f1os. La prueba se compone de cinco escalas: discriminaci\u00f3n de sonidos del medio, discriminaci\u00f3n figura-fondo auditiva, discriminaci\u00f3n fonol\u00f3gica en palabras, discriminaci\u00f3n fonol\u00f3gica en logotomas y memoria secuencial auditiva. a trav\u00e9s de un grupo de 312 ni\u00f1os ni\u00f1as se procedi\u00f3 a la tipificaci\u00f3n de la prueba, as\u00ed como a comprobar su fiabilidad y validez. El apartado de validez fue abordado desde una triple perspectiva, aportando datos sobre la validez de constructo, concurrente y divergente, y diagn\u00f3stica a partir de su aplicaci\u00f3n a grupos criteriales. En \u00faltimo t\u00e9rmino, se realiza una aproximaci\u00f3n evolutiva al desarrollo que los ni\u00f1os muestran en sus habilidades de discriminaci\u00f3n auditiva y fonol\u00f3gica.<\/p>\n<p>&nbsp;<\/p>\n<h3>Datos acad\u00e9micos de la tesis doctoral \u00ab<strong>Evaluacion de la discriminacion auditiva y fonologica : elaboracion de un instrumento de medida.<\/strong>\u00ab<\/h3>\n<ul>\n<li><strong>T\u00edtulo de la tesis:<\/strong>\u00a0 Evaluacion de la discriminacion auditiva y fonologica : elaboracion de un instrumento de medida. <\/li>\n<li><strong>Autor:<\/strong>\u00a0 Antonio  Manuel Ferrer Manchon <\/li>\n<li><strong>Universidad:<\/strong>\u00a0 Universitat de val\u00e9ncia (estudi general)<\/li>\n<li><strong>Fecha de lectura de la tesis:<\/strong>\u00a0 01\/01\/1999<\/li>\n<\/ul>\n<p>&nbsp;<\/p>\n<h3>Direcci\u00f3n y tribunal<\/h3>\n<ul>\n<li><strong>Director de la tesis<\/strong>\n<ul>\n<li>Francisco Alcantud Marin<\/li>\n<\/ul>\n<\/li>\n<li><strong>Tribunal<\/strong>\n<ul>\n<li>Presidente del tribunal: Francisco Rivas mart\u00ednez <\/li>\n<li> Clemente estevan rosa Ana (vocal)<\/li>\n<li>Mar\u00eda  carmen Triado tur (vocal)<\/li>\n<li>Jes\u00fas Beltran llera (vocal)<\/li>\n<\/ul>\n<\/li>\n<\/ul>\n<p>&nbsp;<\/p>\n","protected":false},"excerpt":{"rendered":"<p>Tesis doctoral de Antonio Manuel Ferrer Manchon El trabajo desarrollado aporta la elaboraci\u00f3n de un instrumento de medida que tiene [&hellip;]<\/p>\n","protected":false},"author":1,"featured_media":0,"comment_status":"open","ping_status":"open","sticky":false,"template":"","format":"standard","meta":{"site-sidebar-layout":"default","site-content-layout":"","ast-site-content-layout":"","site-content-style":"default","site-sidebar-style":"default","ast-global-header-display":"","ast-banner-title-visibility":"","ast-main-header-display":"","ast-hfb-above-header-display":"","ast-hfb-below-header-display":"","ast-hfb-mobile-header-display":"","site-post-title":"","ast-breadcrumbs-content":"","ast-featured-img":"","footer-sml-layout":"","theme-transparent-header-meta":"","adv-header-id-meta":"","stick-header-meta":"","header-above-stick-meta":"","header-main-stick-meta":"","header-below-stick-meta":"","astra-migrate-meta-layouts":"default","ast-page-background-enabled":"default","ast-page-background-meta":{"desktop":{"background-color":"var(--ast-global-color-4)","background-image":"","background-repeat":"repeat","background-position":"center center","background-size":"auto","background-attachment":"scroll","background-type":"","background-media":"","overlay-type":"","overlay-color":"","overlay-gradient":""},"tablet":{"background-color":"","background-image":"","background-repeat":"repeat","background-position":"center center","background-size":"auto","background-attachment":"scroll","background-type":"","background-media":"","overlay-type":"","overlay-color":"","overlay-gradient":""},"mobile":{"background-color":"","background-image":"","background-repeat":"repeat","background-position":"center center","background-size":"auto","background-attachment":"scroll","background-type":"","background-media":"","overlay-type":"","overlay-color":"","overlay-gradient":""}},"ast-content-background-meta":{"desktop":{"background-color":"var(--ast-global-color-5)","background-image":"","background-repeat":"repeat","background-position":"center center","background-size":"auto","background-attachment":"scroll","background-type":"","background-media":"","overlay-type":"","overlay-color":"","overlay-gradient":""},"tablet":{"background-color":"var(--ast-global-color-5)","background-image":"","background-repeat":"repeat","background-position":"center center","background-size":"auto","background-attachment":"scroll","background-type":"","background-media":"","overlay-type":"","overlay-color":"","overlay-gradient":""},"mobile":{"background-color":"var(--ast-global-color-5)","background-image":"","background-repeat":"repeat","background-position":"center center","background-size":"auto","background-attachment":"scroll","background-type":"","background-media":"","overlay-type":"","overlay-color":"","overlay-gradient":""}},"footnotes":""},"categories":[1175,59,60,14221,21799,324,970,2758,4128],"tags":[104307,14819,12134,4267,5136,14225],"class_list":["post-41072","post","type-post","status-publish","format-standard","hentry","category-evaluacion-y-diagnostico-en-psicologia","category-linguistica","category-linguistica-aplicada","category-patologia-del-lenguaje","category-patologia-y-correccion-del-lenguaje","category-psicologia","category-psicologia-del-nino-y-del-adolescente","category-psicologia-evolutiva","category-validacion-del-test","tag-antonio-manuel-ferrer-manchon","tag-clemente-estevan-rosa-ana","tag-francisco-alcantud-marin","tag-francisco-rivas-Martinez","tag-jesus-beltran-llera","tag-maria-carmen-triado-tur"],"_links":{"self":[{"href":"https:\/\/www.deberes.net\/tesis\/wp-json\/wp\/v2\/posts\/41072","targetHints":{"allow":["GET"]}}],"collection":[{"href":"https:\/\/www.deberes.net\/tesis\/wp-json\/wp\/v2\/posts"}],"about":[{"href":"https:\/\/www.deberes.net\/tesis\/wp-json\/wp\/v2\/types\/post"}],"author":[{"embeddable":true,"href":"https:\/\/www.deberes.net\/tesis\/wp-json\/wp\/v2\/users\/1"}],"replies":[{"embeddable":true,"href":"https:\/\/www.deberes.net\/tesis\/wp-json\/wp\/v2\/comments?post=41072"}],"version-history":[{"count":0,"href":"https:\/\/www.deberes.net\/tesis\/wp-json\/wp\/v2\/posts\/41072\/revisions"}],"wp:attachment":[{"href":"https:\/\/www.deberes.net\/tesis\/wp-json\/wp\/v2\/media?parent=41072"}],"wp:term":[{"taxonomy":"category","embeddable":true,"href":"https:\/\/www.deberes.net\/tesis\/wp-json\/wp\/v2\/categories?post=41072"},{"taxonomy":"post_tag","embeddable":true,"href":"https:\/\/www.deberes.net\/tesis\/wp-json\/wp\/v2\/tags?post=41072"}],"curies":[{"name":"wp","href":"https:\/\/api.w.org\/{rel}","templated":true}]}}