{"id":41073,"date":"1999-01-01T00:00:00","date_gmt":"1999-01-01T00:00:00","guid":{"rendered":"https:\/\/www.deberes.net\/tesis\/sin-categoria\/el-bilinguismo-en-la-ensenanza-en-la-comunidad-valenciana\/"},"modified":"1999-01-01T00:00:00","modified_gmt":"1999-01-01T00:00:00","slug":"el-bilinguismo-en-la-ensenanza-en-la-comunidad-valenciana","status":"publish","type":"post","link":"https:\/\/www.deberes.net\/tesis\/linguistica\/el-bilinguismo-en-la-ensenanza-en-la-comunidad-valenciana\/","title":{"rendered":"El bilinguismo en la ense\u00f1anza en la comunidad Valenciana."},"content":{"rendered":"<h2>Tesis doctoral de <strong> Adoracion Ferreres Traver <\/strong><\/h2>\n<p>La comunidad Valenciana se caracteriza por ser una comunidad bilingue donde conviven sujetos que hablan Valenciano y castellano, y existe la posibilidad de cursar toda la ense\u00f1anza obligatoria en ambas lenguas. estas peculiaridades generan una serie de cuestiones en la medici\u00f3n y evaluaci\u00f3n de las aptitudes intelectuales de los escolares en la comunidad Valenciana, que generalmente se realiza utilizando pruebas elaboradas en castellano:  los\/as ni\u00f1os\/as cuya lengua familiar y de escolarizaci\u00f3n es el Valenciano tienen ciertos \u00abhandicaps\u00bb cuando se enfrentan a tests de aptitudes elaborados en castellano y\/o cuando se les compara con ni\u00f1os\/as cuya lengua familiar y escolar es el castellano?  tienen ese handicap y dificultad a\u00f1adida los ni\u00f1os\/as cuya lengua familiar es el Valenciano pero su lengua escolar es el castellano?  la existencia de ese handicap depende de los a\u00f1os de escolarizaci\u00f3n en una lengua determinada?  con el fin de clarificar esta problem\u00e1tica, el objetivo de este proyecto es estudiar si los items de un test desarrollado en castellano, frecuentemente utilizado en la evaluaci\u00f3n psicot\u00e9cnica de las aptitudes intelectuales, favorecen a los miembros de un determinado grupo lingu\u00edstico sobre otros, igualmente capaces, pero con otras caracter\u00edsticas lingu\u00edsticas. Los resultados de este proyecto contribuir\u00e1n, en su caso, a introducir mejoras que nos garanticen que ciertos grupos no est\u00e1n discriminados frente a otros en el \u00e1mbito de la evaluaci\u00f3n de las aptitudes intelectuales, mitigando de esta forma las posibles consecuencias sociales y educativas que pueden derivarse del uso de pruebas psicol\u00f3gicas que presentan problemas de sesgo.<\/p>\n<p>&nbsp;<\/p>\n<h3>Datos acad\u00e9micos de la tesis doctoral \u00ab<strong>El bilinguismo en la ense\u00f1anza en la comunidad Valenciana.<\/strong>\u00ab<\/h3>\n<ul>\n<li><strong>T\u00edtulo de la tesis:<\/strong>\u00a0 El bilinguismo en la ense\u00f1anza en la comunidad Valenciana. <\/li>\n<li><strong>Autor:<\/strong>\u00a0 Adoracion Ferreres Traver <\/li>\n<li><strong>Universidad:<\/strong>\u00a0 Universitat de val\u00e9ncia (estudi general)<\/li>\n<li><strong>Fecha de lectura de la tesis:<\/strong>\u00a0 01\/01\/1999<\/li>\n<\/ul>\n<p>&nbsp;<\/p>\n<h3>Direcci\u00f3n y tribunal<\/h3>\n<ul>\n<li><strong>Director de la tesis<\/strong>\n<ul>\n<li>Vicente Gonz\u00e1lez  Rom\u00e1<\/li>\n<\/ul>\n<\/li>\n<li><strong>Tribunal<\/strong>\n<ul>\n<li>Presidente del tribunal:  Chorro gasco Juan  Luis <\/li>\n<li>Mar\u00eda Forns santacana (vocal)<\/li>\n<li> Navas aras m. Jos\u00e9 (vocal)<\/li>\n<li>Jos\u00e9 Mu\u00f1iz fernandez (vocal)<\/li>\n<\/ul>\n<\/li>\n<\/ul>\n<p>&nbsp;<\/p>\n","protected":false},"excerpt":{"rendered":"<p>Tesis doctoral de Adoracion Ferreres Traver La comunidad Valenciana se caracteriza por ser una comunidad bilingue donde conviven sujetos que [&hellip;]<\/p>\n","protected":false},"author":1,"featured_media":0,"comment_status":"open","ping_status":"open","sticky":false,"template":"","format":"standard","meta":{"site-sidebar-layout":"default","site-content-layout":"","ast-site-content-layout":"","site-content-style":"default","site-sidebar-style":"default","ast-global-header-display":"","ast-banner-title-visibility":"","ast-main-header-display":"","ast-hfb-above-header-display":"","ast-hfb-below-header-display":"","ast-hfb-mobile-header-display":"","site-post-title":"","ast-breadcrumbs-content":"","ast-featured-img":"","footer-sml-layout":"","theme-transparent-header-meta":"","adv-header-id-meta":"","stick-header-meta":"","header-above-stick-meta":"","header-main-stick-meta":"","header-below-stick-meta":"","astra-migrate-meta-layouts":"default","ast-page-background-enabled":"default","ast-page-background-meta":{"desktop":{"background-color":"var(--ast-global-color-4)","background-image":"","background-repeat":"repeat","background-position":"center center","background-size":"auto","background-attachment":"scroll","background-type":"","background-media":"","overlay-type":"","overlay-color":"","overlay-gradient":""},"tablet":{"background-color":"","background-image":"","background-repeat":"repeat","background-position":"center center","background-size":"auto","background-attachment":"scroll","background-type":"","background-media":"","overlay-type":"","overlay-color":"","overlay-gradient":""},"mobile":{"background-color":"","background-image":"","background-repeat":"repeat","background-position":"center center","background-size":"auto","background-attachment":"scroll","background-type":"","background-media":"","overlay-type":"","overlay-color":"","overlay-gradient":""}},"ast-content-background-meta":{"desktop":{"background-color":"var(--ast-global-color-5)","background-image":"","background-repeat":"repeat","background-position":"center center","background-size":"auto","background-attachment":"scroll","background-type":"","background-media":"","overlay-type":"","overlay-color":"","overlay-gradient":""},"tablet":{"background-color":"var(--ast-global-color-5)","background-image":"","background-repeat":"repeat","background-position":"center center","background-size":"auto","background-attachment":"scroll","background-type":"","background-media":"","overlay-type":"","overlay-color":"","overlay-gradient":""},"mobile":{"background-color":"var(--ast-global-color-5)","background-image":"","background-repeat":"repeat","background-position":"center center","background-size":"auto","background-attachment":"scroll","background-type":"","background-media":"","overlay-type":"","overlay-color":"","overlay-gradient":""}},"footnotes":""},"categories":[12373,6025,1175,6024,59,60,324,1174],"tags":[104308,11896,2997,22257,104309,11867],"class_list":["post-41073","post","type-post","status-publish","format-standard","hentry","category-bilinguismo","category-estudio-psicologico-de-cuestiones-sociales","category-evaluacion-y-diagnostico-en-psicologia","category-fenomenos-de-grupos-minoritarios","category-linguistica","category-linguistica-aplicada","category-psicologia","category-psicologia-diferencial","tag-adoracion-ferreres-traver","tag-chorro-gasco-juan-luis","tag-jose-muniz-fernandez","tag-maria-forns-santacana","tag-navas-aras-m-jose","tag-vicente-gonzalez-roma"],"_links":{"self":[{"href":"https:\/\/www.deberes.net\/tesis\/wp-json\/wp\/v2\/posts\/41073","targetHints":{"allow":["GET"]}}],"collection":[{"href":"https:\/\/www.deberes.net\/tesis\/wp-json\/wp\/v2\/posts"}],"about":[{"href":"https:\/\/www.deberes.net\/tesis\/wp-json\/wp\/v2\/types\/post"}],"author":[{"embeddable":true,"href":"https:\/\/www.deberes.net\/tesis\/wp-json\/wp\/v2\/users\/1"}],"replies":[{"embeddable":true,"href":"https:\/\/www.deberes.net\/tesis\/wp-json\/wp\/v2\/comments?post=41073"}],"version-history":[{"count":0,"href":"https:\/\/www.deberes.net\/tesis\/wp-json\/wp\/v2\/posts\/41073\/revisions"}],"wp:attachment":[{"href":"https:\/\/www.deberes.net\/tesis\/wp-json\/wp\/v2\/media?parent=41073"}],"wp:term":[{"taxonomy":"category","embeddable":true,"href":"https:\/\/www.deberes.net\/tesis\/wp-json\/wp\/v2\/categories?post=41073"},{"taxonomy":"post_tag","embeddable":true,"href":"https:\/\/www.deberes.net\/tesis\/wp-json\/wp\/v2\/tags?post=41073"}],"curies":[{"name":"wp","href":"https:\/\/api.w.org\/{rel}","templated":true}]}}