{"id":41158,"date":"1999-01-01T00:00:00","date_gmt":"1999-01-01T00:00:00","guid":{"rendered":"https:\/\/www.deberes.net\/tesis\/sin-categoria\/trastornos-afectivos-en-la-esclerosis-multiple-estudio-de-la-depresion\/"},"modified":"1999-01-01T00:00:00","modified_gmt":"1999-01-01T00:00:00","slug":"trastornos-afectivos-en-la-esclerosis-multiple-estudio-de-la-depresion","status":"publish","type":"post","link":"https:\/\/www.deberes.net\/tesis\/ciencias-medicas\/trastornos-afectivos-en-la-esclerosis-multiple-estudio-de-la-depresion\/","title":{"rendered":"Trastornos afectivos en la esclerosis multiple. estudio de la depresion."},"content":{"rendered":"<h2>Tesis doctoral de <strong>  Heras Li\u00f1ero Elena De Las <\/strong><\/h2>\n<p>La esclerosis multiple es la m\u00e1s com\u00fan de las enfermedades desmielinizantes afectando a la sustancia blanca del sistema nervioso central. en 2\/3 de los casos se presenta entre los 20 y 40 a\u00f1os, siendo m\u00e1s frecuente en las mujeres. se caracteriza por tener un curso cr\u00f3nico e invalidante y bien por s\u00ed misma o por su tratamiento, influye en el desarrollo de la vida de los pacientes que la padecen.  el objetivo de nuestro trabajo es la valoraci\u00f3n de las alteraciones psicopatol\u00f3gicas que aparecen en esta enfermedad, centr\u00e1ndonos en la sintomatolog\u00eda depresiva. Para ello realizamos un primer estudio longitudinal con una muestra de 52 pacientes afectados de esclerosis m\u00faltiple realizando dos valoraciones con una diferencia de 12 meses y evaluando aspectos neurol\u00f3gicos y psicopatol\u00f3gicos. En un segundo estudio transversal comparamos la muestra de pacientes con esclerosis m\u00faltiple con una muestra de pacientes oncol\u00f3gicos, considerando que en ambas patolog\u00edas, factores como el intrusismo o la cronicidad pueden ser responsables de la producci\u00f3n de la sintomatolog\u00eda psiqui\u00e1trica.  del an\u00e1lisis de los datos, concluimos que la preValencia de la depresi\u00f3n en la muestra de esclerosis m\u00faltiple es de un 35,4% (en consonancia con lo descrito en la literatura) y que la edad y ciertas caracteristicas cl\u00ednicas de la enfermedad (grado de discapacidad, curso o nivel de actividad diaria) est\u00e1n relacionados con la sintomatol\u00f3gia depresiva. por el contrario no se han obtenido diferencias significativas en relaci\u00f3n a la psicopatolog\u00eda observada en la muestra de esclerosis m\u00faltiple a lo largo de un a\u00f1o. Asimismo, existe una mayor preValencia de depresi\u00f3n en la muestra de esclerosis m\u00faltiple que en la muestra de pacientes oncol\u00f3gicos, presentando mayores niveles de ansiedad y psicopatolog\u00eda general.<\/p>\n<p>&nbsp;<\/p>\n<h3>Datos acad\u00e9micos de la tesis doctoral \u00ab<strong>Trastornos afectivos en la esclerosis multiple. estudio de la depresion.<\/strong>\u00ab<\/h3>\n<ul>\n<li><strong>T\u00edtulo de la tesis:<\/strong>\u00a0 Trastornos afectivos en la esclerosis multiple. estudio de la depresion. <\/li>\n<li><strong>Autor:<\/strong>\u00a0  Heras Li\u00f1ero Elena De Las <\/li>\n<li><strong>Universidad:<\/strong>\u00a0 Pa\u00eds vasco\/euskal herriko unibertsitatea<\/li>\n<li><strong>Fecha de lectura de la tesis:<\/strong>\u00a0 01\/01\/1999<\/li>\n<\/ul>\n<p>&nbsp;<\/p>\n<h3>Direcci\u00f3n y tribunal<\/h3>\n<ul>\n<li><strong>Director de la tesis<\/strong>\n<ul>\n<li> Totorika Pagalday Jos\u00e9 Luis<\/li>\n<\/ul>\n<\/li>\n<li><strong>Tribunal<\/strong>\n<ul>\n<li>Presidente del tribunal: salvador Cervera enguix <\/li>\n<li>Luis De nicolas Martinez (vocal)<\/li>\n<li>Luis Ylla segura (vocal)<\/li>\n<li>Javier S\u00e1daba garay (vocal)<\/li>\n<\/ul>\n<\/li>\n<\/ul>\n<p>&nbsp;<\/p>\n","protected":false},"excerpt":{"rendered":"<p>Tesis doctoral de Heras Li\u00f1ero Elena De Las La esclerosis multiple es la m\u00e1s com\u00fan de las enfermedades desmielinizantes afectando [&hellip;]<\/p>\n","protected":false},"author":1,"featured_media":0,"comment_status":"open","ping_status":"open","sticky":false,"template":"","format":"standard","meta":{"site-sidebar-layout":"default","site-content-layout":"","ast-site-content-layout":"","site-content-style":"default","site-sidebar-style":"default","ast-global-header-display":"","ast-banner-title-visibility":"","ast-main-header-display":"","ast-hfb-above-header-display":"","ast-hfb-below-header-display":"","ast-hfb-mobile-header-display":"","site-post-title":"","ast-breadcrumbs-content":"","ast-featured-img":"","footer-sml-layout":"","theme-transparent-header-meta":"","adv-header-id-meta":"","stick-header-meta":"","header-above-stick-meta":"","header-main-stick-meta":"","header-below-stick-meta":"","astra-migrate-meta-layouts":"default","ast-page-background-enabled":"default","ast-page-background-meta":{"desktop":{"background-color":"var(--ast-global-color-4)","background-image":"","background-repeat":"repeat","background-position":"center center","background-size":"auto","background-attachment":"scroll","background-type":"","background-media":"","overlay-type":"","overlay-color":"","overlay-gradient":""},"tablet":{"background-color":"","background-image":"","background-repeat":"repeat","background-position":"center center","background-size":"auto","background-attachment":"scroll","background-type":"","background-media":"","overlay-type":"","overlay-color":"","overlay-gradient":""},"mobile":{"background-color":"","background-image":"","background-repeat":"repeat","background-position":"center center","background-size":"auto","background-attachment":"scroll","background-type":"","background-media":"","overlay-type":"","overlay-color":"","overlay-gradient":""}},"ast-content-background-meta":{"desktop":{"background-color":"var(--ast-global-color-5)","background-image":"","background-repeat":"repeat","background-position":"center center","background-size":"auto","background-attachment":"scroll","background-type":"","background-media":"","overlay-type":"","overlay-color":"","overlay-gradient":""},"tablet":{"background-color":"var(--ast-global-color-5)","background-image":"","background-repeat":"repeat","background-position":"center center","background-size":"auto","background-attachment":"scroll","background-type":"","background-media":"","overlay-type":"","overlay-color":"","overlay-gradient":""},"mobile":{"background-color":"var(--ast-global-color-5)","background-image":"","background-repeat":"repeat","background-position":"center center","background-size":"auto","background-attachment":"scroll","background-type":"","background-media":"","overlay-type":"","overlay-color":"","overlay-gradient":""}},"footnotes":""},"categories":[41497,4264,9,12909,324,961,325,1408],"tags":[104458,7217,28091,7856,1410,104459],"class_list":["post-41158","post","type-post","status-publish","format-standard","hentry","category-afrontamiento-de-la-enfermedad","category-asesoramiento-y-orientacion-psicologicas","category-ciencias-medicas","category-pais-vasco-euskal-herriko-unibertsitatea","category-psicologia","category-psicologia-de-la-anormalidad","category-psicopatologia","category-psiquiatria","tag-heras-linero-elena-de-las","tag-javier-sadaba-garay","tag-luis-de-nicolas-Martinez","tag-luis-ylla-segura","tag-salvador-cervera-enguix","tag-totorika-pagalday-jose-luis"],"_links":{"self":[{"href":"https:\/\/www.deberes.net\/tesis\/wp-json\/wp\/v2\/posts\/41158","targetHints":{"allow":["GET"]}}],"collection":[{"href":"https:\/\/www.deberes.net\/tesis\/wp-json\/wp\/v2\/posts"}],"about":[{"href":"https:\/\/www.deberes.net\/tesis\/wp-json\/wp\/v2\/types\/post"}],"author":[{"embeddable":true,"href":"https:\/\/www.deberes.net\/tesis\/wp-json\/wp\/v2\/users\/1"}],"replies":[{"embeddable":true,"href":"https:\/\/www.deberes.net\/tesis\/wp-json\/wp\/v2\/comments?post=41158"}],"version-history":[{"count":0,"href":"https:\/\/www.deberes.net\/tesis\/wp-json\/wp\/v2\/posts\/41158\/revisions"}],"wp:attachment":[{"href":"https:\/\/www.deberes.net\/tesis\/wp-json\/wp\/v2\/media?parent=41158"}],"wp:term":[{"taxonomy":"category","embeddable":true,"href":"https:\/\/www.deberes.net\/tesis\/wp-json\/wp\/v2\/categories?post=41158"},{"taxonomy":"post_tag","embeddable":true,"href":"https:\/\/www.deberes.net\/tesis\/wp-json\/wp\/v2\/tags?post=41158"}],"curies":[{"name":"wp","href":"https:\/\/api.w.org\/{rel}","templated":true}]}}