{"id":41230,"date":"1999-01-01T00:00:00","date_gmt":"1999-01-01T00:00:00","guid":{"rendered":"https:\/\/www.deberes.net\/tesis\/sin-categoria\/la-clausula-de-conciencia-del-profesional-de-la-informacion-como-sujeto-de-una-relacion-laboral\/"},"modified":"1999-01-01T00:00:00","modified_gmt":"1999-01-01T00:00:00","slug":"la-clausula-de-conciencia-del-profesional-de-la-informacion-como-sujeto-de-una-relacion-laboral","status":"publish","type":"post","link":"https:\/\/www.deberes.net\/tesis\/ciencias-juridicas-y-derecho\/la-clausula-de-conciencia-del-profesional-de-la-informacion-como-sujeto-de-una-relacion-laboral\/","title":{"rendered":"La clausula de conciencia del profesional de la informacion como sujeto de una relacion laboral."},"content":{"rendered":"<h2>Tesis doctoral de <strong> Jaime Segales Fidalgo <\/strong><\/h2>\n<p>El proyecto de investigaci\u00f3n que se presenta parte de analizar el r\u00e9gimen jur\u00eddico relativo al periodista cuando este especial sujeto pretende ejercer sus derechos profesionales espec\u00edficos en el seno de una relaci\u00f3n de sejeci\u00f3n, y en concreto, de una de car\u00e1cter laboral.  el estudio se concreta en uno de los genuinos derechos profesionales del periodista: la cl\u00e1usula de conciencia. La cuesti\u00f3n se trata tanto desde la perspectiva de la consideraci\u00f3n fundamental del derecho como de sus relaciones con el intercambio de prestaciones propio de lo laboral.  la norma esencial sobre la que versa el tratamiento de la cuesti\u00f3n es la ley org\u00e1nica 2\/97, de 19 de junio, siendo desarrollados sus contenidos de acuerdo a las dos facetas que presenta la cl\u00e1usula de conciencia a tenor de su articulado. Facetas que se concretan en la cl\u00e1usula de conciencia extintiva y en la cl\u00e1usula de conciencia resistente.<\/p>\n<p>&nbsp;<\/p>\n<h3>Datos acad\u00e9micos de la tesis doctoral \u00ab<strong>La clausula de conciencia del profesional de la informacion como sujeto de una relacion laboral.<\/strong>\u00ab<\/h3>\n<ul>\n<li><strong>T\u00edtulo de la tesis:<\/strong>\u00a0 La clausula de conciencia del profesional de la informacion como sujeto de una relacion laboral. <\/li>\n<li><strong>Autor:<\/strong>\u00a0 Jaime Segales Fidalgo <\/li>\n<li><strong>Universidad:<\/strong>\u00a0 Pa\u00eds vasco\/euskal herriko unibertsitatea<\/li>\n<li><strong>Fecha de lectura de la tesis:<\/strong>\u00a0 01\/01\/1999<\/li>\n<\/ul>\n<p>&nbsp;<\/p>\n<h3>Direcci\u00f3n y tribunal<\/h3>\n<ul>\n<li><strong>Director de la tesis<\/strong>\n<ul>\n<li>Juan  Pablo Landa Zapirain<\/li>\n<\/ul>\n<\/li>\n<li><strong>Tribunal<\/strong>\n<ul>\n<li>Presidente del tribunal: manuel Alonso olea <\/li>\n<li>Manuel Carlos Palomeque l\u00f3pez (vocal)<\/li>\n<li>Mar\u00eda  emilia Casas baamonde (vocal)<\/li>\n<li>joaquin Aparicio tovar (vocal)<\/li>\n<\/ul>\n<\/li>\n<\/ul>\n<p>&nbsp;<\/p>\n","protected":false},"excerpt":{"rendered":"<p>Tesis doctoral de Jaime Segales Fidalgo El proyecto de investigaci\u00f3n que se presenta parte de analizar el r\u00e9gimen jur\u00eddico relativo [&hellip;]<\/p>\n","protected":false},"author":1,"featured_media":0,"comment_status":"open","ping_status":"open","sticky":false,"template":"","format":"standard","meta":{"site-sidebar-layout":"default","site-content-layout":"","ast-site-content-layout":"","site-content-style":"default","site-sidebar-style":"default","ast-global-header-display":"","ast-banner-title-visibility":"","ast-main-header-display":"","ast-hfb-above-header-display":"","ast-hfb-below-header-display":"","ast-hfb-mobile-header-display":"","site-post-title":"","ast-breadcrumbs-content":"","ast-featured-img":"","footer-sml-layout":"","theme-transparent-header-meta":"","adv-header-id-meta":"","stick-header-meta":"","header-above-stick-meta":"","header-main-stick-meta":"","header-below-stick-meta":"","astra-migrate-meta-layouts":"default","ast-page-background-enabled":"default","ast-page-background-meta":{"desktop":{"background-color":"var(--ast-global-color-4)","background-image":"","background-repeat":"repeat","background-position":"center center","background-size":"auto","background-attachment":"scroll","background-type":"","background-media":"","overlay-type":"","overlay-color":"","overlay-gradient":""},"tablet":{"background-color":"","background-image":"","background-repeat":"repeat","background-position":"center center","background-size":"auto","background-attachment":"scroll","background-type":"","background-media":"","overlay-type":"","overlay-color":"","overlay-gradient":""},"mobile":{"background-color":"","background-image":"","background-repeat":"repeat","background-position":"center center","background-size":"auto","background-attachment":"scroll","background-type":"","background-media":"","overlay-type":"","overlay-color":"","overlay-gradient":""}},"ast-content-background-meta":{"desktop":{"background-color":"var(--ast-global-color-5)","background-image":"","background-repeat":"repeat","background-position":"center center","background-size":"auto","background-attachment":"scroll","background-type":"","background-media":"","overlay-type":"","overlay-color":"","overlay-gradient":""},"tablet":{"background-color":"var(--ast-global-color-5)","background-image":"","background-repeat":"repeat","background-position":"center center","background-size":"auto","background-attachment":"scroll","background-type":"","background-media":"","overlay-type":"","overlay-color":"","overlay-gradient":""},"mobile":{"background-color":"var(--ast-global-color-5)","background-image":"","background-repeat":"repeat","background-position":"center center","background-size":"auto","background-attachment":"scroll","background-type":"","background-media":"","overlay-type":"","overlay-color":"","overlay-gradient":""}},"footnotes":""},"categories":[612,2170,979,12909],"tags":[104577,39408,50383,4929,9454,9456],"class_list":["post-41230","post","type-post","status-publish","format-standard","hentry","category-ciencias-juridicas-y-derecho","category-derecho-del-trabajo-y-de-la-seguridad-social","category-derecho-y-legislacion-nacionales","category-pais-vasco-euskal-herriko-unibertsitatea","tag-jaime-segales-fidalgo","tag-joaquin-aparicio-tovar","tag-juan-pablo-landa-zapirain","tag-manuel-alonso-olea","tag-manuel-carlos-palomeque-lopez","tag-maria-emilia-casas-baamonde"],"_links":{"self":[{"href":"https:\/\/www.deberes.net\/tesis\/wp-json\/wp\/v2\/posts\/41230","targetHints":{"allow":["GET"]}}],"collection":[{"href":"https:\/\/www.deberes.net\/tesis\/wp-json\/wp\/v2\/posts"}],"about":[{"href":"https:\/\/www.deberes.net\/tesis\/wp-json\/wp\/v2\/types\/post"}],"author":[{"embeddable":true,"href":"https:\/\/www.deberes.net\/tesis\/wp-json\/wp\/v2\/users\/1"}],"replies":[{"embeddable":true,"href":"https:\/\/www.deberes.net\/tesis\/wp-json\/wp\/v2\/comments?post=41230"}],"version-history":[{"count":0,"href":"https:\/\/www.deberes.net\/tesis\/wp-json\/wp\/v2\/posts\/41230\/revisions"}],"wp:attachment":[{"href":"https:\/\/www.deberes.net\/tesis\/wp-json\/wp\/v2\/media?parent=41230"}],"wp:term":[{"taxonomy":"category","embeddable":true,"href":"https:\/\/www.deberes.net\/tesis\/wp-json\/wp\/v2\/categories?post=41230"},{"taxonomy":"post_tag","embeddable":true,"href":"https:\/\/www.deberes.net\/tesis\/wp-json\/wp\/v2\/tags?post=41230"}],"curies":[{"name":"wp","href":"https:\/\/api.w.org\/{rel}","templated":true}]}}