{"id":41232,"date":"1999-01-01T00:00:00","date_gmt":"1999-01-01T00:00:00","guid":{"rendered":"https:\/\/www.deberes.net\/tesis\/sin-categoria\/la-representacion-colectiva-de-los-trabajadores-en-las-empresas-de-estructura-compleja\/"},"modified":"1999-01-01T00:00:00","modified_gmt":"1999-01-01T00:00:00","slug":"la-representacion-colectiva-de-los-trabajadores-en-las-empresas-de-estructura-compleja","status":"publish","type":"post","link":"https:\/\/www.deberes.net\/tesis\/ciencias-juridicas-y-derecho\/la-representacion-colectiva-de-los-trabajadores-en-las-empresas-de-estructura-compleja\/","title":{"rendered":"La representacion colectiva de los trabajadores en las empresas de estructura compleja."},"content":{"rendered":"<h2>Tesis doctoral de <strong> M. Edurne Terradillos Ormaetxea <\/strong><\/h2>\n<p>El objeto de esta tesis es demostrar que los llamados grupos de empresas son una evoluci\u00f3n de la empresa de estructura sencilla en la que impera un solo centro de decisi\u00f3n econ\u00f3mica. El inter\u00e9s que encierra este trabajo es doble: por un lado, intenta demostrar que el modelo de representaci\u00f3n de los trabajadores que se desprende de la normativa jur\u00eddico-laboral desconoce la realidad del grupo de empresas, o mejor a\u00fan, de la empresa de grupo; por otro lado, se dirige a indagar en los instrumentos jur\u00eddicos con los que actualmente cuenta la legislaci\u00f3n espa\u00f1ola para integrar esa laguna del ordenamiento jur\u00eddico.  la convicci\u00f3n de que es necesaria una contraparte social colectiva al poder que ejercen los grupos sobre los trabajadores que prestan sus servicios en ese \u00e1mbito, me ha urdido a investigar en torno a distintas probabilidades para justificar ese contrapoder obrero. Si la democracia industrial es una invocaci\u00f3n en el marco de la empresa de estructura simple, no se entiende por qu\u00e9 habr\u00eda de priv\u00e1rseles a los trabajadores de un grupo de ese derecho, m\u00e1s a\u00fan desde el momento en que la mayor parte de las empresas espa\u00f1olas no son totalmente independientes, sino que, en cambio, se encuentran insertas en agrupaciones empresariales m\u00e1s amplias. el hecho de que las sociedades integrantes de una empresa que adopta la forma de grupo se distingan por su personalidad jur\u00eddica no es raz\u00f3n que lo justifique, cuando es demostrable la unitariedad econ\u00f3mica entre esas mismas sociedades y el aprovechamiento del beneficio com\u00fan que aporta esa agrupaci\u00f3n.<\/p>\n<p>&nbsp;<\/p>\n<h3>Datos acad\u00e9micos de la tesis doctoral \u00ab<strong>La representacion colectiva de los trabajadores en las empresas de estructura compleja.<\/strong>\u00ab<\/h3>\n<ul>\n<li><strong>T\u00edtulo de la tesis:<\/strong>\u00a0 La representacion colectiva de los trabajadores en las empresas de estructura compleja. <\/li>\n<li><strong>Autor:<\/strong>\u00a0 M. Edurne Terradillos Ormaetxea <\/li>\n<li><strong>Universidad:<\/strong>\u00a0 Pa\u00eds vasco\/euskal herriko unibertsitatea<\/li>\n<li><strong>Fecha de lectura de la tesis:<\/strong>\u00a0 01\/01\/1999<\/li>\n<\/ul>\n<p>&nbsp;<\/p>\n<h3>Direcci\u00f3n y tribunal<\/h3>\n<ul>\n<li><strong>Director de la tesis<\/strong>\n<ul>\n<li>Juan  Pablo Landa Zapirain<\/li>\n<\/ul>\n<\/li>\n<li><strong>Tribunal<\/strong>\n<ul>\n<li>Presidente del tribunal: Mar\u00eda  emilia Casas baamonde <\/li>\n<li> Baylos grau Antonio  pedro (vocal)<\/li>\n<li>germ\u00e1n Jos\u00e9 Barreiro gonz\u00e1lez (vocal)<\/li>\n<li>ricardo Escudero rodriguez (vocal)<\/li>\n<\/ul>\n<\/li>\n<\/ul>\n<p>&nbsp;<\/p>\n","protected":false},"excerpt":{"rendered":"<p>Tesis doctoral de M. Edurne Terradillos Ormaetxea El objeto de esta tesis es demostrar que los llamados grupos de empresas [&hellip;]<\/p>\n","protected":false},"author":1,"featured_media":0,"comment_status":"open","ping_status":"open","sticky":false,"template":"","format":"standard","meta":{"site-sidebar-layout":"default","site-content-layout":"","ast-site-content-layout":"","site-content-style":"default","site-sidebar-style":"default","ast-global-header-display":"","ast-banner-title-visibility":"","ast-main-header-display":"","ast-hfb-above-header-display":"","ast-hfb-below-header-display":"","ast-hfb-mobile-header-display":"","site-post-title":"","ast-breadcrumbs-content":"","ast-featured-img":"","footer-sml-layout":"","theme-transparent-header-meta":"","adv-header-id-meta":"","stick-header-meta":"","header-above-stick-meta":"","header-main-stick-meta":"","header-below-stick-meta":"","astra-migrate-meta-layouts":"default","ast-page-background-enabled":"default","ast-page-background-meta":{"desktop":{"background-color":"var(--ast-global-color-4)","background-image":"","background-repeat":"repeat","background-position":"center center","background-size":"auto","background-attachment":"scroll","background-type":"","background-media":"","overlay-type":"","overlay-color":"","overlay-gradient":""},"tablet":{"background-color":"","background-image":"","background-repeat":"repeat","background-position":"center center","background-size":"auto","background-attachment":"scroll","background-type":"","background-media":"","overlay-type":"","overlay-color":"","overlay-gradient":""},"mobile":{"background-color":"","background-image":"","background-repeat":"repeat","background-position":"center center","background-size":"auto","background-attachment":"scroll","background-type":"","background-media":"","overlay-type":"","overlay-color":"","overlay-gradient":""}},"ast-content-background-meta":{"desktop":{"background-color":"var(--ast-global-color-5)","background-image":"","background-repeat":"repeat","background-position":"center center","background-size":"auto","background-attachment":"scroll","background-type":"","background-media":"","overlay-type":"","overlay-color":"","overlay-gradient":""},"tablet":{"background-color":"var(--ast-global-color-5)","background-image":"","background-repeat":"repeat","background-position":"center center","background-size":"auto","background-attachment":"scroll","background-type":"","background-media":"","overlay-type":"","overlay-color":"","overlay-gradient":""},"mobile":{"background-color":"var(--ast-global-color-5)","background-image":"","background-repeat":"repeat","background-position":"center center","background-size":"auto","background-attachment":"scroll","background-type":"","background-media":"","overlay-type":"","overlay-color":"","overlay-gradient":""}},"footnotes":""},"categories":[612,2170,979,12909],"tags":[32468,31978,50383,104579,9456,26866],"class_list":["post-41232","post","type-post","status-publish","format-standard","hentry","category-ciencias-juridicas-y-derecho","category-derecho-del-trabajo-y-de-la-seguridad-social","category-derecho-y-legislacion-nacionales","category-pais-vasco-euskal-herriko-unibertsitatea","tag-baylos-grau-antonio-pedro","tag-german-jose-barreiro-gonzalez","tag-juan-pablo-landa-zapirain","tag-m-edurne-terradillos-ormaetxea","tag-maria-emilia-casas-baamonde","tag-ricardo-escudero-rodriguez"],"_links":{"self":[{"href":"https:\/\/www.deberes.net\/tesis\/wp-json\/wp\/v2\/posts\/41232","targetHints":{"allow":["GET"]}}],"collection":[{"href":"https:\/\/www.deberes.net\/tesis\/wp-json\/wp\/v2\/posts"}],"about":[{"href":"https:\/\/www.deberes.net\/tesis\/wp-json\/wp\/v2\/types\/post"}],"author":[{"embeddable":true,"href":"https:\/\/www.deberes.net\/tesis\/wp-json\/wp\/v2\/users\/1"}],"replies":[{"embeddable":true,"href":"https:\/\/www.deberes.net\/tesis\/wp-json\/wp\/v2\/comments?post=41232"}],"version-history":[{"count":0,"href":"https:\/\/www.deberes.net\/tesis\/wp-json\/wp\/v2\/posts\/41232\/revisions"}],"wp:attachment":[{"href":"https:\/\/www.deberes.net\/tesis\/wp-json\/wp\/v2\/media?parent=41232"}],"wp:term":[{"taxonomy":"category","embeddable":true,"href":"https:\/\/www.deberes.net\/tesis\/wp-json\/wp\/v2\/categories?post=41232"},{"taxonomy":"post_tag","embeddable":true,"href":"https:\/\/www.deberes.net\/tesis\/wp-json\/wp\/v2\/tags?post=41232"}],"curies":[{"name":"wp","href":"https:\/\/api.w.org\/{rel}","templated":true}]}}