{"id":41254,"date":"1999-01-01T00:00:00","date_gmt":"1999-01-01T00:00:00","guid":{"rendered":"https:\/\/www.deberes.net\/tesis\/sin-categoria\/nacional-sindicalismo-fascismo-espanol-primo-de-rivera-y-ledesma-ramos\/"},"modified":"1999-01-01T00:00:00","modified_gmt":"1999-01-01T00:00:00","slug":"nacional-sindicalismo-fascismo-espanol-primo-de-rivera-y-ledesma-ramos","status":"publish","type":"post","link":"https:\/\/www.deberes.net\/tesis\/filosofia\/nacional-sindicalismo-fascismo-espanol-primo-de-rivera-y-ledesma-ramos\/","title":{"rendered":"Nacional-sindicalismo. fascismo espa\u00f1ol. primo de rivera y ledesma ramos."},"content":{"rendered":"<h2>Tesis doctoral de <strong> Jos\u00e9 Ramon Catalan Diez <\/strong><\/h2>\n<p>El presente trabajo pretender ser una aproximaci\u00f3n al pensamiento fascista espa\u00f1ol o nacional-sindicalismo, desde las obras de dos de sus m\u00e1s destacadas personalidades: jos\u00e9 antonio primo de rivera y ramiro ledesma ramos.  su objetivo ha sido el de mostrar sus ra\u00edces o antecedentes en el pensamiento conservador, as\u00ed como el de presentar sus principales conceptos pol\u00edticos sin descuidar el ideario econ\u00f3mico. Para concluir, se apunta la posible filosof\u00eda de la historia que se infiere de los art\u00edculos de los dos l\u00edderes mencionados.<\/p>\n<p>&nbsp;<\/p>\n<h3>Datos acad\u00e9micos de la tesis doctoral \u00ab<strong>Nacional-sindicalismo. fascismo espa\u00f1ol. primo de rivera y ledesma ramos.<\/strong>\u00ab<\/h3>\n<ul>\n<li><strong>T\u00edtulo de la tesis:<\/strong>\u00a0 Nacional-sindicalismo. fascismo espa\u00f1ol. primo de rivera y ledesma ramos. <\/li>\n<li><strong>Autor:<\/strong>\u00a0 Jos\u00e9 Ramon Catalan Diez <\/li>\n<li><strong>Universidad:<\/strong>\u00a0 Pa\u00eds vasco\/euskal herriko unibertsitatea<\/li>\n<li><strong>Fecha de lectura de la tesis:<\/strong>\u00a0 01\/01\/1999<\/li>\n<\/ul>\n<p>&nbsp;<\/p>\n<h3>Direcci\u00f3n y tribunal<\/h3>\n<ul>\n<li><strong>Director de la tesis<\/strong>\n<ul>\n<li>Mikel Azurmendi Intxausti<\/li>\n<\/ul>\n<\/li>\n<li><strong>Tribunal<\/strong>\n<ul>\n<li>Presidente del tribunal: lu\u00eds \u00e1lvarez munarriz <\/li>\n<li> Recalde diez Jos\u00e9 ramon (vocal)<\/li>\n<li>Javier Corcuera atienza (vocal)<\/li>\n<li>gaspar Mairal buil (vocal)<\/li>\n<\/ul>\n<\/li>\n<\/ul>\n<p>&nbsp;<\/p>\n","protected":false},"excerpt":{"rendered":"<p>Tesis doctoral de Jos\u00e9 Ramon Catalan Diez El presente trabajo pretender ser una aproximaci\u00f3n al pensamiento fascista espa\u00f1ol o nacional-sindicalismo, [&hellip;]<\/p>\n","protected":false},"author":1,"featured_media":0,"comment_status":"open","ping_status":"open","sticky":false,"template":"","format":"standard","meta":{"site-sidebar-layout":"default","site-content-layout":"","ast-site-content-layout":"","site-content-style":"default","site-sidebar-style":"default","ast-global-header-display":"","ast-banner-title-visibility":"","ast-main-header-display":"","ast-hfb-above-header-display":"","ast-hfb-below-header-display":"","ast-hfb-mobile-header-display":"","site-post-title":"","ast-breadcrumbs-content":"","ast-featured-img":"","footer-sml-layout":"","theme-transparent-header-meta":"","adv-header-id-meta":"","stick-header-meta":"","header-above-stick-meta":"","header-main-stick-meta":"","header-below-stick-meta":"","astra-migrate-meta-layouts":"default","ast-page-background-enabled":"default","ast-page-background-meta":{"desktop":{"background-color":"var(--ast-global-color-4)","background-image":"","background-repeat":"repeat","background-position":"center center","background-size":"auto","background-attachment":"scroll","background-type":"","background-media":"","overlay-type":"","overlay-color":"","overlay-gradient":""},"tablet":{"background-color":"","background-image":"","background-repeat":"repeat","background-position":"center center","background-size":"auto","background-attachment":"scroll","background-type":"","background-media":"","overlay-type":"","overlay-color":"","overlay-gradient":""},"mobile":{"background-color":"","background-image":"","background-repeat":"repeat","background-position":"center center","background-size":"auto","background-attachment":"scroll","background-type":"","background-media":"","overlay-type":"","overlay-color":"","overlay-gradient":""}},"ast-content-background-meta":{"desktop":{"background-color":"var(--ast-global-color-5)","background-image":"","background-repeat":"repeat","background-position":"center center","background-size":"auto","background-attachment":"scroll","background-type":"","background-media":"","overlay-type":"","overlay-color":"","overlay-gradient":""},"tablet":{"background-color":"var(--ast-global-color-5)","background-image":"","background-repeat":"repeat","background-position":"center center","background-size":"auto","background-attachment":"scroll","background-type":"","background-media":"","overlay-type":"","overlay-color":"","overlay-gradient":""},"mobile":{"background-color":"var(--ast-global-color-5)","background-image":"","background-repeat":"repeat","background-position":"center center","background-size":"auto","background-attachment":"scroll","background-type":"","background-media":"","overlay-type":"","overlay-color":"","overlay-gradient":""}},"footnotes":""},"categories":[165,6008,1078,12909],"tags":[4806,12945,104619,8653,4804,95658],"class_list":["post-41254","post","type-post","status-publish","format-standard","hentry","category-filosofia","category-filosofia-politica","category-filosofia-social","category-pais-vasco-euskal-herriko-unibertsitatea","tag-gaspar-mairal-buil","tag-javier-corcuera-atienza","tag-jose-ramon-catalan-diez","tag-luis-alvarez-munarriz","tag-mikel-azurmendi-intxausti","tag-recalde-diez-jose-ramon"],"_links":{"self":[{"href":"https:\/\/www.deberes.net\/tesis\/wp-json\/wp\/v2\/posts\/41254","targetHints":{"allow":["GET"]}}],"collection":[{"href":"https:\/\/www.deberes.net\/tesis\/wp-json\/wp\/v2\/posts"}],"about":[{"href":"https:\/\/www.deberes.net\/tesis\/wp-json\/wp\/v2\/types\/post"}],"author":[{"embeddable":true,"href":"https:\/\/www.deberes.net\/tesis\/wp-json\/wp\/v2\/users\/1"}],"replies":[{"embeddable":true,"href":"https:\/\/www.deberes.net\/tesis\/wp-json\/wp\/v2\/comments?post=41254"}],"version-history":[{"count":0,"href":"https:\/\/www.deberes.net\/tesis\/wp-json\/wp\/v2\/posts\/41254\/revisions"}],"wp:attachment":[{"href":"https:\/\/www.deberes.net\/tesis\/wp-json\/wp\/v2\/media?parent=41254"}],"wp:term":[{"taxonomy":"category","embeddable":true,"href":"https:\/\/www.deberes.net\/tesis\/wp-json\/wp\/v2\/categories?post=41254"},{"taxonomy":"post_tag","embeddable":true,"href":"https:\/\/www.deberes.net\/tesis\/wp-json\/wp\/v2\/tags?post=41254"}],"curies":[{"name":"wp","href":"https:\/\/api.w.org\/{rel}","templated":true}]}}