{"id":41320,"date":"1999-01-01T00:00:00","date_gmt":"1999-01-01T00:00:00","guid":{"rendered":"https:\/\/www.deberes.net\/tesis\/sin-categoria\/trastornos-del-sueno-en-ninos-con-diversos-deficits-de-funciones-cerebrales-superiores\/"},"modified":"1999-01-01T00:00:00","modified_gmt":"1999-01-01T00:00:00","slug":"trastornos-del-sueno-en-ninos-con-diversos-deficits-de-funciones-cerebrales-superiores","status":"publish","type":"post","link":"https:\/\/www.deberes.net\/tesis\/ciencias-medicas\/trastornos-del-sueno-en-ninos-con-diversos-deficits-de-funciones-cerebrales-superiores\/","title":{"rendered":"Trastornos del sue\u00f1o en ni\u00f1os con diversos deficits de funciones cerebrales superiores."},"content":{"rendered":"<h2>Tesis doctoral de <strong> Marta Gutierrez Iba\u00f1es <\/strong><\/h2>\n<p>Se han estudiado las caracter\u00edsticas del sue\u00f1o en ni\u00f1os con diversos d\u00e9ficits de funciones cerebrales superiores para valorar qu\u00e9 tipo de alteraciones son m\u00e1s frecuentes y cual es su trascendencia.  la muestra est\u00e1 formada por 149 ni\u00f1os y j\u00f3venes de edades comprendidas entre 3 y 19 a\u00f1os, alumnos de 7 colegios de educaci\u00f3n especial y de un aula de educaci\u00f3n especial de un centro ordinario de la provincia de zaragoza. Del total de la muestra obtenida 86 son hombres y 63 mujeres, con una edad media en a\u00f1os de 12,9+-4,3 a\u00f1os.  para recoger los datos sobre el sue\u00f1o se utiliz\u00f3 una encuesta de elecci\u00f3n m\u00faltiple sobre distintos aspectos del sue\u00f1o dirigida a los padres del ni\u00f1o, basada en cuestionarios utilizados previamente por abad-alegra et al (1993). La informaci\u00f3n sobre las caracter\u00edsticas de la deficiencia mental se tom\u00f3 de los informes de los centros escolares.  se ha encontrado que el trastorno del sue\u00f1o predominante en estos ni\u00f1os es la somnolencia diurna, siendo inferior en los ni\u00f1os con trastornos psiqui\u00e1tricos asociados. la frecuencia detectada en este estudio es m\u00e1s de dos veces la comunicada por otros autores. Se hall\u00f3 relaci\u00f3n entre los trastornos globales del sue\u00f1o (de conciliaci\u00f3n, despertares m\u00faltiples, sue\u00f1o inquieto y despertar temprano) y el diagn\u00f3stico, siendo el s\u00edndrome de down el que presenta menos alteraciones. La frecuencia de estos trastornos es inversamente proporcional a la edad. la transgresi\u00f3n del sue\u00f1o durante el fin de semana se presenta con una frecuencia inferior a la detectada en estudios anteriores para ni\u00f1os sanos, lo que puede relacionarse con una mayor disciplina educativa. Los trastornos del sue\u00f1o de estos ni\u00f1os alteran el sue\u00f1o de sus padres y de otros familiares en un porcentaje similar al que se acepta generalmente en las familias con ni\u00f1os sanos. cuando la epilepsia se asocia a la deficiencia mental se incrementa el riesgo de alteraciones d<\/p>\n<p>&nbsp;<\/p>\n<h3>Datos acad\u00e9micos de la tesis doctoral \u00ab<strong>Trastornos del sue\u00f1o en ni\u00f1os con diversos deficits de funciones cerebrales superiores.<\/strong>\u00ab<\/h3>\n<ul>\n<li><strong>T\u00edtulo de la tesis:<\/strong>\u00a0 Trastornos del sue\u00f1o en ni\u00f1os con diversos deficits de funciones cerebrales superiores. <\/li>\n<li><strong>Autor:<\/strong>\u00a0 Marta Gutierrez Iba\u00f1es <\/li>\n<li><strong>Universidad:<\/strong>\u00a0 Zaragoza<\/li>\n<li><strong>Fecha de lectura de la tesis:<\/strong>\u00a0 01\/01\/1999<\/li>\n<\/ul>\n<p>&nbsp;<\/p>\n<h3>Direcci\u00f3n y tribunal<\/h3>\n<ul>\n<li><strong>Director de la tesis<\/strong>\n<ul>\n<li>Francisco Abad Alegria<\/li>\n<\/ul>\n<\/li>\n<li><strong>Tribunal<\/strong>\n<ul>\n<li>Presidente del tribunal: Carlos Morales blanquez <\/li>\n<li>Antonio Galve gorriz (vocal)<\/li>\n<li> Gimenez morales Juan  Carlos (vocal)<\/li>\n<li>Antonio Sipan compa\u00f1e (vocal)<\/li>\n<\/ul>\n<\/li>\n<\/ul>\n<p>&nbsp;<\/p>\n","protected":false},"excerpt":{"rendered":"<p>Tesis doctoral de Marta Gutierrez Iba\u00f1es Se han estudiado las caracter\u00edsticas del sue\u00f1o en ni\u00f1os con diversos d\u00e9ficits de funciones [&hellip;]<\/p>\n","protected":false},"author":1,"featured_media":0,"comment_status":"open","ping_status":"open","sticky":false,"template":"","format":"standard","meta":{"site-sidebar-layout":"default","site-content-layout":"","ast-site-content-layout":"","site-content-style":"default","site-sidebar-style":"default","ast-global-header-display":"","ast-banner-title-visibility":"","ast-main-header-display":"","ast-hfb-above-header-display":"","ast-hfb-below-header-display":"","ast-hfb-mobile-header-display":"","site-post-title":"","ast-breadcrumbs-content":"","ast-featured-img":"","footer-sml-layout":"","theme-transparent-header-meta":"","adv-header-id-meta":"","stick-header-meta":"","header-above-stick-meta":"","header-main-stick-meta":"","header-below-stick-meta":"","astra-migrate-meta-layouts":"default","ast-page-background-enabled":"default","ast-page-background-meta":{"desktop":{"background-color":"var(--ast-global-color-4)","background-image":"","background-repeat":"repeat","background-position":"center center","background-size":"auto","background-attachment":"scroll","background-type":"","background-media":"","overlay-type":"","overlay-color":"","overlay-gradient":""},"tablet":{"background-color":"","background-image":"","background-repeat":"repeat","background-position":"center center","background-size":"auto","background-attachment":"scroll","background-type":"","background-media":"","overlay-type":"","overlay-color":"","overlay-gradient":""},"mobile":{"background-color":"","background-image":"","background-repeat":"repeat","background-position":"center center","background-size":"auto","background-attachment":"scroll","background-type":"","background-media":"","overlay-type":"","overlay-color":"","overlay-gradient":""}},"ast-content-background-meta":{"desktop":{"background-color":"var(--ast-global-color-5)","background-image":"","background-repeat":"repeat","background-position":"center center","background-size":"auto","background-attachment":"scroll","background-type":"","background-media":"","overlay-type":"","overlay-color":"","overlay-gradient":""},"tablet":{"background-color":"var(--ast-global-color-5)","background-image":"","background-repeat":"repeat","background-position":"center center","background-size":"auto","background-attachment":"scroll","background-type":"","background-media":"","overlay-type":"","overlay-color":"","overlay-gradient":""},"mobile":{"background-color":"var(--ast-global-color-5)","background-image":"","background-repeat":"repeat","background-position":"center center","background-size":"auto","background-attachment":"scroll","background-type":"","background-media":"","overlay-type":"","overlay-color":"","overlay-gradient":""}},"footnotes":""},"categories":[9,3289,965,156,324,970,13610],"tags":[104742,104743,28904,104741,28902,104740],"class_list":["post-41320","post","type-post","status-publish","format-standard","hentry","category-ciencias-medicas","category-deficiencia-mental-del-nino-y-del-adolescente","category-neuropatologia","category-patologia","category-psicologia","category-psicologia-del-nino-y-del-adolescente","category-zaragoza","tag-antonio-galve-gorriz","tag-antonio-sipan-compane","tag-carlos-morales-blanquez","tag-francisco-abad-alegria","tag-gimenez-morales-juan-carlos","tag-marta-gutierrez-ibanes"],"_links":{"self":[{"href":"https:\/\/www.deberes.net\/tesis\/wp-json\/wp\/v2\/posts\/41320","targetHints":{"allow":["GET"]}}],"collection":[{"href":"https:\/\/www.deberes.net\/tesis\/wp-json\/wp\/v2\/posts"}],"about":[{"href":"https:\/\/www.deberes.net\/tesis\/wp-json\/wp\/v2\/types\/post"}],"author":[{"embeddable":true,"href":"https:\/\/www.deberes.net\/tesis\/wp-json\/wp\/v2\/users\/1"}],"replies":[{"embeddable":true,"href":"https:\/\/www.deberes.net\/tesis\/wp-json\/wp\/v2\/comments?post=41320"}],"version-history":[{"count":0,"href":"https:\/\/www.deberes.net\/tesis\/wp-json\/wp\/v2\/posts\/41320\/revisions"}],"wp:attachment":[{"href":"https:\/\/www.deberes.net\/tesis\/wp-json\/wp\/v2\/media?parent=41320"}],"wp:term":[{"taxonomy":"category","embeddable":true,"href":"https:\/\/www.deberes.net\/tesis\/wp-json\/wp\/v2\/categories?post=41320"},{"taxonomy":"post_tag","embeddable":true,"href":"https:\/\/www.deberes.net\/tesis\/wp-json\/wp\/v2\/tags?post=41320"}],"curies":[{"name":"wp","href":"https:\/\/api.w.org\/{rel}","templated":true}]}}