{"id":41349,"date":"1999-01-01T00:00:00","date_gmt":"1999-01-01T00:00:00","guid":{"rendered":"https:\/\/www.deberes.net\/tesis\/sin-categoria\/analisis-cinetico-y-estructural-del-desarrollo-interfasico-en-poblaciones-meristematicas\/"},"modified":"1999-01-01T00:00:00","modified_gmt":"1999-01-01T00:00:00","slug":"analisis-cinetico-y-estructural-del-desarrollo-interfasico-en-poblaciones-meristematicas","status":"publish","type":"post","link":"https:\/\/www.deberes.net\/tesis\/ciencias-de-la-vida\/analisis-cinetico-y-estructural-del-desarrollo-interfasico-en-poblaciones-meristematicas\/","title":{"rendered":"Analisis cinetico y estructural del desarrollo interfasico en poblaciones meristematicas."},"content":{"rendered":"<h2>Tesis doctoral de <strong>  Flor Diaz Jacques De La <\/strong><\/h2>\n<p>En el presente trabajose han analizado diversos aspectos de la interfase de poblaciones meristem\u00e1ticas de allium cepa desarrolladas en cultivo hidrop\u00f3nico a 25.C. La citolog\u00eda tanto cualitativa como cuantitativa ha sido nuestro enfoque metodol\u00f3gico, utilizando, entre otros medios la microespectrofotometr\u00eda y el an\u00e1lisis de imagen para la realizaci\u00f3n de cuantificaciones morfo y densitom\u00e9tricas, y la microscop\u00eda laser confocal para la localizaci\u00f3n espacial de fluorocromos.  se ha analizado la evoluci\u00f3n del contenido en dna a lo largo de la interfase y su relaci\u00f3n con el patr\u00f3n de condensaci\u00f3n de la cromatina en poblaciones meristem\u00e1ticas sincronizadas por selecci\u00f3n. La proporci\u00f3n de cromatina condensada se incrementa durante el g1 medio, seguido de un r\u00e1pido descenso que alcanza valroes m\u00ednimos en el tr\u00e1nsito g1-s y se mantiene durante gran parte del s. Coincidiendo con el final de la replicaci\u00f3n se produce un nuevo incremento en la proporci\u00f3n de cromatina condensada que se contin\u00faa a lo largo del periodo g2.  estudios comparativos demuestran que, tras elegir la dosis y el tiempo de incubaci\u00f3n adecudos, la incorporaci\u00f3n de bromodesoxiunridina (brdu) en el dna nuclear y su detecci\u00f3n inmunocitoqu\u00edmica se convierte en un buen sustituto de la 3h-tdr para an\u00e1lisis cin\u00e9ticos. La t\u00e9cnica feulgen-inmunoperoxidasa para la detecci\u00f3n de la brdu incorporada en el dna nuclear desarrollada por nosotros ha demostrado ser una herramienta de gran utilidad para el estudio del ciclo celular, ya que permite la adscripci\u00f3n inequ\u00edvoca de las c\u00e9lulas en los diferentes compartimentos de la interfase.  distintos enfoques experimentales nos han permitido establecer tres patrones morfol\u00f3gicos de replicaci\u00f3n nuclear &#8211; s1, s2 y s3 &#8211; que corresponden a periodos sucesivos de la fase s. El patr\u00f3n s1 representa el encendido de la fase s y se extiende alrededor de l min., A continuaci\u00f3n aparece el patr\u00f3n s2 que representa el subper<\/p>\n<p>&nbsp;<\/p>\n<h3>Datos acad\u00e9micos de la tesis doctoral \u00ab<strong>Analisis cinetico y estructural del desarrollo interfasico en poblaciones meristematicas.<\/strong>\u00ab<\/h3>\n<ul>\n<li><strong>T\u00edtulo de la tesis:<\/strong>\u00a0 Analisis cinetico y estructural del desarrollo interfasico en poblaciones meristematicas. <\/li>\n<li><strong>Autor:<\/strong>\u00a0  Flor Diaz Jacques De La <\/li>\n<li><strong>Universidad:<\/strong>\u00a0 Aut\u00f3noma de barcelona<\/li>\n<li><strong>Fecha de lectura de la tesis:<\/strong>\u00a0 01\/01\/1999<\/li>\n<\/ul>\n<p>&nbsp;<\/p>\n<h3>Direcci\u00f3n y tribunal<\/h3>\n<ul>\n<li><strong>Director de la tesis<\/strong>\n<ul>\n<li> Santa Cruz Aleman M. Carmen<\/li>\n<\/ul>\n<\/li>\n<li><strong>Tribunal<\/strong>\n<ul>\n<li>Presidente del tribunal: Jos\u00e9 pablo Hervas sanchez <\/li>\n<li>Jos\u00e9 enrique Esquerda colell (vocal)<\/li>\n<li>nicolas Jouve de la barreda (vocal)<\/li>\n<li>gloria Morcillo ortega (vocal)<\/li>\n<\/ul>\n<\/li>\n<\/ul>\n<p>&nbsp;<\/p>\n","protected":false},"excerpt":{"rendered":"<p>Tesis doctoral de Flor Diaz Jacques De La En el presente trabajose han analizado diversos aspectos de la interfase de [&hellip;]<\/p>\n","protected":false},"author":1,"featured_media":0,"comment_status":"open","ping_status":"open","sticky":false,"template":"","format":"standard","meta":{"site-sidebar-layout":"default","site-content-layout":"","ast-site-content-layout":"","site-content-style":"default","site-sidebar-style":"default","ast-global-header-display":"","ast-banner-title-visibility":"","ast-main-header-display":"","ast-hfb-above-header-display":"","ast-hfb-below-header-display":"","ast-hfb-mobile-header-display":"","site-post-title":"","ast-breadcrumbs-content":"","ast-featured-img":"","footer-sml-layout":"","theme-transparent-header-meta":"","adv-header-id-meta":"","stick-header-meta":"","header-above-stick-meta":"","header-main-stick-meta":"","header-below-stick-meta":"","astra-migrate-meta-layouts":"default","ast-page-background-enabled":"default","ast-page-background-meta":{"desktop":{"background-color":"var(--ast-global-color-4)","background-image":"","background-repeat":"repeat","background-position":"center center","background-size":"auto","background-attachment":"scroll","background-type":"","background-media":"","overlay-type":"","overlay-color":"","overlay-gradient":""},"tablet":{"background-color":"","background-image":"","background-repeat":"repeat","background-position":"center center","background-size":"auto","background-attachment":"scroll","background-type":"","background-media":"","overlay-type":"","overlay-color":"","overlay-gradient":""},"mobile":{"background-color":"","background-image":"","background-repeat":"repeat","background-position":"center center","background-size":"auto","background-attachment":"scroll","background-type":"","background-media":"","overlay-type":"","overlay-color":"","overlay-gradient":""}},"ast-content-background-meta":{"desktop":{"background-color":"var(--ast-global-color-5)","background-image":"","background-repeat":"repeat","background-position":"center center","background-size":"auto","background-attachment":"scroll","background-type":"","background-media":"","overlay-type":"","overlay-color":"","overlay-gradient":""},"tablet":{"background-color":"var(--ast-global-color-5)","background-image":"","background-repeat":"repeat","background-position":"center center","background-size":"auto","background-attachment":"scroll","background-type":"","background-media":"","overlay-type":"","overlay-color":"","overlay-gradient":""},"mobile":{"background-color":"var(--ast-global-color-5)","background-image":"","background-repeat":"repeat","background-position":"center center","background-size":"auto","background-attachment":"scroll","background-type":"","background-media":"","overlay-type":"","overlay-color":"","overlay-gradient":""}},"footnotes":""},"categories":[849,972,35,848,3103],"tags":[104807,14542,18863,104809,2179,104808],"class_list":["post-41349","post","type-post","status-publish","format-standard","hentry","category-biologia-celular","category-botanica","category-ciencias-de-la-vida","category-citologia","category-citologia-vegetal","tag-flor-diaz-jacques-de-la","tag-gloria-morcillo-ortega","tag-jose-enrique-esquerda-colell","tag-jose-pablo-hervas-sanchez","tag-nicolas-jouve-de-la-barreda","tag-santa-cruz-aleman-m-carmen"],"_links":{"self":[{"href":"https:\/\/www.deberes.net\/tesis\/wp-json\/wp\/v2\/posts\/41349","targetHints":{"allow":["GET"]}}],"collection":[{"href":"https:\/\/www.deberes.net\/tesis\/wp-json\/wp\/v2\/posts"}],"about":[{"href":"https:\/\/www.deberes.net\/tesis\/wp-json\/wp\/v2\/types\/post"}],"author":[{"embeddable":true,"href":"https:\/\/www.deberes.net\/tesis\/wp-json\/wp\/v2\/users\/1"}],"replies":[{"embeddable":true,"href":"https:\/\/www.deberes.net\/tesis\/wp-json\/wp\/v2\/comments?post=41349"}],"version-history":[{"count":0,"href":"https:\/\/www.deberes.net\/tesis\/wp-json\/wp\/v2\/posts\/41349\/revisions"}],"wp:attachment":[{"href":"https:\/\/www.deberes.net\/tesis\/wp-json\/wp\/v2\/media?parent=41349"}],"wp:term":[{"taxonomy":"category","embeddable":true,"href":"https:\/\/www.deberes.net\/tesis\/wp-json\/wp\/v2\/categories?post=41349"},{"taxonomy":"post_tag","embeddable":true,"href":"https:\/\/www.deberes.net\/tesis\/wp-json\/wp\/v2\/tags?post=41349"}],"curies":[{"name":"wp","href":"https:\/\/api.w.org\/{rel}","templated":true}]}}