{"id":41378,"date":"1999-01-01T00:00:00","date_gmt":"1999-01-01T00:00:00","guid":{"rendered":"https:\/\/www.deberes.net\/tesis\/sin-categoria\/la-participacion-democratica-de-la-comunidad-educativa-en-la-administracion-gestion-del-centro-escolar-el-consejo-escolar\/"},"modified":"1999-01-01T00:00:00","modified_gmt":"1999-01-01T00:00:00","slug":"la-participacion-democratica-de-la-comunidad-educativa-en-la-administracion-gestion-del-centro-escolar-el-consejo-escolar","status":"publish","type":"post","link":"https:\/\/www.deberes.net\/tesis\/ciencia-politica\/la-participacion-democratica-de-la-comunidad-educativa-en-la-administracion-gestion-del-centro-escolar-el-consejo-escolar\/","title":{"rendered":"La participacion democratica de la comunidad educativa en la administracion gestion del centro escolar: el consejo escolar."},"content":{"rendered":"<h2>Tesis doctoral de <strong> Juan  Ramon Soler Santaliestra <\/strong><\/h2>\n<p>Esta investigaci\u00f3n doctoral es una etnograf\u00eda que afronta un estudio de caso \u00fanico configurado por la particular puesta en pr\u00e1ctica del modelo democr\u00e1tico de escuela -b\u00e1sicamente establecido por la l.O.D.E. (1985)- en un colegio p\u00fablico de educaci\u00f3n infantil-primaria situado en un contexto urbano muy degradado, dentro de la ciudad de zaragoza; el problema a investigar plantea c\u00f3mo esta degradaci\u00f3n social del barrio en cuesti\u00f3n determina la plasmaci\u00f3n de dicho modelo, especialmente en la administraci\u00f3n gesti\u00f3n del centro por su consejo escolar, definiendo la praxis participativa, las relaciones de poder, la toma de decisiones como proceso pol\u00edtico y la aplciaci\u00f3n de los postulados comunitarios. La fundamentaci\u00f3n epistemol\u00f3gica y te\u00f3rica de esta etnograf\u00eda descansa en el paradigma socio-cr\u00edtico de la organizaci\u00f3n escolar, opci\u00f3n que se justifica como la m\u00e1s pertinente dada la naturaleza del problema de la investigaci\u00f3n. El estudio se ilumina tambi\u00e9n con la ineludible revisi\u00f3n del marco legislativo vigente sobre este modelo escolar, complementada con uan visi\u00f3n diacr\u00f3nica de la normativa al respecto.  las t\u00e9cnicas de recogida de informaci\u00f3n utilizadas son: entre vista en profundidad, observaci\u00f3n naturalista (participante y no participante) y an\u00e1lisis de documentos. Las categor\u00edas de significados que surgen de la indagaci\u00f3n y, finalmente, gu\u00edan el an\u00e1lisis de datos son: contextualizaci\u00f3n de intereses, control polif\u00f3nico, l\u00f3gicas de acci\u00f3n y conflicto ideol\u00f3gico. las conclusiones obtenidas denuncian una administraci\u00f3n-gesti\u00f3n de este colegio por su consejo escolar vac\u00eda de principios democr\u00e1ticos, marcada por un tipo de relaci\u00f3n dial\u00e9ctica macro-micropol\u00edtica que hace del centro, en su conjunto, una instancia coadyuvante a la reproducci\u00f3n de la situaci\u00f3n social existente, c\u00f3mplice de la macropol\u00edtica que critica, aquejada de graves disonancias entre discurso (de alcance educativo,<\/p>\n<p>&nbsp;<\/p>\n<h3>Datos acad\u00e9micos de la tesis doctoral \u00ab<strong>La participacion democratica de la comunidad educativa en la administracion gestion del centro escolar: el consejo escolar.<\/strong>\u00ab<\/h3>\n<ul>\n<li><strong>T\u00edtulo de la tesis:<\/strong>\u00a0 La participacion democratica de la comunidad educativa en la administracion gestion del centro escolar: el consejo escolar. <\/li>\n<li><strong>Autor:<\/strong>\u00a0 Juan  Ramon Soler Santaliestra <\/li>\n<li><strong>Universidad:<\/strong>\u00a0 Aut\u00f3noma de barcelona<\/li>\n<li><strong>Fecha de lectura de la tesis:<\/strong>\u00a0 01\/01\/1999<\/li>\n<\/ul>\n<p>&nbsp;<\/p>\n<h3>Direcci\u00f3n y tribunal<\/h3>\n<ul>\n<li><strong>Director de la tesis<\/strong>\n<ul>\n<li>Adalberto Ferrandez Arenaz<\/li>\n<\/ul>\n<\/li>\n<li><strong>Tribunal<\/strong>\n<ul>\n<li>Presidente del tribunal: Miguel angel Santos guerra <\/li>\n<li>Jos\u00e9 Luis San fabian maroto (vocal)<\/li>\n<li>angel pio Gonzalez soto (vocal)<\/li>\n<li>Antonio Bernat montesinos (vocal)<\/li>\n<\/ul>\n<\/li>\n<\/ul>\n<p>&nbsp;<\/p>\n","protected":false},"excerpt":{"rendered":"<p>Tesis doctoral de Juan Ramon Soler Santaliestra Esta investigaci\u00f3n doctoral es una etnograf\u00eda que afronta un estudio de caso \u00fanico [&hellip;]<\/p>\n","protected":false},"author":1,"featured_media":0,"comment_status":"open","ping_status":"open","sticky":false,"template":"","format":"standard","meta":{"site-sidebar-layout":"default","site-content-layout":"","ast-site-content-layout":"","site-content-style":"default","site-sidebar-style":"default","ast-global-header-display":"","ast-banner-title-visibility":"","ast-main-header-display":"","ast-hfb-above-header-display":"","ast-hfb-below-header-display":"","ast-hfb-mobile-header-display":"","site-post-title":"","ast-breadcrumbs-content":"","ast-featured-img":"","footer-sml-layout":"","theme-transparent-header-meta":"","adv-header-id-meta":"","stick-header-meta":"","header-above-stick-meta":"","header-main-stick-meta":"","header-below-stick-meta":"","astra-migrate-meta-layouts":"default","ast-page-background-enabled":"default","ast-page-background-meta":{"desktop":{"background-color":"var(--ast-global-color-4)","background-image":"","background-repeat":"repeat","background-position":"center center","background-size":"auto","background-attachment":"scroll","background-type":"","background-media":"","overlay-type":"","overlay-color":"","overlay-gradient":""},"tablet":{"background-color":"","background-image":"","background-repeat":"repeat","background-position":"center center","background-size":"auto","background-attachment":"scroll","background-type":"","background-media":"","overlay-type":"","overlay-color":"","overlay-gradient":""},"mobile":{"background-color":"","background-image":"","background-repeat":"repeat","background-position":"center center","background-size":"auto","background-attachment":"scroll","background-type":"","background-media":"","overlay-type":"","overlay-color":"","overlay-gradient":""}},"ast-content-background-meta":{"desktop":{"background-color":"var(--ast-global-color-5)","background-image":"","background-repeat":"repeat","background-position":"center center","background-size":"auto","background-attachment":"scroll","background-type":"","background-media":"","overlay-type":"","overlay-color":"","overlay-gradient":""},"tablet":{"background-color":"var(--ast-global-color-5)","background-image":"","background-repeat":"repeat","background-position":"center center","background-size":"auto","background-attachment":"scroll","background-type":"","background-media":"","overlay-type":"","overlay-color":"","overlay-gradient":""},"mobile":{"background-color":"var(--ast-global-color-5)","background-image":"","background-repeat":"repeat","background-position":"center center","background-size":"auto","background-attachment":"scroll","background-type":"","background-media":"","overlay-type":"","overlay-color":"","overlay-gradient":""}},"footnotes":""},"categories":[838,7611,1184,1141,9284,839],"tags":[13045,13980,20061,8009,104856,8007],"class_list":["post-41378","post","type-post","status-publish","format-standard","hentry","category-ciencia-politica","category-organizacion-y-direccion-de-las-instituciones-educativas","category-organizacion-y-planificacion-de-la-educacion","category-pedagogia","category-politica-educativa","category-politicas-sectoriales","tag-adalberto-ferrandez-arenaz","tag-angel-pio-gonzalez-soto","tag-antonio-bernat-montesinos","tag-jose-luis-san-fabian-maroto","tag-juan-ramon-soler-santaliestra","tag-miguel-angel-santos-guerra"],"_links":{"self":[{"href":"https:\/\/www.deberes.net\/tesis\/wp-json\/wp\/v2\/posts\/41378","targetHints":{"allow":["GET"]}}],"collection":[{"href":"https:\/\/www.deberes.net\/tesis\/wp-json\/wp\/v2\/posts"}],"about":[{"href":"https:\/\/www.deberes.net\/tesis\/wp-json\/wp\/v2\/types\/post"}],"author":[{"embeddable":true,"href":"https:\/\/www.deberes.net\/tesis\/wp-json\/wp\/v2\/users\/1"}],"replies":[{"embeddable":true,"href":"https:\/\/www.deberes.net\/tesis\/wp-json\/wp\/v2\/comments?post=41378"}],"version-history":[{"count":0,"href":"https:\/\/www.deberes.net\/tesis\/wp-json\/wp\/v2\/posts\/41378\/revisions"}],"wp:attachment":[{"href":"https:\/\/www.deberes.net\/tesis\/wp-json\/wp\/v2\/media?parent=41378"}],"wp:term":[{"taxonomy":"category","embeddable":true,"href":"https:\/\/www.deberes.net\/tesis\/wp-json\/wp\/v2\/categories?post=41378"},{"taxonomy":"post_tag","embeddable":true,"href":"https:\/\/www.deberes.net\/tesis\/wp-json\/wp\/v2\/tags?post=41378"}],"curies":[{"name":"wp","href":"https:\/\/api.w.org\/{rel}","templated":true}]}}