{"id":41532,"date":"1999-01-01T00:00:00","date_gmt":"1999-01-01T00:00:00","guid":{"rendered":"https:\/\/www.deberes.net\/tesis\/sin-categoria\/las-fuentes-intelectuales-del-fascismo-espanol\/"},"modified":"1999-01-01T00:00:00","modified_gmt":"1999-01-01T00:00:00","slug":"las-fuentes-intelectuales-del-fascismo-espanol","status":"publish","type":"post","link":"https:\/\/www.deberes.net\/tesis\/filosofia\/las-fuentes-intelectuales-del-fascismo-espanol\/","title":{"rendered":"Las fuentes intelectuales del fascismo espa\u00f1ol."},"content":{"rendered":"<h2>Tesis doctoral de <strong> Moises Simancas Tejedor <\/strong><\/h2>\n<p>La tesis constituye un estudio cronol\u00f3gico de la formaci\u00f3n del pensamiento de jos\u00e9 antonio durante el preso inicial hasta noviembre de 1934.  la aportaci\u00f3n m\u00e1s importante reside en la sistematizaci\u00f3n de las fuentes, la presntaci\u00f3n integra de textos de jos\u00e9 antonio durante el proceso inicial hasta noviembre de 1934.  la aportaci\u00f3n m\u00e1s importante reside en la sistematizaci\u00f3n de las fuentes, la presentaci\u00f3n integra de textos de jos\u00e9 antonio poco conocidos y la evoluci\u00f3n del personaje desde sus a\u00f1os universitarios hasta la fase en que la rep\u00fablica exig\u00eda, por su parte, no s\u00f3lo una cr\u00edtica jur\u00eddica sino social y pol\u00edtica.  se aporta una bibliograf\u00eda sobre jos\u00e1 antonio muy completa que facilitar\u00e1 en el futuro el acceso de los estudiosos del fascismo espa\u00f1ol a los textos m\u00e1s importantes.<\/p>\n<p>&nbsp;<\/p>\n<h3>Datos acad\u00e9micos de la tesis doctoral \u00ab<strong>Las fuentes intelectuales del fascismo espa\u00f1ol.<\/strong>\u00ab<\/h3>\n<ul>\n<li><strong>T\u00edtulo de la tesis:<\/strong>\u00a0 Las fuentes intelectuales del fascismo espa\u00f1ol. <\/li>\n<li><strong>Autor:<\/strong>\u00a0 Moises Simancas Tejedor <\/li>\n<li><strong>Universidad:<\/strong>\u00a0 Aut\u00f3noma de Madrid<\/li>\n<li><strong>Fecha de lectura de la tesis:<\/strong>\u00a0 01\/01\/1999<\/li>\n<\/ul>\n<p>&nbsp;<\/p>\n<h3>Direcci\u00f3n y tribunal<\/h3>\n<ul>\n<li><strong>Director de la tesis<\/strong>\n<ul>\n<li>Diego N\u00fa\u00f1ez Ruiz<\/li>\n<\/ul>\n<\/li>\n<li><strong>Tribunal<\/strong>\n<ul>\n<li>Presidente del tribunal: pedro Ribas ribas <\/li>\n<li>Antonio Jim\u00e9nez Garc\u00eda (vocal)<\/li>\n<li>julio Gil pecharroman (vocal)<\/li>\n<li>Antonio Heredia soriano (vocal)<\/li>\n<\/ul>\n<\/li>\n<\/ul>\n<p>&nbsp;<\/p>\n","protected":false},"excerpt":{"rendered":"<p>Tesis doctoral de Moises Simancas Tejedor La tesis constituye un estudio cronol\u00f3gico de la formaci\u00f3n del pensamiento de jos\u00e9 antonio [&hellip;]<\/p>\n","protected":false},"author":1,"featured_media":0,"comment_status":"open","ping_status":"open","sticky":false,"template":"","format":"standard","meta":{"site-sidebar-layout":"default","site-content-layout":"","ast-site-content-layout":"","site-content-style":"default","site-sidebar-style":"default","ast-global-header-display":"","ast-banner-title-visibility":"","ast-main-header-display":"","ast-hfb-above-header-display":"","ast-hfb-below-header-display":"","ast-hfb-mobile-header-display":"","site-post-title":"","ast-breadcrumbs-content":"","ast-featured-img":"","footer-sml-layout":"","theme-transparent-header-meta":"","adv-header-id-meta":"","stick-header-meta":"","header-above-stick-meta":"","header-main-stick-meta":"","header-below-stick-meta":"","astra-migrate-meta-layouts":"default","ast-page-background-enabled":"default","ast-page-background-meta":{"desktop":{"background-color":"var(--ast-global-color-4)","background-image":"","background-repeat":"repeat","background-position":"center center","background-size":"auto","background-attachment":"scroll","background-type":"","background-media":"","overlay-type":"","overlay-color":"","overlay-gradient":""},"tablet":{"background-color":"","background-image":"","background-repeat":"repeat","background-position":"center center","background-size":"auto","background-attachment":"scroll","background-type":"","background-media":"","overlay-type":"","overlay-color":"","overlay-gradient":""},"mobile":{"background-color":"","background-image":"","background-repeat":"repeat","background-position":"center center","background-size":"auto","background-attachment":"scroll","background-type":"","background-media":"","overlay-type":"","overlay-color":"","overlay-gradient":""}},"ast-content-background-meta":{"desktop":{"background-color":"var(--ast-global-color-5)","background-image":"","background-repeat":"repeat","background-position":"center center","background-size":"auto","background-attachment":"scroll","background-type":"","background-media":"","overlay-type":"","overlay-color":"","overlay-gradient":""},"tablet":{"background-color":"var(--ast-global-color-5)","background-image":"","background-repeat":"repeat","background-position":"center center","background-size":"auto","background-attachment":"scroll","background-type":"","background-media":"","overlay-type":"","overlay-color":"","overlay-gradient":""},"mobile":{"background-color":"var(--ast-global-color-5)","background-image":"","background-repeat":"repeat","background-position":"center center","background-size":"auto","background-attachment":"scroll","background-type":"","background-media":"","overlay-type":"","overlay-color":"","overlay-gradient":""}},"footnotes":""},"categories":[838,165,6008,1078,7374,31407,6917],"tags":[1836,1837,29679,4846,105138,30235],"class_list":["post-41532","post","type-post","status-publish","format-standard","hentry","category-ciencia-politica","category-filosofia","category-filosofia-politica","category-filosofia-social","category-sistemas-politicos","category-sistemas-politicos-del-area-europea","category-teoria-politica","tag-antonio-heredia-soriano","tag-antonio-jimenez-garcia","tag-diego-nunez-ruiz","tag-julio-gil-pecharroman","tag-moises-simancas-tejedor","tag-pedro-ribas-ribas"],"_links":{"self":[{"href":"https:\/\/www.deberes.net\/tesis\/wp-json\/wp\/v2\/posts\/41532","targetHints":{"allow":["GET"]}}],"collection":[{"href":"https:\/\/www.deberes.net\/tesis\/wp-json\/wp\/v2\/posts"}],"about":[{"href":"https:\/\/www.deberes.net\/tesis\/wp-json\/wp\/v2\/types\/post"}],"author":[{"embeddable":true,"href":"https:\/\/www.deberes.net\/tesis\/wp-json\/wp\/v2\/users\/1"}],"replies":[{"embeddable":true,"href":"https:\/\/www.deberes.net\/tesis\/wp-json\/wp\/v2\/comments?post=41532"}],"version-history":[{"count":0,"href":"https:\/\/www.deberes.net\/tesis\/wp-json\/wp\/v2\/posts\/41532\/revisions"}],"wp:attachment":[{"href":"https:\/\/www.deberes.net\/tesis\/wp-json\/wp\/v2\/media?parent=41532"}],"wp:term":[{"taxonomy":"category","embeddable":true,"href":"https:\/\/www.deberes.net\/tesis\/wp-json\/wp\/v2\/categories?post=41532"},{"taxonomy":"post_tag","embeddable":true,"href":"https:\/\/www.deberes.net\/tesis\/wp-json\/wp\/v2\/tags?post=41532"}],"curies":[{"name":"wp","href":"https:\/\/api.w.org\/{rel}","templated":true}]}}