{"id":41566,"date":"1999-01-01T00:00:00","date_gmt":"1999-01-01T00:00:00","guid":{"rendered":"https:\/\/www.deberes.net\/tesis\/sin-categoria\/la-dimension-palestina-del-proceso-de-paz-de-oriente-medio-1967-1996\/"},"modified":"1999-01-01T00:00:00","modified_gmt":"1999-01-01T00:00:00","slug":"la-dimension-palestina-del-proceso-de-paz-de-oriente-medio-1967-1996","status":"publish","type":"post","link":"https:\/\/www.deberes.net\/tesis\/historia\/la-dimension-palestina-del-proceso-de-paz-de-oriente-medio-1967-1996\/","title":{"rendered":"La dimension palestina del proceso de paz de oriente medio (1967-1996)."},"content":{"rendered":"<h2>Tesis doctoral de <strong> Ignacio Alvarez Ossorio  Alvari\u00f1o <\/strong><\/h2>\n<p>La tesis doctoral titulada \u00abla dimensi\u00f3n palestina del proceso de paz de oriente medio (1967-1996)\u00bb tiene por objeto el estudio del proceso de paz de oriente medio desde la dimensi\u00f3n palestina durante los a\u00f1os 1967 y 1996. El estudio ha sido enfocado desde la perspectiva de la teor\u00eda de las \u00e9lites y de las relaciones internacionales y pretende valorizar, en su justa medida, la implicaci\u00f3n de las \u00e9lites pol\u00edticas palestinas y de la organizaci\u00f3n para la liberaci\u00f3n de palestina (olp) en el proceso de paz medioriental.  el estudio se estructura en cuatro cap\u00edtulos en las que se repasa el contexto regional medioriental, la situaci\u00f3n del movimiento de liberaci\u00f3n nacional palestino y las iniciativas pacificadoras presentadas por los actores pol\u00edticos con intereses en oriente medio. Cada uno de los cap\u00edtulos arranca tras un conflicto b\u00e9lico (la guerra de los seis d\u00edas en 1967, la guerra de yum kippur en 1973, la evaluaci\u00f3n de beirut en 1982 y la guerra del golfo en 1991) con lo que se destaca la relaci\u00f3n existente entre las irrupciones de conflictos y las din\u00e1micas pacificadoras.<\/p>\n<p>&nbsp;<\/p>\n<h3>Datos acad\u00e9micos de la tesis doctoral \u00ab<strong>La dimension palestina del proceso de paz de oriente medio (1967-1996).<\/strong>\u00ab<\/h3>\n<ul>\n<li><strong>T\u00edtulo de la tesis:<\/strong>\u00a0 La dimension palestina del proceso de paz de oriente medio (1967-1996). <\/li>\n<li><strong>Autor:<\/strong>\u00a0 Ignacio Alvarez Ossorio  Alvari\u00f1o <\/li>\n<li><strong>Universidad:<\/strong>\u00a0 Aut\u00f3noma de Madrid<\/li>\n<li><strong>Fecha de lectura de la tesis:<\/strong>\u00a0 01\/01\/1999<\/li>\n<\/ul>\n<p>&nbsp;<\/p>\n<h3>Direcci\u00f3n y tribunal<\/h3>\n<ul>\n<li><strong>Director de la tesis<\/strong>\n<ul>\n<li>villasante Ruiz Bravo<\/li>\n<\/ul>\n<\/li>\n<li><strong>Tribunal<\/strong>\n<ul>\n<li>Presidente del tribunal: pedro Martinez montavez <\/li>\n<li>Jos\u00e9 Abu tarbush (vocal)<\/li>\n<li>roberto Mesa garrido (vocal)<\/li>\n<li>antoni Segura i mas (vocal)<\/li>\n<\/ul>\n<\/li>\n<\/ul>\n<p>&nbsp;<\/p>\n","protected":false},"excerpt":{"rendered":"<p>Tesis doctoral de Ignacio Alvarez Ossorio Alvari\u00f1o La tesis doctoral titulada \u00abla dimensi\u00f3n palestina del proceso de paz de oriente [&hellip;]<\/p>\n","protected":false},"author":1,"featured_media":0,"comment_status":"open","ping_status":"open","sticky":false,"template":"","format":"standard","meta":{"site-sidebar-layout":"default","site-content-layout":"","ast-site-content-layout":"","site-content-style":"default","site-sidebar-style":"default","ast-global-header-display":"","ast-banner-title-visibility":"","ast-main-header-display":"","ast-hfb-above-header-display":"","ast-hfb-below-header-display":"","ast-hfb-mobile-header-display":"","site-post-title":"","ast-breadcrumbs-content":"","ast-featured-img":"","footer-sml-layout":"","theme-transparent-header-meta":"","adv-header-id-meta":"","stick-header-meta":"","header-above-stick-meta":"","header-main-stick-meta":"","header-below-stick-meta":"","astra-migrate-meta-layouts":"default","ast-page-background-enabled":"default","ast-page-background-meta":{"desktop":{"background-color":"var(--ast-global-color-4)","background-image":"","background-repeat":"repeat","background-position":"center center","background-size":"auto","background-attachment":"scroll","background-type":"","background-media":"","overlay-type":"","overlay-color":"","overlay-gradient":""},"tablet":{"background-color":"","background-image":"","background-repeat":"repeat","background-position":"center center","background-size":"auto","background-attachment":"scroll","background-type":"","background-media":"","overlay-type":"","overlay-color":"","overlay-gradient":""},"mobile":{"background-color":"","background-image":"","background-repeat":"repeat","background-position":"center center","background-size":"auto","background-attachment":"scroll","background-type":"","background-media":"","overlay-type":"","overlay-color":"","overlay-gradient":""}},"ast-content-background-meta":{"desktop":{"background-color":"var(--ast-global-color-5)","background-image":"","background-repeat":"repeat","background-position":"center center","background-size":"auto","background-attachment":"scroll","background-type":"","background-media":"","overlay-type":"","overlay-color":"","overlay-gradient":""},"tablet":{"background-color":"var(--ast-global-color-5)","background-image":"","background-repeat":"repeat","background-position":"center center","background-size":"auto","background-attachment":"scroll","background-type":"","background-media":"","overlay-type":"","overlay-color":"","overlay-gradient":""},"mobile":{"background-color":"var(--ast-global-color-5)","background-image":"","background-repeat":"repeat","background-position":"center center","background-size":"auto","background-attachment":"scroll","background-type":"","background-media":"","overlay-type":"","overlay-color":"","overlay-gradient":""}},"footnotes":""},"categories":[838,104,1816,220,23417,839,5826,4073],"tags":[12941,105203,105204,3890,4619,81333],"class_list":["post-41566","post","type-post","status-publish","format-standard","hentry","category-ciencia-politica","category-historia","category-historia-contemporanea","category-historia-por-epocas","category-politica-exterior","category-politicas-sectoriales","category-problemas-de-las-relaciones-internacionales","category-relaciones-internacionales","tag-antoni-segura-i-mas","tag-ignacio-alvarez-ossorio-alvarino","tag-jose-abu-tarbush","tag-pedro-Martinez-montavez","tag-roberto-mesa-garrido","tag-villasante-ruiz-bravo"],"_links":{"self":[{"href":"https:\/\/www.deberes.net\/tesis\/wp-json\/wp\/v2\/posts\/41566","targetHints":{"allow":["GET"]}}],"collection":[{"href":"https:\/\/www.deberes.net\/tesis\/wp-json\/wp\/v2\/posts"}],"about":[{"href":"https:\/\/www.deberes.net\/tesis\/wp-json\/wp\/v2\/types\/post"}],"author":[{"embeddable":true,"href":"https:\/\/www.deberes.net\/tesis\/wp-json\/wp\/v2\/users\/1"}],"replies":[{"embeddable":true,"href":"https:\/\/www.deberes.net\/tesis\/wp-json\/wp\/v2\/comments?post=41566"}],"version-history":[{"count":0,"href":"https:\/\/www.deberes.net\/tesis\/wp-json\/wp\/v2\/posts\/41566\/revisions"}],"wp:attachment":[{"href":"https:\/\/www.deberes.net\/tesis\/wp-json\/wp\/v2\/media?parent=41566"}],"wp:term":[{"taxonomy":"category","embeddable":true,"href":"https:\/\/www.deberes.net\/tesis\/wp-json\/wp\/v2\/categories?post=41566"},{"taxonomy":"post_tag","embeddable":true,"href":"https:\/\/www.deberes.net\/tesis\/wp-json\/wp\/v2\/tags?post=41566"}],"curies":[{"name":"wp","href":"https:\/\/api.w.org\/{rel}","templated":true}]}}