{"id":41571,"date":"1999-01-01T00:00:00","date_gmt":"1999-01-01T00:00:00","guid":{"rendered":"https:\/\/www.deberes.net\/tesis\/sin-categoria\/la-explotacion-andalusi-de-los-metalaes-preciosos-el-caso-de-la-plata-en-cordoba\/"},"modified":"1999-01-01T00:00:00","modified_gmt":"1999-01-01T00:00:00","slug":"la-explotacion-andalusi-de-los-metalaes-preciosos-el-caso-de-la-plata-en-cordoba","status":"publish","type":"post","link":"https:\/\/www.deberes.net\/tesis\/historia\/la-explotacion-andalusi-de-los-metalaes-preciosos-el-caso-de-la-plata-en-cordoba\/","title":{"rendered":"La explotacion andalusi de los metalaes preciosos: el caso de la plata en cordoba."},"content":{"rendered":"<h2>Tesis doctoral de <strong> Paula Gra\u00f1eda Mi\u00f1on <\/strong><\/h2>\n<p>A trav\u00e9s de la informaci\u00f3n aportada por las fuentes escritas (documentales y bibliogr\u00e1ficas), arqueol\u00f3gicas, cartogr\u00e1ficas, topon\u00edmicas e iconogr\u00e1ficas, la tesis doctoral aborda el estudio de las t\u00e9cnicas (tanto prospectivas como extractivas), utillaje, tratamientos metal\u00fargicos y r\u00e9gimen de propiedad de las minas de oro y plata hispanomusulmana. se explican, tambi\u00e9n, las peculiaridades geol\u00f3gicas y metalogen\u00e9ticas que condicionan el beneficio de los metales preciosos, comparando los indicios met\u00e1licos con las referencias isl\u00e1micas. La investigaci\u00f3n se completa con el examen cuantitativo y cualitativo de la demanda de estos metales en relaci\u00f3n con las fuentes de abastecimiento y su vinculaci\u00f3n con el poder central y la emisi\u00f3n monetaria. En este sentido, se aportan soluciones al fen\u00f3meno conocido como \u00abcrisis de la plata\u00bb. El segundo tomo se dedica al estudio arqueol\u00f3gico de la materia hispanomusulmana de la plata en c\u00f3rdoba, tanto de las concesiones, como del material y poblamiento asociado.<\/p>\n<p>&nbsp;<\/p>\n<h3>Datos acad\u00e9micos de la tesis doctoral \u00ab<strong>La explotacion andalusi de los metalaes preciosos: el caso de la plata en cordoba.<\/strong>\u00ab<\/h3>\n<ul>\n<li><strong>T\u00edtulo de la tesis:<\/strong>\u00a0 La explotacion andalusi de los metalaes preciosos: el caso de la plata en cordoba. <\/li>\n<li><strong>Autor:<\/strong>\u00a0 Paula Gra\u00f1eda Mi\u00f1on <\/li>\n<li><strong>Universidad:<\/strong>\u00a0 Aut\u00f3noma de Madrid<\/li>\n<li><strong>Fecha de lectura de la tesis:<\/strong>\u00a0 01\/01\/1999<\/li>\n<\/ul>\n<p>&nbsp;<\/p>\n<h3>Direcci\u00f3n y tribunal<\/h3>\n<ul>\n<li><strong>Director de la tesis<\/strong>\n<ul>\n<li>Alberto Canto Garcia<\/li>\n<\/ul>\n<\/li>\n<li><strong>Tribunal<\/strong>\n<ul>\n<li>Presidente del tribunal: manuel Bendala galan <\/li>\n<li>patricia Cressier (vocal)<\/li>\n<li>Mar\u00eda Jes\u00fas Viguera molins (vocal)<\/li>\n<li>Manuel Acien almansa (vocal)<\/li>\n<\/ul>\n<\/li>\n<\/ul>\n<p>&nbsp;<\/p>\n","protected":false},"excerpt":{"rendered":"<p>Tesis doctoral de Paula Gra\u00f1eda Mi\u00f1on A trav\u00e9s de la informaci\u00f3n aportada por las fuentes escritas (documentales y bibliogr\u00e1ficas), arqueol\u00f3gicas, [&hellip;]<\/p>\n","protected":false},"author":1,"featured_media":0,"comment_status":"open","ping_status":"open","sticky":false,"template":"","format":"standard","meta":{"site-sidebar-layout":"default","site-content-layout":"","ast-site-content-layout":"","site-content-style":"default","site-sidebar-style":"default","ast-global-header-display":"","ast-banner-title-visibility":"","ast-main-header-display":"","ast-hfb-above-header-display":"","ast-hfb-below-header-display":"","ast-hfb-mobile-header-display":"","site-post-title":"","ast-breadcrumbs-content":"","ast-featured-img":"","footer-sml-layout":"","theme-transparent-header-meta":"","adv-header-id-meta":"","stick-header-meta":"","header-above-stick-meta":"","header-main-stick-meta":"","header-below-stick-meta":"","astra-migrate-meta-layouts":"default","ast-page-background-enabled":"default","ast-page-background-meta":{"desktop":{"background-color":"var(--ast-global-color-4)","background-image":"","background-repeat":"repeat","background-position":"center center","background-size":"auto","background-attachment":"scroll","background-type":"","background-media":"","overlay-type":"","overlay-color":"","overlay-gradient":""},"tablet":{"background-color":"","background-image":"","background-repeat":"repeat","background-position":"center center","background-size":"auto","background-attachment":"scroll","background-type":"","background-media":"","overlay-type":"","overlay-color":"","overlay-gradient":""},"mobile":{"background-color":"","background-image":"","background-repeat":"repeat","background-position":"center center","background-size":"auto","background-attachment":"scroll","background-type":"","background-media":"","overlay-type":"","overlay-color":"","overlay-gradient":""}},"ast-content-background-meta":{"desktop":{"background-color":"var(--ast-global-color-5)","background-image":"","background-repeat":"repeat","background-position":"center center","background-size":"auto","background-attachment":"scroll","background-type":"","background-media":"","overlay-type":"","overlay-color":"","overlay-gradient":""},"tablet":{"background-color":"var(--ast-global-color-5)","background-image":"","background-repeat":"repeat","background-position":"center center","background-size":"auto","background-attachment":"scroll","background-type":"","background-media":"","overlay-type":"","overlay-color":"","overlay-gradient":""},"mobile":{"background-color":"var(--ast-global-color-5)","background-image":"","background-repeat":"repeat","background-position":"center center","background-size":"auto","background-attachment":"scroll","background-type":"","background-media":"","overlay-type":"","overlay-color":"","overlay-gradient":""}},"footnotes":""},"categories":[1623,1624,104,1795,222],"tags":[49248,2256,14487,3892,105217,105216],"class_list":["post-41571","post","type-post","status-publish","format-standard","hentry","category-arqueologia","category-ciencias-auxiliares-de-la-historia","category-historia","category-historia-de-la-tecnologia","category-historias-especializadas","tag-alberto-canto-garcia","tag-manuel-acien-almansa","tag-manuel-bendala-galan","tag-maria-jesus-viguera-molins","tag-patricia-cressier","tag-paula-graneda-minon"],"_links":{"self":[{"href":"https:\/\/www.deberes.net\/tesis\/wp-json\/wp\/v2\/posts\/41571","targetHints":{"allow":["GET"]}}],"collection":[{"href":"https:\/\/www.deberes.net\/tesis\/wp-json\/wp\/v2\/posts"}],"about":[{"href":"https:\/\/www.deberes.net\/tesis\/wp-json\/wp\/v2\/types\/post"}],"author":[{"embeddable":true,"href":"https:\/\/www.deberes.net\/tesis\/wp-json\/wp\/v2\/users\/1"}],"replies":[{"embeddable":true,"href":"https:\/\/www.deberes.net\/tesis\/wp-json\/wp\/v2\/comments?post=41571"}],"version-history":[{"count":0,"href":"https:\/\/www.deberes.net\/tesis\/wp-json\/wp\/v2\/posts\/41571\/revisions"}],"wp:attachment":[{"href":"https:\/\/www.deberes.net\/tesis\/wp-json\/wp\/v2\/media?parent=41571"}],"wp:term":[{"taxonomy":"category","embeddable":true,"href":"https:\/\/www.deberes.net\/tesis\/wp-json\/wp\/v2\/categories?post=41571"},{"taxonomy":"post_tag","embeddable":true,"href":"https:\/\/www.deberes.net\/tesis\/wp-json\/wp\/v2\/tags?post=41571"}],"curies":[{"name":"wp","href":"https:\/\/api.w.org\/{rel}","templated":true}]}}