{"id":4162,"date":"1994-01-01T00:00:00","date_gmt":"1994-01-01T00:00:00","guid":{"rendered":"https:\/\/www.deberes.net\/tesis\/1994\/01\/01\/historia-economica-de-la-compania-metropolitano-alfonso-xiii-1917-1977\/"},"modified":"1994-01-01T00:00:00","modified_gmt":"1994-01-01T00:00:00","slug":"historia-economica-de-la-compania-metropolitano-alfonso-xiii-1917-1977","status":"publish","type":"post","link":"https:\/\/www.deberes.net\/tesis\/ciencias-economicas\/historia-economica-de-la-compania-metropolitano-alfonso-xiii-1917-1977\/","title":{"rendered":"Historia economica de la compa\u00f1ia metropolitano alfonso xiii (1917-1977)"},"content":{"rendered":"<h2>Tesis doctoral de <strong> Esther Mendez Perez <\/strong><\/h2>\n<p>La historia economica de la compa\u00f1ia metropolitano alfonso xiii, 1917-1977, estudia la evolucion economica de esta compa\u00f1ia desde el momento de su creacion hasta el ultimo a\u00f1o en que la empresa es de propiedad privada. El analisis utiliza dos enfoques, el historicista donde pone en relacion los acontecimientos historicos que afectaron de manera especial a la empresa como el mas puro analisis contable, donde se obtiene una serie contable homogeneizada con el indice de precios al consumo en base al a\u00f1o 1918. A partir de aqui se realiza un exhaustivo analisis de la rentabilidad alcanzada por la empresa, el desarrollo financiero, la solvencia y la liquidez.  sin duda alguna el presente estudio constituye una recopilacion de importantes fuentes y documentos afectos a la compa\u00f1ia y al desarrollo de Madrid, haciendo especial hincapie en como el regimen franquista y el intervencionismo economico causo consecuencias y efectos perniciosos en el libre funcionamiento de la economia y la empresa en cuestion.<\/p>\n<p>&nbsp;<\/p>\n<h3>Datos acad\u00e9micos de la tesis doctoral \u00ab<strong>Historia economica de la compa\u00f1ia metropolitano alfonso xiii (1917-1977)<\/strong>\u00ab<\/h3>\n<ul>\n<li><strong>T\u00edtulo de la tesis:<\/strong>\u00a0 Historia economica de la compa\u00f1ia metropolitano alfonso xiii (1917-1977) <\/li>\n<li><strong>Autor:<\/strong>\u00a0 Esther Mendez Perez <\/li>\n<li><strong>Universidad:<\/strong>\u00a0 Nacional de educaci\u00f3n a distancia<\/li>\n<li><strong>Fecha de lectura de la tesis:<\/strong>\u00a0 01\/01\/1994<\/li>\n<\/ul>\n<p>&nbsp;<\/p>\n<h3>Direcci\u00f3n y tribunal<\/h3>\n<ul>\n<li><strong>Director de la tesis<\/strong>\n<ul>\n<li>Amelia Perez Zabaleta<\/li>\n<\/ul>\n<\/li>\n<li><strong>Tribunal<\/strong>\n<ul>\n<li>Presidente del tribunal:  Gonzalez Gonzalez Manuel J. <\/li>\n<li>Jos\u00e9 Mar\u00eda Casado Raigon (vocal)<\/li>\n<li>Jes\u00fas Urias Valiente (vocal)<\/li>\n<li>Luis Tomas Diez De Castro (vocal)<\/li>\n<\/ul>\n<\/li>\n<\/ul>\n<p>&nbsp;<\/p>\n","protected":false},"excerpt":{"rendered":"<p>Tesis doctoral de Esther Mendez Perez La historia economica de la compa\u00f1ia metropolitano alfonso xiii, 1917-1977, estudia la evolucion economica [&hellip;]<\/p>\n","protected":false},"author":1,"featured_media":0,"comment_status":"open","ping_status":"open","sticky":false,"template":"","format":"standard","meta":{"site-sidebar-layout":"default","site-content-layout":"","ast-site-content-layout":"","site-content-style":"default","site-sidebar-style":"default","ast-global-header-display":"","ast-banner-title-visibility":"","ast-main-header-display":"","ast-hfb-above-header-display":"","ast-hfb-below-header-display":"","ast-hfb-mobile-header-display":"","site-post-title":"","ast-breadcrumbs-content":"","ast-featured-img":"","footer-sml-layout":"","theme-transparent-header-meta":"","adv-header-id-meta":"","stick-header-meta":"","header-above-stick-meta":"","header-main-stick-meta":"","header-below-stick-meta":"","astra-migrate-meta-layouts":"default","ast-page-background-enabled":"default","ast-page-background-meta":{"desktop":{"background-color":"var(--ast-global-color-4)","background-image":"","background-repeat":"repeat","background-position":"center center","background-size":"auto","background-attachment":"scroll","background-type":"","background-media":"","overlay-type":"","overlay-color":"","overlay-gradient":""},"tablet":{"background-color":"","background-image":"","background-repeat":"repeat","background-position":"center center","background-size":"auto","background-attachment":"scroll","background-type":"","background-media":"","overlay-type":"","overlay-color":"","overlay-gradient":""},"mobile":{"background-color":"","background-image":"","background-repeat":"repeat","background-position":"center center","background-size":"auto","background-attachment":"scroll","background-type":"","background-media":"","overlay-type":"","overlay-color":"","overlay-gradient":""}},"ast-content-background-meta":{"desktop":{"background-color":"var(--ast-global-color-5)","background-image":"","background-repeat":"repeat","background-position":"center center","background-size":"auto","background-attachment":"scroll","background-type":"","background-media":"","overlay-type":"","overlay-color":"","overlay-gradient":""},"tablet":{"background-color":"var(--ast-global-color-5)","background-image":"","background-repeat":"repeat","background-position":"center center","background-size":"auto","background-attachment":"scroll","background-type":"","background-media":"","overlay-type":"","overlay-color":"","overlay-gradient":""},"mobile":{"background-color":"var(--ast-global-color-5)","background-image":"","background-repeat":"repeat","background-position":"center center","background-size":"auto","background-attachment":"scroll","background-type":"","background-media":"","overlay-type":"","overlay-color":"","overlay-gradient":""}},"footnotes":""},"categories":[82,3132,17285,17070,2825],"tags":[17287,17286,17288,7054,2229,6515],"class_list":["post-4162","post","type-post","status-publish","format-standard","hentry","category-ciencias-economicas","category-economia-general","category-empresas-de-servicios-publicos","category-nacional-de-educacion-a-distancia","category-organizacion-industrial-y-sector-publico","tag-amelia-perez-zabaleta","tag-esther-mendez-perez","tag-gonzalez-gonzalez-manuel-j","tag-jesus-urias-valiente","tag-jose-maria-casado-raigon","tag-luis-tomas-diez-de-castro"],"_links":{"self":[{"href":"https:\/\/www.deberes.net\/tesis\/wp-json\/wp\/v2\/posts\/4162","targetHints":{"allow":["GET"]}}],"collection":[{"href":"https:\/\/www.deberes.net\/tesis\/wp-json\/wp\/v2\/posts"}],"about":[{"href":"https:\/\/www.deberes.net\/tesis\/wp-json\/wp\/v2\/types\/post"}],"author":[{"embeddable":true,"href":"https:\/\/www.deberes.net\/tesis\/wp-json\/wp\/v2\/users\/1"}],"replies":[{"embeddable":true,"href":"https:\/\/www.deberes.net\/tesis\/wp-json\/wp\/v2\/comments?post=4162"}],"version-history":[{"count":0,"href":"https:\/\/www.deberes.net\/tesis\/wp-json\/wp\/v2\/posts\/4162\/revisions"}],"wp:attachment":[{"href":"https:\/\/www.deberes.net\/tesis\/wp-json\/wp\/v2\/media?parent=4162"}],"wp:term":[{"taxonomy":"category","embeddable":true,"href":"https:\/\/www.deberes.net\/tesis\/wp-json\/wp\/v2\/categories?post=4162"},{"taxonomy":"post_tag","embeddable":true,"href":"https:\/\/www.deberes.net\/tesis\/wp-json\/wp\/v2\/tags?post=4162"}],"curies":[{"name":"wp","href":"https:\/\/api.w.org\/{rel}","templated":true}]}}