{"id":41693,"date":"1999-01-01T00:00:00","date_gmt":"1999-01-01T00:00:00","guid":{"rendered":"https:\/\/www.deberes.net\/tesis\/sin-categoria\/caracterizacion-de-una-nueva-onda-de-linfopoyesis-b-en-momentos-perinatales-de-la-vida-del-raton\/"},"modified":"1999-01-01T00:00:00","modified_gmt":"1999-01-01T00:00:00","slug":"caracterizacion-de-una-nueva-onda-de-linfopoyesis-b-en-momentos-perinatales-de-la-vida-del-raton","status":"publish","type":"post","link":"https:\/\/www.deberes.net\/tesis\/ciencias-de-la-vida\/caracterizacion-de-una-nueva-onda-de-linfopoyesis-b-en-momentos-perinatales-de-la-vida-del-raton\/","title":{"rendered":"Caracterizacion de una nueva onda de linfopoyesis b en momentos perinatales de la vida del raton."},"content":{"rendered":"<h2>Tesis doctoral de <strong> Patricia Morales Aragones <\/strong><\/h2>\n<p>Hasta el momento, existen numerosas referencias en la literatura que describen caracter\u00edsticas diferenciales entre las c\u00e9lulas b de origen fetal y las de origen adulto. En este trabajo, el an\u00e1lisis exhaustivo del linaje b en momentos perinatales, nos ha permitido caracterizar la transici\u00f3n entre ambos compartimentos. De este modo, comprobamos que la linfopoyesis b que ocurre en el \u00faltimo tercio de la gestaci\u00f3n del rat\u00f3n, se agota antes de la primera semana de vida posnatal en el h\u00edgado, el bazo y la m\u00e9dula \u00f3sea. Todos los estadios del linaje b sufren una dram\u00e1tica reducci\u00f3n en sus n\u00fameros absolutos, iniciada en la fracci\u00f3n m\u00e1s inmadura (c\u00e9lulas pro-b) y trasladada seguidamente a las cbelulas pre-b y a las c\u00e9lulas b (igm+). Posteriormente, comienza una nueva onda de diferenciaci\u00f3n b, caracterizada por una recuperaci\u00f3n de los n\u00fameros de c\u00e9lulas pro-b, pre-b y b. Esta segunda onda se agota definitivamente en el bazo y el h\u00edgado antes del primer mes de vida posnatal y permanece en la m\u00e9dula \u00f3sea, \u00fanico lugar de hematopoyesis en el adulto. el origen de estas dos ondas de linfopoyesis b est\u00e1 en una reducci\u00f3n y posterior recuperaci\u00f3n de los numerosos absolutos de c\u00e9lulas pro-b y no en alteraciones de la capacidad de estos progenitores para proliferar y diferenciarse. Cabe destacar que esta cin\u00e9tica no se detecta en la generaci\u00f3n de otros linaje hmatopoy\u00e9ticos, por lo que de tener su origen en la restricci\u00f3n al linaje b de manera espec\u00edfica.  las dos ondas de linfopoyesis b, detectadas a partir de datos cuantitativos, presentan adem\u00e1s diferentes patrones de expresi\u00f3n g\u00e9nica. En primer lugar, las c\u00e9lulas pro-b de la onfa fetal, no expresan la polimerasa tdt (cuantificada por rt-pcr), lo que explica la ausencia de nucle\u00f3tidos n en las inmunoglobulinas neonatales. El inicio de la transcripci\u00f3n de tdt marca la emergencia de los primeros progenitores de tipo adulto (d\u00eda 1 posnatal) y esta transcripci<\/p>\n<p>&nbsp;<\/p>\n<h3>Datos acad\u00e9micos de la tesis doctoral \u00ab<strong>Caracterizacion de una nueva onda de linfopoyesis b en momentos perinatales de la vida del raton.<\/strong>\u00ab<\/h3>\n<ul>\n<li><strong>T\u00edtulo de la tesis:<\/strong>\u00a0 Caracterizacion de una nueva onda de linfopoyesis b en momentos perinatales de la vida del raton. <\/li>\n<li><strong>Autor:<\/strong>\u00a0 Patricia Morales Aragones <\/li>\n<li><strong>Universidad:<\/strong>\u00a0 Aut\u00f3noma de Madrid<\/li>\n<li><strong>Fecha de lectura de la tesis:<\/strong>\u00a0 01\/01\/1999<\/li>\n<\/ul>\n<p>&nbsp;<\/p>\n<h3>Direcci\u00f3n y tribunal<\/h3>\n<ul>\n<li><strong>Director de la tesis<\/strong>\n<ul>\n<li>Miguel Angel Rodriguez Marcos<\/li>\n<\/ul>\n<\/li>\n<li><strong>Tribunal<\/strong>\n<ul>\n<li>Presidente del tribunal: agustin gregorio Zapata gonzalez <\/li>\n<li>Mar\u00eda  Luisa Toribio garcia (vocal)<\/li>\n<li>Carlos Fernandez-ardavin (vocal)<\/li>\n<li>  (vocal)<\/li>\n<\/ul>\n<\/li>\n<\/ul>\n<p>&nbsp;<\/p>\n","protected":false},"excerpt":{"rendered":"<p>Tesis doctoral de Patricia Morales Aragones Hasta el momento, existen numerosas referencias en la literatura que describen caracter\u00edsticas diferenciales entre [&hellip;]<\/p>\n","protected":false},"author":1,"featured_media":0,"comment_status":"open","ping_status":"open","sticky":false,"template":"","format":"standard","meta":{"site-sidebar-layout":"default","site-content-layout":"","ast-site-content-layout":"","site-content-style":"default","site-sidebar-style":"default","ast-global-header-display":"","ast-banner-title-visibility":"","ast-main-header-display":"","ast-hfb-above-header-display":"","ast-hfb-below-header-display":"","ast-hfb-mobile-header-display":"","site-post-title":"","ast-breadcrumbs-content":"","ast-featured-img":"","footer-sml-layout":"","theme-transparent-header-meta":"","adv-header-id-meta":"","stick-header-meta":"","header-above-stick-meta":"","header-main-stick-meta":"","header-below-stick-meta":"","astra-migrate-meta-layouts":"default","ast-page-background-enabled":"default","ast-page-background-meta":{"desktop":{"background-color":"var(--ast-global-color-4)","background-image":"","background-repeat":"repeat","background-position":"center center","background-size":"auto","background-attachment":"scroll","background-type":"","background-media":"","overlay-type":"","overlay-color":"","overlay-gradient":""},"tablet":{"background-color":"","background-image":"","background-repeat":"repeat","background-position":"center center","background-size":"auto","background-attachment":"scroll","background-type":"","background-media":"","overlay-type":"","overlay-color":"","overlay-gradient":""},"mobile":{"background-color":"","background-image":"","background-repeat":"repeat","background-position":"center center","background-size":"auto","background-attachment":"scroll","background-type":"","background-media":"","overlay-type":"","overlay-color":"","overlay-gradient":""}},"ast-content-background-meta":{"desktop":{"background-color":"var(--ast-global-color-5)","background-image":"","background-repeat":"repeat","background-position":"center center","background-size":"auto","background-attachment":"scroll","background-type":"","background-media":"","overlay-type":"","overlay-color":"","overlay-gradient":""},"tablet":{"background-color":"var(--ast-global-color-5)","background-image":"","background-repeat":"repeat","background-position":"center center","background-size":"auto","background-attachment":"scroll","background-type":"","background-media":"","overlay-type":"","overlay-color":"","overlay-gradient":""},"mobile":{"background-color":"var(--ast-global-color-5)","background-image":"","background-repeat":"repeat","background-position":"center center","background-size":"auto","background-attachment":"scroll","background-type":"","background-media":"","overlay-type":"","overlay-color":"","overlay-gradient":""}},"footnotes":""},"categories":[35,995,32218,1737,226],"tags":[6521,51177,7772,55818,105425],"class_list":["post-41693","post","type-post","status-publish","format-standard","hentry","category-ciencias-de-la-vida","category-desarrollo-animal","category-formacion-de-anticuerpos","category-inmunologia","category-zoologia","tag-agustin-gregorio-zapata-gonzalez","tag-carlos-fernandez-ardavin","tag-maria-luisa-toribio-garcia","tag-miguel-angel-rodriguez-marcos","tag-patricia-morales-aragones"],"_links":{"self":[{"href":"https:\/\/www.deberes.net\/tesis\/wp-json\/wp\/v2\/posts\/41693","targetHints":{"allow":["GET"]}}],"collection":[{"href":"https:\/\/www.deberes.net\/tesis\/wp-json\/wp\/v2\/posts"}],"about":[{"href":"https:\/\/www.deberes.net\/tesis\/wp-json\/wp\/v2\/types\/post"}],"author":[{"embeddable":true,"href":"https:\/\/www.deberes.net\/tesis\/wp-json\/wp\/v2\/users\/1"}],"replies":[{"embeddable":true,"href":"https:\/\/www.deberes.net\/tesis\/wp-json\/wp\/v2\/comments?post=41693"}],"version-history":[{"count":0,"href":"https:\/\/www.deberes.net\/tesis\/wp-json\/wp\/v2\/posts\/41693\/revisions"}],"wp:attachment":[{"href":"https:\/\/www.deberes.net\/tesis\/wp-json\/wp\/v2\/media?parent=41693"}],"wp:term":[{"taxonomy":"category","embeddable":true,"href":"https:\/\/www.deberes.net\/tesis\/wp-json\/wp\/v2\/categories?post=41693"},{"taxonomy":"post_tag","embeddable":true,"href":"https:\/\/www.deberes.net\/tesis\/wp-json\/wp\/v2\/tags?post=41693"}],"curies":[{"name":"wp","href":"https:\/\/api.w.org\/{rel}","templated":true}]}}