{"id":41785,"date":"1999-01-01T00:00:00","date_gmt":"1999-01-01T00:00:00","guid":{"rendered":"https:\/\/www.deberes.net\/tesis\/sin-categoria\/venezuela-y-el-problema-de-su-identidad-arquitectonica\/"},"modified":"1999-01-01T00:00:00","modified_gmt":"1999-01-01T00:00:00","slug":"venezuela-y-el-problema-de-su-identidad-arquitectonica","status":"publish","type":"post","link":"https:\/\/www.deberes.net\/tesis\/historia\/venezuela-y-el-problema-de-su-identidad-arquitectonica\/","title":{"rendered":"Venezuela y el problema de su identidad arquitectonica."},"content":{"rendered":"<h2>Tesis doctoral de <strong> Azier Calvo Albizu <\/strong><\/h2>\n<p>El trabajo conducente a la elaboraci\u00f3n de la tesis titulada \u00abvenezuela y el problema de su identidad arquitect\u00f3nica\u00bb se ha emprendido con el objetivo general de llenar dos vac\u00edos. el primero es el relacionado con la ausencia de un acotamiento preciso sobre las m\u00faltiples implicaciones que puede llegar a tener la noci\u00f3n de identidad, objeto de estudio desde diversas disciplinas, en la arquitectura. se ha partido de la sospecha de que la identidad siempre se ha manejado en arquitectura de una manera prejuiciada, superficial y prescriptiva, y de que es posible asignarle un papel muy diferente al que hasta ahora ha desempe\u00f1ado.  el segundo vac\u00edo que se intenta llenar es uno de los muchos que tiene la aproximaci\u00f3n anal\u00edtica a la arquitectura moderna venezolana. El prop\u00f3sito subyacente en este caso ha sido encontrarle un sentido a la manera c\u00f3mo ciertas obras manifiestan su vinculaci\u00f3n a las condiciones propias del contexto en que se han levantado y c\u00f3mo algunas otras han asumido su papel representativo, todas acudiendo a una importante dosis de expresividad. Tras ellas, consciente o inconscientemente, existen una serie de planteamientos en torno a la idea de identidad que conviene revisar con el objeto de delinear una actitud que pueda sustentar una posible pedagog\u00eda del dise\u00f1o arquitect\u00f3nico.<\/p>\n<p>&nbsp;<\/p>\n<h3>Datos acad\u00e9micos de la tesis doctoral \u00ab<strong>Venezuela y el problema de su identidad arquitectonica.<\/strong>\u00ab<\/h3>\n<ul>\n<li><strong>T\u00edtulo de la tesis:<\/strong>\u00a0 Venezuela y el problema de su identidad arquitectonica. <\/li>\n<li><strong>Autor:<\/strong>\u00a0 Azier Calvo Albizu <\/li>\n<li><strong>Universidad:<\/strong>\u00a0 Polit\u00e9cnica de catalunya<\/li>\n<li><strong>Fecha de lectura de la tesis:<\/strong>\u00a0 01\/01\/1999<\/li>\n<\/ul>\n<p>&nbsp;<\/p>\n<h3>Direcci\u00f3n y tribunal<\/h3>\n<ul>\n<li><strong>Director de la tesis<\/strong>\n<ul>\n<li>Jos\u00e9 Mar\u00eda Montaner Martorell<\/li>\n<\/ul>\n<\/li>\n<li><strong>Tribunal<\/strong>\n<ul>\n<li>Presidente del tribunal: ignasi De sol\u00e1-morales rubi\u00f3 <\/li>\n<li>c\u00e9sar Portela fern\u00e1ndez-jard\u00f3n (vocal)<\/li>\n<li>josep Munta\u00f1ola thornbergs (vocal)<\/li>\n<li>Jos\u00e9 Rosas vera (vocal)<\/li>\n<\/ul>\n<\/li>\n<\/ul>\n<p>&nbsp;<\/p>\n","protected":false},"excerpt":{"rendered":"<p>Tesis doctoral de Azier Calvo Albizu El trabajo conducente a la elaboraci\u00f3n de la tesis titulada \u00abvenezuela y el problema [&hellip;]<\/p>\n","protected":false},"author":1,"featured_media":0,"comment_status":"open","ping_status":"open","sticky":false,"template":"","format":"standard","meta":{"site-sidebar-layout":"default","site-content-layout":"","ast-site-content-layout":"","site-content-style":"default","site-sidebar-style":"default","ast-global-header-display":"","ast-banner-title-visibility":"","ast-main-header-display":"","ast-hfb-above-header-display":"","ast-hfb-below-header-display":"","ast-hfb-mobile-header-display":"","site-post-title":"","ast-breadcrumbs-content":"","ast-featured-img":"","footer-sml-layout":"","theme-transparent-header-meta":"","adv-header-id-meta":"","stick-header-meta":"","header-above-stick-meta":"","header-main-stick-meta":"","header-below-stick-meta":"","astra-migrate-meta-layouts":"default","ast-page-background-enabled":"default","ast-page-background-meta":{"desktop":{"background-color":"var(--ast-global-color-4)","background-image":"","background-repeat":"repeat","background-position":"center center","background-size":"auto","background-attachment":"scroll","background-type":"","background-media":"","overlay-type":"","overlay-color":"","overlay-gradient":""},"tablet":{"background-color":"","background-image":"","background-repeat":"repeat","background-position":"center center","background-size":"auto","background-attachment":"scroll","background-type":"","background-media":"","overlay-type":"","overlay-color":"","overlay-gradient":""},"mobile":{"background-color":"","background-image":"","background-repeat":"repeat","background-position":"center center","background-size":"auto","background-attachment":"scroll","background-type":"","background-media":"","overlay-type":"","overlay-color":"","overlay-gradient":""}},"ast-content-background-meta":{"desktop":{"background-color":"var(--ast-global-color-5)","background-image":"","background-repeat":"repeat","background-position":"center center","background-size":"auto","background-attachment":"scroll","background-type":"","background-media":"","overlay-type":"","overlay-color":"","overlay-gradient":""},"tablet":{"background-color":"var(--ast-global-color-5)","background-image":"","background-repeat":"repeat","background-position":"center center","background-size":"auto","background-attachment":"scroll","background-type":"","background-media":"","overlay-type":"","overlay-color":"","overlay-gradient":""},"mobile":{"background-color":"var(--ast-global-color-5)","background-image":"","background-repeat":"repeat","background-position":"center center","background-size":"auto","background-attachment":"scroll","background-type":"","background-media":"","overlay-type":"","overlay-color":"","overlay-gradient":""}},"footnotes":""},"categories":[4509,147,12564,104,1745,222,15596],"tags":[105591,80074,88395,15725,86313,15638],"class_list":["post-41785","post","type-post","status-publish","format-standard","hentry","category-arquitectura","category-ciencias-de-las-artes-y-las-letras","category-diseno-arquitectonico","category-historia","category-historia-de-la-arquitectura","category-historias-especializadas","category-politecnica-de-catalunya","tag-azier-calvo-albizu","tag-cesar-portela-fernandez-jardon","tag-ignasi-de-sola-morales-rubio","tag-jose-maria-montaner-martorell","tag-jose-rosas-vera","tag-josep-muntanola-thornbergs"],"_links":{"self":[{"href":"https:\/\/www.deberes.net\/tesis\/wp-json\/wp\/v2\/posts\/41785","targetHints":{"allow":["GET"]}}],"collection":[{"href":"https:\/\/www.deberes.net\/tesis\/wp-json\/wp\/v2\/posts"}],"about":[{"href":"https:\/\/www.deberes.net\/tesis\/wp-json\/wp\/v2\/types\/post"}],"author":[{"embeddable":true,"href":"https:\/\/www.deberes.net\/tesis\/wp-json\/wp\/v2\/users\/1"}],"replies":[{"embeddable":true,"href":"https:\/\/www.deberes.net\/tesis\/wp-json\/wp\/v2\/comments?post=41785"}],"version-history":[{"count":0,"href":"https:\/\/www.deberes.net\/tesis\/wp-json\/wp\/v2\/posts\/41785\/revisions"}],"wp:attachment":[{"href":"https:\/\/www.deberes.net\/tesis\/wp-json\/wp\/v2\/media?parent=41785"}],"wp:term":[{"taxonomy":"category","embeddable":true,"href":"https:\/\/www.deberes.net\/tesis\/wp-json\/wp\/v2\/categories?post=41785"},{"taxonomy":"post_tag","embeddable":true,"href":"https:\/\/www.deberes.net\/tesis\/wp-json\/wp\/v2\/tags?post=41785"}],"curies":[{"name":"wp","href":"https:\/\/api.w.org\/{rel}","templated":true}]}}