{"id":41789,"date":"1999-01-01T00:00:00","date_gmt":"1999-01-01T00:00:00","guid":{"rendered":"https:\/\/www.deberes.net\/tesis\/sin-categoria\/europa-francia-y-bahia-la-difusion-y-adaptacion-de-los-modelos-urbanos-europe-os\/"},"modified":"1999-01-01T00:00:00","modified_gmt":"1999-01-01T00:00:00","slug":"europa-francia-y-bahia-la-difusion-y-adaptacion-de-los-modelos-urbanos-europe-os","status":"publish","type":"post","link":"https:\/\/www.deberes.net\/tesis\/ciencias-de-las-artes-y-las-letras\/europa-francia-y-bahia-la-difusion-y-adaptacion-de-los-modelos-urbanos-europe-os\/","title":{"rendered":"Europa, francia y bahia. la difusion y adaptacion de los modelos urbanos europe os."},"content":{"rendered":"<h2>Tesis doctoral de <strong> Eloisa Petti Pinheiro <\/strong><\/h2>\n<p>El estudio de la haussmannizaci\u00f3n se mantiene actual por medio de la producci\u00f3n de nuevos estudios que plantean nuevas interpretaciones sobre las intervencions ocurridas en par\u00eds entre 1853-1870: su forma de implantaci\u00f3n, su momento hist\u00f3rico, sus consecuencias y, principalmente, su difusi\u00f3n como modelo de ciudad moderna. Nuevos estudios analizan las reformas parisinas buscando definir un modelo que se \u00abexporta\u00bb o que se difunde, y se adapta en muchas ciudades alrededor del mundo incluso en brasil.  en esta tesis se busca identificar la adaptaci\u00f3n del modelo haussmanniano en las reformas urbanas ocurridas en r\u00edo de janeiro entre los a\u00f1os 1902-1906 y en salvador entre 1912-1916 cuando las dos ciudades pasan por una reestructuraci\u00f3n de sus trazados urbanos cambiando su forma de ciudad colonial por la ciudad burguesa capitalista. El objetivo en esta investigaci\u00f3n es entender c\u00f3mo este modelo parisino de ciudad se adapta a las ciudades brasileras, en espec\u00edfico, en las ciudades de r\u00edo de janeiro y de salvador.<\/p>\n<p>&nbsp;<\/p>\n<h3>Datos acad\u00e9micos de la tesis doctoral \u00ab<strong>Europa, francia y bahia. la difusion y adaptacion de los modelos urbanos europe os.<\/strong>\u00ab<\/h3>\n<ul>\n<li><strong>T\u00edtulo de la tesis:<\/strong>\u00a0 Europa, francia y bahia. la difusion y adaptacion de los modelos urbanos europe os. <\/li>\n<li><strong>Autor:<\/strong>\u00a0 Eloisa Petti Pinheiro <\/li>\n<li><strong>Universidad:<\/strong>\u00a0 Polit\u00e9cnica de catalunya<\/li>\n<li><strong>Fecha de lectura de la tesis:<\/strong>\u00a0 01\/01\/1999<\/li>\n<\/ul>\n<p>&nbsp;<\/p>\n<h3>Direcci\u00f3n y tribunal<\/h3>\n<ul>\n<li><strong>Director de la tesis<\/strong>\n<ul>\n<li>Francisco Javier Monclus Fraga<\/li>\n<\/ul>\n<\/li>\n<li><strong>Tribunal<\/strong>\n<ul>\n<li>Presidente del tribunal: horacio Capel saez <\/li>\n<li> Filgueiras gomes marco aurelio a. de (vocal)<\/li>\n<li>Fernando de Teran troyano (vocal)<\/li>\n<li>Jos\u00e9 Luis Oy\u00f3n ba\u00f1ales (vocal)<\/li>\n<\/ul>\n<\/li>\n<\/ul>\n<p>&nbsp;<\/p>\n","protected":false},"excerpt":{"rendered":"<p>Tesis doctoral de Eloisa Petti Pinheiro El estudio de la haussmannizaci\u00f3n se mantiene actual por medio de la producci\u00f3n de [&hellip;]<\/p>\n","protected":false},"author":1,"featured_media":0,"comment_status":"open","ping_status":"open","sticky":false,"template":"","format":"standard","meta":{"site-sidebar-layout":"default","site-content-layout":"","ast-site-content-layout":"","site-content-style":"default","site-sidebar-style":"default","ast-global-header-display":"","ast-banner-title-visibility":"","ast-main-header-display":"","ast-hfb-above-header-display":"","ast-hfb-below-header-display":"","ast-hfb-mobile-header-display":"","site-post-title":"","ast-breadcrumbs-content":"","ast-featured-img":"","footer-sml-layout":"","theme-transparent-header-meta":"","adv-header-id-meta":"","stick-header-meta":"","header-above-stick-meta":"","header-main-stick-meta":"","header-below-stick-meta":"","astra-migrate-meta-layouts":"default","ast-page-background-enabled":"default","ast-page-background-meta":{"desktop":{"background-color":"var(--ast-global-color-4)","background-image":"","background-repeat":"repeat","background-position":"center center","background-size":"auto","background-attachment":"scroll","background-type":"","background-media":"","overlay-type":"","overlay-color":"","overlay-gradient":""},"tablet":{"background-color":"","background-image":"","background-repeat":"repeat","background-position":"center center","background-size":"auto","background-attachment":"scroll","background-type":"","background-media":"","overlay-type":"","overlay-color":"","overlay-gradient":""},"mobile":{"background-color":"","background-image":"","background-repeat":"repeat","background-position":"center center","background-size":"auto","background-attachment":"scroll","background-type":"","background-media":"","overlay-type":"","overlay-color":"","overlay-gradient":""}},"ast-content-background-meta":{"desktop":{"background-color":"var(--ast-global-color-5)","background-image":"","background-repeat":"repeat","background-position":"center center","background-size":"auto","background-attachment":"scroll","background-type":"","background-media":"","overlay-type":"","overlay-color":"","overlay-gradient":""},"tablet":{"background-color":"var(--ast-global-color-5)","background-image":"","background-repeat":"repeat","background-position":"center center","background-size":"auto","background-attachment":"scroll","background-type":"","background-media":"","overlay-type":"","overlay-color":"","overlay-gradient":""},"mobile":{"background-color":"var(--ast-global-color-5)","background-image":"","background-repeat":"repeat","background-position":"center center","background-size":"auto","background-attachment":"scroll","background-type":"","background-media":"","overlay-type":"","overlay-color":"","overlay-gradient":""}},"footnotes":""},"categories":[4509,147,15596,5371],"tags":[105596,16565,105597,33569,1404,21726],"class_list":["post-41789","post","type-post","status-publish","format-standard","hentry","category-arquitectura","category-ciencias-de-las-artes-y-las-letras","category-politecnica-de-catalunya","category-urbanismo","tag-eloisa-petti-pinheiro","tag-fernando-de-teran-troyano","tag-filgueiras-gomes-marco-aurelio-a-de","tag-francisco-javier-monclus-fraga","tag-horacio-capel-saez","tag-jose-luis-oyon-banales"],"_links":{"self":[{"href":"https:\/\/www.deberes.net\/tesis\/wp-json\/wp\/v2\/posts\/41789","targetHints":{"allow":["GET"]}}],"collection":[{"href":"https:\/\/www.deberes.net\/tesis\/wp-json\/wp\/v2\/posts"}],"about":[{"href":"https:\/\/www.deberes.net\/tesis\/wp-json\/wp\/v2\/types\/post"}],"author":[{"embeddable":true,"href":"https:\/\/www.deberes.net\/tesis\/wp-json\/wp\/v2\/users\/1"}],"replies":[{"embeddable":true,"href":"https:\/\/www.deberes.net\/tesis\/wp-json\/wp\/v2\/comments?post=41789"}],"version-history":[{"count":0,"href":"https:\/\/www.deberes.net\/tesis\/wp-json\/wp\/v2\/posts\/41789\/revisions"}],"wp:attachment":[{"href":"https:\/\/www.deberes.net\/tesis\/wp-json\/wp\/v2\/media?parent=41789"}],"wp:term":[{"taxonomy":"category","embeddable":true,"href":"https:\/\/www.deberes.net\/tesis\/wp-json\/wp\/v2\/categories?post=41789"},{"taxonomy":"post_tag","embeddable":true,"href":"https:\/\/www.deberes.net\/tesis\/wp-json\/wp\/v2\/tags?post=41789"}],"curies":[{"name":"wp","href":"https:\/\/api.w.org\/{rel}","templated":true}]}}