{"id":41802,"date":"1999-01-01T00:00:00","date_gmt":"1999-01-01T00:00:00","guid":{"rendered":"https:\/\/www.deberes.net\/tesis\/sin-categoria\/el-kitsch-como-hecho-cultural-en-la-arquitectura\/"},"modified":"1999-01-01T00:00:00","modified_gmt":"1999-01-01T00:00:00","slug":"el-kitsch-como-hecho-cultural-en-la-arquitectura","status":"publish","type":"post","link":"https:\/\/www.deberes.net\/tesis\/historia\/el-kitsch-como-hecho-cultural-en-la-arquitectura\/","title":{"rendered":"El kitsch como hecho cultural en la arquitectura."},"content":{"rendered":"<h2>Tesis doctoral de <strong> Ivan San Martin Cordova <\/strong><\/h2>\n<p>La tesis doctoral se centra en analizar la posibilidad del fen\u00f3meno del \u00abkitsch\u00bb en el \u00e1mbito arquitect\u00f3nico del occidente contempor\u00e1neo, entendi\u00e9ndolo no solo en su dimensi\u00f3n est\u00e9tica, sino como todo un hecho cultural que involucra factores econ\u00f3micos, sociales, psicol\u00f3gicos, art\u00edsticos y hasta ideol\u00f3gicos. En los cap\u00edtulos de la primera parte se abordan los aspectos mas generales del fen\u00f3meno, tales como sus circunstancias temporal, geogr\u00e1fica y cultural mismas que le dan su posibilidad de ser considerado como sujeto hist\u00f3rico as\u00ed como tambi\u00e9n los posibles or\u00edgenes etimol\u00f3gicos del vocablo alem\u00e1n y sus correspondientes t\u00e9rminos en otras lenguas.  de este modo, obras o per\u00edodos com\u00fanmente se\u00f1alados como kitsch por varios autores dejan de serlo a la luz de la revisi\u00f3n de los conceptos est\u00e9ticos y arquitect\u00f3nicos que en aquel entonces ten\u00edan validez, mientras que por el contrario, otras obras que en un principio podr\u00edan no parec\u00e9rnoslo, resultan sin duda ejemplos que en su momento suscitaron fruiciones kitsch. Ante este panorama, la mayor\u00eda de las historiograf\u00edas de la arquitectura han optado por evadir el tema, mientras que otras lo han abordado tan solo superficialmente, es decir, us\u00e1ndolo como un adjetivo derogatorio con el que condenar aquellas obras que califican negativamente. No obstante las potenciadoras de kitsch seguir\u00e1n produci\u00e9ndose, suscitando sus respectivos disfrutes arquitect\u00f3nicos, satisfaciendo eficientemente a sus fieles fruidores, aunque tal vez nunca lleguen a adornar las p\u00e1ginas de un libro de historia de la \u00abbuena\u00bb arquitectura.<\/p>\n<p>&nbsp;<\/p>\n<h3>Datos acad\u00e9micos de la tesis doctoral \u00ab<strong>El kitsch como hecho cultural en la arquitectura.<\/strong>\u00ab<\/h3>\n<ul>\n<li><strong>T\u00edtulo de la tesis:<\/strong>\u00a0 El kitsch como hecho cultural en la arquitectura. <\/li>\n<li><strong>Autor:<\/strong>\u00a0 Ivan San Martin Cordova <\/li>\n<li><strong>Universidad:<\/strong>\u00a0 Polit\u00e9cnica de catalunya<\/li>\n<li><strong>Fecha de lectura de la tesis:<\/strong>\u00a0 01\/01\/1999<\/li>\n<\/ul>\n<p>&nbsp;<\/p>\n<h3>Direcci\u00f3n y tribunal<\/h3>\n<ul>\n<li><strong>Director de la tesis<\/strong>\n<ul>\n<li>Alfredo Linares Soler<\/li>\n<\/ul>\n<\/li>\n<li><strong>Tribunal<\/strong>\n<ul>\n<li>Presidente del tribunal: josep Munta\u00f1ola thornbergs <\/li>\n<li>merc\u00e9 Vidal jans\u00ed\u00a0 (vocal)<\/li>\n<li>enrique Lynch frigerio (vocal)<\/li>\n<li>estela Ocampo siquier (vocal)<\/li>\n<\/ul>\n<\/li>\n<\/ul>\n<p>&nbsp;<\/p>\n","protected":false},"excerpt":{"rendered":"<p>Tesis doctoral de Ivan San Martin Cordova La tesis doctoral se centra en analizar la posibilidad del fen\u00f3meno del \u00abkitsch\u00bb [&hellip;]<\/p>\n","protected":false},"author":1,"featured_media":0,"comment_status":"open","ping_status":"open","sticky":false,"template":"","format":"standard","meta":{"site-sidebar-layout":"default","site-content-layout":"","ast-site-content-layout":"","site-content-style":"default","site-sidebar-style":"default","ast-global-header-display":"","ast-banner-title-visibility":"","ast-main-header-display":"","ast-hfb-above-header-display":"","ast-hfb-below-header-display":"","ast-hfb-mobile-header-display":"","site-post-title":"","ast-breadcrumbs-content":"","ast-featured-img":"","footer-sml-layout":"","theme-transparent-header-meta":"","adv-header-id-meta":"","stick-header-meta":"","header-above-stick-meta":"","header-main-stick-meta":"","header-below-stick-meta":"","astra-migrate-meta-layouts":"default","ast-page-background-enabled":"default","ast-page-background-meta":{"desktop":{"background-color":"var(--ast-global-color-4)","background-image":"","background-repeat":"repeat","background-position":"center center","background-size":"auto","background-attachment":"scroll","background-type":"","background-media":"","overlay-type":"","overlay-color":"","overlay-gradient":""},"tablet":{"background-color":"","background-image":"","background-repeat":"repeat","background-position":"center center","background-size":"auto","background-attachment":"scroll","background-type":"","background-media":"","overlay-type":"","overlay-color":"","overlay-gradient":""},"mobile":{"background-color":"","background-image":"","background-repeat":"repeat","background-position":"center center","background-size":"auto","background-attachment":"scroll","background-type":"","background-media":"","overlay-type":"","overlay-color":"","overlay-gradient":""}},"ast-content-background-meta":{"desktop":{"background-color":"var(--ast-global-color-5)","background-image":"","background-repeat":"repeat","background-position":"center center","background-size":"auto","background-attachment":"scroll","background-type":"","background-media":"","overlay-type":"","overlay-color":"","overlay-gradient":""},"tablet":{"background-color":"var(--ast-global-color-5)","background-image":"","background-repeat":"repeat","background-position":"center center","background-size":"auto","background-attachment":"scroll","background-type":"","background-media":"","overlay-type":"","overlay-color":"","overlay-gradient":""},"mobile":{"background-color":"var(--ast-global-color-5)","background-image":"","background-repeat":"repeat","background-position":"center center","background-size":"auto","background-attachment":"scroll","background-type":"","background-media":"","overlay-type":"","overlay-color":"","overlay-gradient":""}},"footnotes":""},"categories":[4509,147,12564,104,1745,222,15596],"tags":[15880,105622,24021,105621,15638,100516],"class_list":["post-41802","post","type-post","status-publish","format-standard","hentry","category-arquitectura","category-ciencias-de-las-artes-y-las-letras","category-diseno-arquitectonico","category-historia","category-historia-de-la-arquitectura","category-historias-especializadas","category-politecnica-de-catalunya","tag-alfredo-linares-soler","tag-enrique-lynch-frigerio","tag-estela-ocampo-siquier","tag-ivan-san-martin-cordova","tag-josep-muntanola-thornbergs","tag-merce-vidal-jansi"],"_links":{"self":[{"href":"https:\/\/www.deberes.net\/tesis\/wp-json\/wp\/v2\/posts\/41802","targetHints":{"allow":["GET"]}}],"collection":[{"href":"https:\/\/www.deberes.net\/tesis\/wp-json\/wp\/v2\/posts"}],"about":[{"href":"https:\/\/www.deberes.net\/tesis\/wp-json\/wp\/v2\/types\/post"}],"author":[{"embeddable":true,"href":"https:\/\/www.deberes.net\/tesis\/wp-json\/wp\/v2\/users\/1"}],"replies":[{"embeddable":true,"href":"https:\/\/www.deberes.net\/tesis\/wp-json\/wp\/v2\/comments?post=41802"}],"version-history":[{"count":0,"href":"https:\/\/www.deberes.net\/tesis\/wp-json\/wp\/v2\/posts\/41802\/revisions"}],"wp:attachment":[{"href":"https:\/\/www.deberes.net\/tesis\/wp-json\/wp\/v2\/media?parent=41802"}],"wp:term":[{"taxonomy":"category","embeddable":true,"href":"https:\/\/www.deberes.net\/tesis\/wp-json\/wp\/v2\/categories?post=41802"},{"taxonomy":"post_tag","embeddable":true,"href":"https:\/\/www.deberes.net\/tesis\/wp-json\/wp\/v2\/tags?post=41802"}],"curies":[{"name":"wp","href":"https:\/\/api.w.org\/{rel}","templated":true}]}}