{"id":41935,"date":"1999-01-01T00:00:00","date_gmt":"1999-01-01T00:00:00","guid":{"rendered":"https:\/\/www.deberes.net\/tesis\/sin-categoria\/elaboracion-y-evaluacion-de-programas-de-educacion-ambiental-aplicacion-a-los-equipamientos-de-la-comunidad-de-madrid\/"},"modified":"1999-01-01T00:00:00","modified_gmt":"1999-01-01T00:00:00","slug":"elaboracion-y-evaluacion-de-programas-de-educacion-ambiental-aplicacion-a-los-equipamientos-de-la-comunidad-de-madrid","status":"publish","type":"post","link":"https:\/\/www.deberes.net\/tesis\/pedagogia\/elaboracion-y-evaluacion-de-programas-de-educacion-ambiental-aplicacion-a-los-equipamientos-de-la-comunidad-de-madrid\/","title":{"rendered":"Elaboracion y evaluacion de programas de educacion ambiental. aplicacion a los equipamientos de la comunidad de Madrid."},"content":{"rendered":"<h2>Tesis doctoral de <strong> Alejandra Ezquerra Canalejo <\/strong><\/h2>\n<p>Esta tesis; hace un recorrido hist\u00f3rico por los antecedentes de la educaci\u00f3n ambiental para a continuaci\u00f3n situarse en el momento actual; definiendo dos lineas de investigaci\u00f3n; la evaluaci\u00f3n y catalogaci\u00f3n de equipamientos ambientales; y la elaboraci\u00f3n de programas de educaci\u00f3n ambiental y su posterior evaluaci\u00f3n.  como aplicaci\u00f3n se ha elegido el \u00e1mbito de la comunidad de Madrid, estudiando su oferta educativa ambiental, tanto los recursos que se estan utilizando en la actualidad como los propuestos en este trabajo como posibles, para incrementar esta oferta educativa.  toda esta informaci\u00f3n se ha integrado en un sistema de informaci\u00f3n geogr\u00e1fica de manera que los recursos ambientales estudiados, tengan representaci\u00f3n espacial, y resulte \u00fatil en posteriores trabajos de planificaci\u00f3n y gesti\u00f3n.<\/p>\n<p>&nbsp;<\/p>\n<h3>Datos acad\u00e9micos de la tesis doctoral \u00ab<strong>Elaboracion y evaluacion de programas de educacion ambiental. aplicacion a los equipamientos de la comunidad de Madrid.<\/strong>\u00ab<\/h3>\n<ul>\n<li><strong>T\u00edtulo de la tesis:<\/strong>\u00a0 Elaboracion y evaluacion de programas de educacion ambiental. aplicacion a los equipamientos de la comunidad de Madrid. <\/li>\n<li><strong>Autor:<\/strong>\u00a0 Alejandra Ezquerra Canalejo <\/li>\n<li><strong>Universidad:<\/strong>\u00a0 Polit\u00e9cnica de Madrid<\/li>\n<li><strong>Fecha de lectura de la tesis:<\/strong>\u00a0 01\/01\/1999<\/li>\n<\/ul>\n<p>&nbsp;<\/p>\n<h3>Direcci\u00f3n y tribunal<\/h3>\n<ul>\n<li><strong>Director de la tesis<\/strong>\n<ul>\n<li>Isabel Otero Pastor<\/li>\n<\/ul>\n<\/li>\n<li><strong>Tribunal<\/strong>\n<ul>\n<li>Presidente del tribunal:  Golfin seco fco. javier <\/li>\n<li>angel Casermeiro Miguel (vocal)<\/li>\n<li>salvador Hernandez navarro (vocal)<\/li>\n<li> Fernandez de cordoba gonzalo (vocal)<\/li>\n<\/ul>\n<\/li>\n<\/ul>\n<p>&nbsp;<\/p>\n","protected":false},"excerpt":{"rendered":"<p>Tesis doctoral de Alejandra Ezquerra Canalejo Esta tesis; hace un recorrido hist\u00f3rico por los antecedentes de la educaci\u00f3n ambiental para [&hellip;]<\/p>\n","protected":false},"author":1,"featured_media":0,"comment_status":"open","ping_status":"open","sticky":false,"template":"","format":"standard","meta":{"site-sidebar-layout":"default","site-content-layout":"","ast-site-content-layout":"","site-content-style":"default","site-sidebar-style":"default","ast-global-header-display":"","ast-banner-title-visibility":"","ast-main-header-display":"","ast-hfb-above-header-display":"","ast-hfb-below-header-display":"","ast-hfb-mobile-header-display":"","site-post-title":"","ast-breadcrumbs-content":"","ast-featured-img":"","footer-sml-layout":"","theme-transparent-header-meta":"","adv-header-id-meta":"","stick-header-meta":"","header-above-stick-meta":"","header-main-stick-meta":"","header-below-stick-meta":"","astra-migrate-meta-layouts":"default","ast-page-background-enabled":"default","ast-page-background-meta":{"desktop":{"background-color":"var(--ast-global-color-4)","background-image":"","background-repeat":"repeat","background-position":"center center","background-size":"auto","background-attachment":"scroll","background-type":"","background-media":"","overlay-type":"","overlay-color":"","overlay-gradient":""},"tablet":{"background-color":"","background-image":"","background-repeat":"repeat","background-position":"center center","background-size":"auto","background-attachment":"scroll","background-type":"","background-media":"","overlay-type":"","overlay-color":"","overlay-gradient":""},"mobile":{"background-color":"","background-image":"","background-repeat":"repeat","background-position":"center center","background-size":"auto","background-attachment":"scroll","background-type":"","background-media":"","overlay-type":"","overlay-color":"","overlay-gradient":""}},"ast-content-background-meta":{"desktop":{"background-color":"var(--ast-global-color-5)","background-image":"","background-repeat":"repeat","background-position":"center center","background-size":"auto","background-attachment":"scroll","background-type":"","background-media":"","overlay-type":"","overlay-color":"","overlay-gradient":""},"tablet":{"background-color":"var(--ast-global-color-5)","background-image":"","background-repeat":"repeat","background-position":"center center","background-size":"auto","background-attachment":"scroll","background-type":"","background-media":"","overlay-type":"","overlay-color":"","overlay-gradient":""},"mobile":{"background-color":"var(--ast-global-color-5)","background-image":"","background-repeat":"repeat","background-position":"center center","background-size":"auto","background-attachment":"scroll","background-type":"","background-media":"","overlay-type":"","overlay-color":"","overlay-gradient":""}},"footnotes":""},"categories":[6020,1141,1340,16008,1341],"tags":[105864,105866,105867,105865,42082,69964],"class_list":["post-41935","post","type-post","status-publish","format-standard","hentry","category-evaluacion-de-alumnos","category-pedagogia","category-planes-de-estudios","category-politecnica-de-madrid","category-teoria-y-metodos-educativos","tag-alejandra-ezquerra-canalejo","tag-angel-casermeiro-miguel","tag-fernandez-de-cordoba-gonzalo","tag-golfin-seco-fco-javier","tag-isabel-otero-pastor","tag-salvador-hernandez-navarro"],"_links":{"self":[{"href":"https:\/\/www.deberes.net\/tesis\/wp-json\/wp\/v2\/posts\/41935","targetHints":{"allow":["GET"]}}],"collection":[{"href":"https:\/\/www.deberes.net\/tesis\/wp-json\/wp\/v2\/posts"}],"about":[{"href":"https:\/\/www.deberes.net\/tesis\/wp-json\/wp\/v2\/types\/post"}],"author":[{"embeddable":true,"href":"https:\/\/www.deberes.net\/tesis\/wp-json\/wp\/v2\/users\/1"}],"replies":[{"embeddable":true,"href":"https:\/\/www.deberes.net\/tesis\/wp-json\/wp\/v2\/comments?post=41935"}],"version-history":[{"count":0,"href":"https:\/\/www.deberes.net\/tesis\/wp-json\/wp\/v2\/posts\/41935\/revisions"}],"wp:attachment":[{"href":"https:\/\/www.deberes.net\/tesis\/wp-json\/wp\/v2\/media?parent=41935"}],"wp:term":[{"taxonomy":"category","embeddable":true,"href":"https:\/\/www.deberes.net\/tesis\/wp-json\/wp\/v2\/categories?post=41935"},{"taxonomy":"post_tag","embeddable":true,"href":"https:\/\/www.deberes.net\/tesis\/wp-json\/wp\/v2\/tags?post=41935"}],"curies":[{"name":"wp","href":"https:\/\/api.w.org\/{rel}","templated":true}]}}