{"id":41999,"date":"1999-01-01T00:00:00","date_gmt":"1999-01-01T00:00:00","guid":{"rendered":"https:\/\/www.deberes.net\/tesis\/sin-categoria\/cubo-y-esfera-los-arquetipos-originarios-de-la-conciencia-arquitectonica\/"},"modified":"1999-01-01T00:00:00","modified_gmt":"1999-01-01T00:00:00","slug":"cubo-y-esfera-los-arquetipos-originarios-de-la-conciencia-arquitectonica","status":"publish","type":"post","link":"https:\/\/www.deberes.net\/tesis\/historia\/cubo-y-esfera-los-arquetipos-originarios-de-la-conciencia-arquitectonica\/","title":{"rendered":"Cubo y esfera. los arquetipos originarios de la conciencia arquitectonica."},"content":{"rendered":"<h2>Tesis doctoral de <strong> Joaquin Planell Rodriguez <\/strong><\/h2>\n<p>La presente tesis es una reflexi\u00f3n tanto sobre la producci\u00f3n como sobre la interpretaci\u00f3n de la arquitectura.  gracias a la utilizaci\u00f3n de un s\u00edmbolo: el arquetipo \u00abcubesfera\u00bb el autor de este trabajo realiza un recorrido a trav\u00e9s de la arquitectura determinando, en funci\u00f3n del criterio de participaci\u00f3n el grado de ser de cada producci\u00f3n arquitect\u00f3nica.  se establece de esta manera un modo de hablar sobre la arquitectura que permita valorar racionalmente cada obra en funci\u00f3n de su consistencia ontol\u00f3gica.  la tesis supone por tanto una importante aportaci\u00f3n tanto en el campo de la cr\u00edtica como de la pedagog\u00eda de la arquitectura.<\/p>\n<p>&nbsp;<\/p>\n<h3>Datos acad\u00e9micos de la tesis doctoral \u00ab<strong>Cubo y esfera. los arquetipos originarios de la conciencia arquitectonica.<\/strong>\u00ab<\/h3>\n<ul>\n<li><strong>T\u00edtulo de la tesis:<\/strong>\u00a0 Cubo y esfera. los arquetipos originarios de la conciencia arquitectonica. <\/li>\n<li><strong>Autor:<\/strong>\u00a0 Joaquin Planell Rodriguez <\/li>\n<li><strong>Universidad:<\/strong>\u00a0 Polit\u00e9cnica de Madrid<\/li>\n<li><strong>Fecha de lectura de la tesis:<\/strong>\u00a0 01\/01\/1999<\/li>\n<\/ul>\n<p>&nbsp;<\/p>\n<h3>Direcci\u00f3n y tribunal<\/h3>\n<ul>\n<li><strong>Director de la tesis<\/strong>\n<ul>\n<li> Segui De La Riva Francisco Javier<\/li>\n<\/ul>\n<\/li>\n<li><strong>Tribunal<\/strong>\n<ul>\n<li>Presidente del tribunal: Mar\u00eda no jos\u00e9 Gonz\u00e1lez presencio <\/li>\n<li> Otxotorena elicegui Juan  Miguel (vocal)<\/li>\n<li>Miguel Garcia lison (vocal)<\/li>\n<li>Francisco Jarauta marion (vocal)<\/li>\n<\/ul>\n<\/li>\n<\/ul>\n<p>&nbsp;<\/p>\n","protected":false},"excerpt":{"rendered":"<p>Tesis doctoral de Joaquin Planell Rodriguez La presente tesis es una reflexi\u00f3n tanto sobre la producci\u00f3n como sobre la interpretaci\u00f3n [&hellip;]<\/p>\n","protected":false},"author":1,"featured_media":0,"comment_status":"open","ping_status":"open","sticky":false,"template":"","format":"standard","meta":{"site-sidebar-layout":"default","site-content-layout":"","ast-site-content-layout":"","site-content-style":"default","site-sidebar-style":"default","ast-global-header-display":"","ast-banner-title-visibility":"","ast-main-header-display":"","ast-hfb-above-header-display":"","ast-hfb-below-header-display":"","ast-hfb-mobile-header-display":"","site-post-title":"","ast-breadcrumbs-content":"","ast-featured-img":"","footer-sml-layout":"","theme-transparent-header-meta":"","adv-header-id-meta":"","stick-header-meta":"","header-above-stick-meta":"","header-main-stick-meta":"","header-below-stick-meta":"","astra-migrate-meta-layouts":"default","ast-page-background-enabled":"default","ast-page-background-meta":{"desktop":{"background-color":"var(--ast-global-color-4)","background-image":"","background-repeat":"repeat","background-position":"center center","background-size":"auto","background-attachment":"scroll","background-type":"","background-media":"","overlay-type":"","overlay-color":"","overlay-gradient":""},"tablet":{"background-color":"","background-image":"","background-repeat":"repeat","background-position":"center center","background-size":"auto","background-attachment":"scroll","background-type":"","background-media":"","overlay-type":"","overlay-color":"","overlay-gradient":""},"mobile":{"background-color":"","background-image":"","background-repeat":"repeat","background-position":"center center","background-size":"auto","background-attachment":"scroll","background-type":"","background-media":"","overlay-type":"","overlay-color":"","overlay-gradient":""}},"ast-content-background-meta":{"desktop":{"background-color":"var(--ast-global-color-5)","background-image":"","background-repeat":"repeat","background-position":"center center","background-size":"auto","background-attachment":"scroll","background-type":"","background-media":"","overlay-type":"","overlay-color":"","overlay-gradient":""},"tablet":{"background-color":"var(--ast-global-color-5)","background-image":"","background-repeat":"repeat","background-position":"center center","background-size":"auto","background-attachment":"scroll","background-type":"","background-media":"","overlay-type":"","overlay-color":"","overlay-gradient":""},"mobile":{"background-color":"var(--ast-global-color-5)","background-image":"","background-repeat":"repeat","background-position":"center center","background-size":"auto","background-attachment":"scroll","background-type":"","background-media":"","overlay-type":"","overlay-color":"","overlay-gradient":""}},"footnotes":""},"categories":[104,1745,222,16008],"tags":[8503,105989,16361,15788,27969,97292],"class_list":["post-41999","post","type-post","status-publish","format-standard","hentry","category-historia","category-historia-de-la-arquitectura","category-historias-especializadas","category-politecnica-de-madrid","tag-francisco-jarauta-marion","tag-joaquin-planell-rodriguez","tag-maria-no-jose-gonzalez-presencio","tag-miguel-garcia-lison","tag-otxotorena-elicegui-juan-miguel","tag-segui-de-la-riva-francisco-javier"],"_links":{"self":[{"href":"https:\/\/www.deberes.net\/tesis\/wp-json\/wp\/v2\/posts\/41999","targetHints":{"allow":["GET"]}}],"collection":[{"href":"https:\/\/www.deberes.net\/tesis\/wp-json\/wp\/v2\/posts"}],"about":[{"href":"https:\/\/www.deberes.net\/tesis\/wp-json\/wp\/v2\/types\/post"}],"author":[{"embeddable":true,"href":"https:\/\/www.deberes.net\/tesis\/wp-json\/wp\/v2\/users\/1"}],"replies":[{"embeddable":true,"href":"https:\/\/www.deberes.net\/tesis\/wp-json\/wp\/v2\/comments?post=41999"}],"version-history":[{"count":0,"href":"https:\/\/www.deberes.net\/tesis\/wp-json\/wp\/v2\/posts\/41999\/revisions"}],"wp:attachment":[{"href":"https:\/\/www.deberes.net\/tesis\/wp-json\/wp\/v2\/media?parent=41999"}],"wp:term":[{"taxonomy":"category","embeddable":true,"href":"https:\/\/www.deberes.net\/tesis\/wp-json\/wp\/v2\/categories?post=41999"},{"taxonomy":"post_tag","embeddable":true,"href":"https:\/\/www.deberes.net\/tesis\/wp-json\/wp\/v2\/tags?post=41999"}],"curies":[{"name":"wp","href":"https:\/\/api.w.org\/{rel}","templated":true}]}}