{"id":42085,"date":"1999-01-01T00:00:00","date_gmt":"1999-01-01T00:00:00","guid":{"rendered":"https:\/\/www.deberes.net\/tesis\/sin-categoria\/el-comite-de-las-regiones\/"},"modified":"1999-01-01T00:00:00","modified_gmt":"1999-01-01T00:00:00","slug":"el-comite-de-las-regiones","status":"publish","type":"post","link":"https:\/\/www.deberes.net\/tesis\/ciencias-juridicas-y-derecho\/el-comite-de-las-regiones\/","title":{"rendered":"El comite de las regiones."},"content":{"rendered":"<h2>Tesis doctoral de <strong>  Diaz De Lezcano Muxica Leon Nicolas <\/strong><\/h2>\n<p>Dentro de las novedades pol\u00edticas m\u00e1s importantes de este siglo se encuentra el \u00abhecho regional\u00bb. Hecho que ha propiciado que la noci\u00f3n de estado haya cambiado, sin que ya se le pueda considerar como un bloque monol\u00edtico y homog\u00e9neo. en este sentido, han aparecido unos nuevos entes territoriales subestatales a los que se denomina \u00abregi\u00f3n\u00bb, siendo este el t\u00e9rmino mas englobante dada la variedad enorme existente en el marco europeo occidental donde no existe un aburrido un\u00edsono. Ello trajo consigo una verdadera \u00abmovilizaci\u00f3n subestatal\u00bb mas all\u00e1 de las fronteras nacionales lo que tambi\u00e9n ha producido una restricci\u00f3n evidente del concepto de relaciones exteriores del estado como consecuencia de la inexistencia en la actualidad del monopolio estatal en la materia. Dicha movilizaci\u00f3n ha tenido un car\u00e1cter horizontal, es decir, transfronterizo y\/o interregional y un car\u00e1cter vertical principalmente en el marco de la uni\u00f3n europea, que siendo obra exclusivamente estatal necesit\u00f3 varias d\u00e9cadas para reconocer expl\u00edcitamente a los entes subestatales, pasando de una primera concepci\u00f3n estrictamente economicista en el \u00e1mbito de la pol\u00edtica regional, a una concepci\u00f3n jur\u00eddico-pol\u00edtica de los mismos. Fue a ra\u00edz de la conferencia intergubernamental de 1990 mediante la creaci\u00f3n por el derecho originario del \u00abcomit\u00e9 de las regiones\u00bb, cuando se establece por primera vez no solo la representaci\u00f3n formal de los entes subestatales sino que se apunta la idea de que la pol\u00edtica europea ya no ser\u00e1 una cuesti\u00f3n exclusivamente estatal. El citado \u00f3rgano tiene car\u00e1cter consultivo y auxiliar, de naturaleza pol\u00edtico-territorial con competencia material universal y de composici\u00f3n heterog\u00e9nea, que pone en contacto el primer nivel con el tercero saltandose el segundo siendo pues, un \u00abnovum\u00bb jur\u00eddico desconocido hasta ahora en el derecho internacional de las organizaciones internacionales. Con el mismo, se puede afirmar que<\/p>\n<p>&nbsp;<\/p>\n<h3>Datos acad\u00e9micos de la tesis doctoral \u00ab<strong>El comite de las regiones.<\/strong>\u00ab<\/h3>\n<ul>\n<li><strong>T\u00edtulo de la tesis:<\/strong>\u00a0 El comite de las regiones. <\/li>\n<li><strong>Autor:<\/strong>\u00a0  Diaz De Lezcano Muxica Leon Nicolas <\/li>\n<li><strong>Universidad:<\/strong>\u00a0 Palmas de gran canaria<\/li>\n<li><strong>Fecha de lectura de la tesis:<\/strong>\u00a0 01\/01\/1999<\/li>\n<\/ul>\n<p>&nbsp;<\/p>\n<h3>Direcci\u00f3n y tribunal<\/h3>\n<ul>\n<li><strong>Director de la tesis<\/strong>\n<ul>\n<li>Araceli Mangas Martin<\/li>\n<\/ul>\n<\/li>\n<li><strong>Tribunal<\/strong>\n<ul>\n<li>Presidente del tribunal:  Linan nogueras diego j. <\/li>\n<li>concepcion Escobar hernandez (vocal)<\/li>\n<li>Javier Rold\u00e1n barbero (vocal)<\/li>\n<li>nicolas Navarro batista (vocal)<\/li>\n<\/ul>\n<\/li>\n<\/ul>\n<p>&nbsp;<\/p>\n","protected":false},"excerpt":{"rendered":"<p>Tesis doctoral de Diaz De Lezcano Muxica Leon Nicolas Dentro de las novedades pol\u00edticas m\u00e1s importantes de este siglo se [&hellip;]<\/p>\n","protected":false},"author":1,"featured_media":0,"comment_status":"open","ping_status":"open","sticky":false,"template":"","format":"standard","meta":{"site-sidebar-layout":"default","site-content-layout":"","ast-site-content-layout":"","site-content-style":"default","site-sidebar-style":"default","ast-global-header-display":"","ast-banner-title-visibility":"","ast-main-header-display":"","ast-hfb-above-header-display":"","ast-hfb-below-header-display":"","ast-hfb-mobile-header-display":"","site-post-title":"","ast-breadcrumbs-content":"","ast-featured-img":"","footer-sml-layout":"","theme-transparent-header-meta":"","adv-header-id-meta":"","stick-header-meta":"","header-above-stick-meta":"","header-main-stick-meta":"","header-below-stick-meta":"","astra-migrate-meta-layouts":"default","ast-page-background-enabled":"default","ast-page-background-meta":{"desktop":{"background-color":"var(--ast-global-color-4)","background-image":"","background-repeat":"repeat","background-position":"center center","background-size":"auto","background-attachment":"scroll","background-type":"","background-media":"","overlay-type":"","overlay-color":"","overlay-gradient":""},"tablet":{"background-color":"","background-image":"","background-repeat":"repeat","background-position":"center center","background-size":"auto","background-attachment":"scroll","background-type":"","background-media":"","overlay-type":"","overlay-color":"","overlay-gradient":""},"mobile":{"background-color":"","background-image":"","background-repeat":"repeat","background-position":"center center","background-size":"auto","background-attachment":"scroll","background-type":"","background-media":"","overlay-type":"","overlay-color":"","overlay-gradient":""}},"ast-content-background-meta":{"desktop":{"background-color":"var(--ast-global-color-5)","background-image":"","background-repeat":"repeat","background-position":"center center","background-size":"auto","background-attachment":"scroll","background-type":"","background-media":"","overlay-type":"","overlay-color":"","overlay-gradient":""},"tablet":{"background-color":"var(--ast-global-color-5)","background-image":"","background-repeat":"repeat","background-position":"center center","background-size":"auto","background-attachment":"scroll","background-type":"","background-media":"","overlay-type":"","overlay-color":"","overlay-gradient":""},"mobile":{"background-color":"var(--ast-global-color-5)","background-image":"","background-repeat":"repeat","background-position":"center center","background-size":"auto","background-attachment":"scroll","background-type":"","background-media":"","overlay-type":"","overlay-color":"","overlay-gradient":""}},"footnotes":""},"categories":[856,838,612,1211,6334,6324,16629,7374,31407],"tags":[9750,24493,106119,36827,106120,9783],"class_list":["post-42085","post","type-post","status-publish","format-standard","hentry","category-administracion-publica","category-ciencia-politica","category-ciencias-juridicas-y-derecho","category-derecho-internacional","category-derecho-internacional-publico","category-instituciones-regionales","category-palmas-de-gran-canaria","category-sistemas-politicos","category-sistemas-politicos-del-area-europea","tag-araceli-mangas-martin","tag-concepcion-escobar-hernandez","tag-diaz-de-lezcano-muxica-leon-nicolas","tag-javier-roldan-barbero","tag-linan-nogueras-diego-j","tag-nicolas-navarro-batista"],"_links":{"self":[{"href":"https:\/\/www.deberes.net\/tesis\/wp-json\/wp\/v2\/posts\/42085","targetHints":{"allow":["GET"]}}],"collection":[{"href":"https:\/\/www.deberes.net\/tesis\/wp-json\/wp\/v2\/posts"}],"about":[{"href":"https:\/\/www.deberes.net\/tesis\/wp-json\/wp\/v2\/types\/post"}],"author":[{"embeddable":true,"href":"https:\/\/www.deberes.net\/tesis\/wp-json\/wp\/v2\/users\/1"}],"replies":[{"embeddable":true,"href":"https:\/\/www.deberes.net\/tesis\/wp-json\/wp\/v2\/comments?post=42085"}],"version-history":[{"count":0,"href":"https:\/\/www.deberes.net\/tesis\/wp-json\/wp\/v2\/posts\/42085\/revisions"}],"wp:attachment":[{"href":"https:\/\/www.deberes.net\/tesis\/wp-json\/wp\/v2\/media?parent=42085"}],"wp:term":[{"taxonomy":"category","embeddable":true,"href":"https:\/\/www.deberes.net\/tesis\/wp-json\/wp\/v2\/categories?post=42085"},{"taxonomy":"post_tag","embeddable":true,"href":"https:\/\/www.deberes.net\/tesis\/wp-json\/wp\/v2\/tags?post=42085"}],"curies":[{"name":"wp","href":"https:\/\/api.w.org\/{rel}","templated":true}]}}