{"id":4209,"date":"1994-01-01T00:00:00","date_gmt":"1994-01-01T00:00:00","guid":{"rendered":"https:\/\/www.deberes.net\/tesis\/1994\/01\/01\/el-concepto-de-necesidad-en-derecho-publico\/"},"modified":"1994-01-01T00:00:00","modified_gmt":"1994-01-01T00:00:00","slug":"el-concepto-de-necesidad-en-derecho-publico","status":"publish","type":"post","link":"https:\/\/www.deberes.net\/tesis\/ciencias-juridicas-y-derecho\/el-concepto-de-necesidad-en-derecho-publico\/","title":{"rendered":"El concepto de necesidad en derecho publico"},"content":{"rendered":"<h2>Tesis doctoral de <strong> Vicente Alvarez Garcia <\/strong><\/h2>\n<p>En la presente tesis doctoral se realiza un profundo y riguroso estudio de las construcciones tradicionales mas importantes del concepto de necesidad en el derecho publico europeo continental y anglosajon (tanto en su vertiente constitucional como en la administrativa), desde los puntos de vista legal, jurisprudencial y doctrinal. Se analizan en concreto la tecnica del \u00abnotrecht\u00bb, la teoria jurisprudencial francesa de las circunstancias excepcionales, el mecanismo de las leyes de indemnidad y el derecho positivo de excepcion. El estudio de todas estas tecnicas en la primera parte de la tesis sirve de base para la realizacion en la segunda (verdadero nucleo del trabajo de investigacion) de un ensayo de \u00abreconstruccion dogmatica\u00bb de la necesidad, que, desde una perspectiva renovadora, se concibe como principio juridico (positivizado o no) destinado a permitir a los poderes publicos la realizacion de los fines de interes general que tienen encomendados ante cualquier tipo de circunstancia factica que pudiera presentarse en la vida de la comunidad haciendoles peligrar, profundizando en el estudio de sus elementos constitutivos, de sus efectos fundamentales sobre el ordenamiento juridico y de los instrumentos juridicos (en concreto de los limites y de los mecanismos de control) que puedan servir de contrapeso frente a los posibles excesos.<\/p>\n<p>&nbsp;<\/p>\n<h3>Datos acad\u00e9micos de la tesis doctoral \u00ab<strong>El concepto de necesidad en derecho publico<\/strong>\u00ab<\/h3>\n<ul>\n<li><strong>T\u00edtulo de la tesis:<\/strong>\u00a0 El concepto de necesidad en derecho publico <\/li>\n<li><strong>Autor:<\/strong>\u00a0 Vicente Alvarez Garcia <\/li>\n<li><strong>Universidad:<\/strong>\u00a0 Alcal\u00e1<\/li>\n<li><strong>Fecha de lectura de la tesis:<\/strong>\u00a0 01\/01\/1994<\/li>\n<\/ul>\n<p>&nbsp;<\/p>\n<h3>Direcci\u00f3n y tribunal<\/h3>\n<ul>\n<li><strong>Director de la tesis<\/strong>\n<ul>\n<li>Santiago Mu\u00f1oz Machado<\/li>\n<\/ul>\n<\/li>\n<li><strong>Tribunal<\/strong>\n<ul>\n<li>Presidente del tribunal:  Garcia De Enterria Eduardo <\/li>\n<li>Jos\u00e9 Ram\u00f3n Parada V\u00e1zquez (vocal)<\/li>\n<li>Lorenzo Martin Retortillo Baquer (vocal)<\/li>\n<li>Jes\u00fas Leguina Villa (vocal)<\/li>\n<\/ul>\n<\/li>\n<\/ul>\n<p>&nbsp;<\/p>\n","protected":false},"excerpt":{"rendered":"<p>Tesis doctoral de Vicente Alvarez Garcia En la presente tesis doctoral se realiza un profundo y riguroso estudio de las [&hellip;]<\/p>\n","protected":false},"author":1,"featured_media":0,"comment_status":"open","ping_status":"open","sticky":false,"template":"","format":"standard","meta":{"site-sidebar-layout":"default","site-content-layout":"","ast-site-content-layout":"","site-content-style":"default","site-sidebar-style":"default","ast-global-header-display":"","ast-banner-title-visibility":"","ast-main-header-display":"","ast-hfb-above-header-display":"","ast-hfb-below-header-display":"","ast-hfb-mobile-header-display":"","site-post-title":"","ast-breadcrumbs-content":"","ast-featured-img":"","footer-sml-layout":"","theme-transparent-header-meta":"","adv-header-id-meta":"","stick-header-meta":"","header-above-stick-meta":"","header-main-stick-meta":"","header-below-stick-meta":"","astra-migrate-meta-layouts":"default","ast-page-background-enabled":"default","ast-page-background-meta":{"desktop":{"background-color":"var(--ast-global-color-4)","background-image":"","background-repeat":"repeat","background-position":"center center","background-size":"auto","background-attachment":"scroll","background-type":"","background-media":"","overlay-type":"","overlay-color":"","overlay-gradient":""},"tablet":{"background-color":"","background-image":"","background-repeat":"repeat","background-position":"center center","background-size":"auto","background-attachment":"scroll","background-type":"","background-media":"","overlay-type":"","overlay-color":"","overlay-gradient":""},"mobile":{"background-color":"","background-image":"","background-repeat":"repeat","background-position":"center center","background-size":"auto","background-attachment":"scroll","background-type":"","background-media":"","overlay-type":"","overlay-color":"","overlay-gradient":""}},"ast-content-background-meta":{"desktop":{"background-color":"var(--ast-global-color-5)","background-image":"","background-repeat":"repeat","background-position":"center center","background-size":"auto","background-attachment":"scroll","background-type":"","background-media":"","overlay-type":"","overlay-color":"","overlay-gradient":""},"tablet":{"background-color":"var(--ast-global-color-5)","background-image":"","background-repeat":"repeat","background-position":"center center","background-size":"auto","background-attachment":"scroll","background-type":"","background-media":"","overlay-type":"","overlay-color":"","overlay-gradient":""},"mobile":{"background-color":"var(--ast-global-color-5)","background-image":"","background-repeat":"repeat","background-position":"center center","background-size":"auto","background-attachment":"scroll","background-type":"","background-media":"","overlay-type":"","overlay-color":"","overlay-gradient":""}},"footnotes":""},"categories":[17426,612,1442,1450,979],"tags":[17443,15541,1918,6452,4898,17442],"class_list":["post-4209","post","type-post","status-publish","format-standard","hentry","category-alcala","category-ciencias-juridicas-y-derecho","category-derecho-administrativo","category-derecho-constitucional","category-derecho-y-legislacion-nacionales","tag-garcia-de-enterria-eduardo","tag-jesus-leguina-villa","tag-jose-ramon-parada-vazquez","tag-lorenzo-martin-retortillo-baquer","tag-santiago-munoz-machado","tag-vicente-alvarez-garcia"],"_links":{"self":[{"href":"https:\/\/www.deberes.net\/tesis\/wp-json\/wp\/v2\/posts\/4209","targetHints":{"allow":["GET"]}}],"collection":[{"href":"https:\/\/www.deberes.net\/tesis\/wp-json\/wp\/v2\/posts"}],"about":[{"href":"https:\/\/www.deberes.net\/tesis\/wp-json\/wp\/v2\/types\/post"}],"author":[{"embeddable":true,"href":"https:\/\/www.deberes.net\/tesis\/wp-json\/wp\/v2\/users\/1"}],"replies":[{"embeddable":true,"href":"https:\/\/www.deberes.net\/tesis\/wp-json\/wp\/v2\/comments?post=4209"}],"version-history":[{"count":0,"href":"https:\/\/www.deberes.net\/tesis\/wp-json\/wp\/v2\/posts\/4209\/revisions"}],"wp:attachment":[{"href":"https:\/\/www.deberes.net\/tesis\/wp-json\/wp\/v2\/media?parent=4209"}],"wp:term":[{"taxonomy":"category","embeddable":true,"href":"https:\/\/www.deberes.net\/tesis\/wp-json\/wp\/v2\/categories?post=4209"},{"taxonomy":"post_tag","embeddable":true,"href":"https:\/\/www.deberes.net\/tesis\/wp-json\/wp\/v2\/tags?post=4209"}],"curies":[{"name":"wp","href":"https:\/\/api.w.org\/{rel}","templated":true}]}}