{"id":42120,"date":"1999-01-01T00:00:00","date_gmt":"1999-01-01T00:00:00","guid":{"rendered":"https:\/\/www.deberes.net\/tesis\/sin-categoria\/la-tutela-del-rey-menor-en-la-constitucion-espanola-de-1978\/"},"modified":"1999-01-01T00:00:00","modified_gmt":"1999-01-01T00:00:00","slug":"la-tutela-del-rey-menor-en-la-constitucion-espanola-de-1978","status":"publish","type":"post","link":"https:\/\/www.deberes.net\/tesis\/ciencias-juridicas-y-derecho\/la-tutela-del-rey-menor-en-la-constitucion-espanola-de-1978\/","title":{"rendered":"La tutela del rey menor en la constitucion espa\u00f1ola de 1978."},"content":{"rendered":"<h2>Tesis doctoral de <strong> Sol Otto Olivan <\/strong><\/h2>\n<p>El estudio de la instituci\u00f3n de la tutela del rey menor en el derecho comparado, es de cierta utilidad en la medida en que ha puesto de relieve la diferencia entre nuestra instituci\u00f3n y la del resto de las monarqu\u00edas que han optado por otorgar al parlamento la facultad de designaci\u00f3n del tutor.  igualmente en el estudio de nuestro derecho hist\u00f3rico se ha detenido, especialmente, en las partidas de alfonso el sabio habiendo penetrado en los testamentos de los austrias.  tambi\u00e9n, ha realizado un repaso exhaustivo por las distintas constituciones del siglo xix, con un especial detenimiento en los diarios de sesiones que debatieron la tutela de isabel ii.  por otra parte, en el cap\u00edtulo iv aborda el dif\u00edcil asunto de la educaci\u00f3n de los pr\u00edncipes, funci\u00f3n esencial que compete al tutor y la que, a nuestro parecer, es en la actualidad la m\u00e1s importante dada la configuraci\u00f3n actual de la casa del rey y la escasa transcendencia que tiene la funci\u00f3n de administraci\u00f3n del tutor. Tambi\u00e9n ha perfilado el concepto actual de la tutela del rey menor, como tutela unipersonal, no al mayor de edad incapacitado ni al resto de los hijos menores del rey difunto, dejando claro el objeto del cuidado de su persona y de sus bienes en general.<\/p>\n<p>&nbsp;<\/p>\n<h3>Datos acad\u00e9micos de la tesis doctoral \u00ab<strong>La tutela del rey menor en la constitucion espa\u00f1ola de 1978.<\/strong>\u00ab<\/h3>\n<ul>\n<li><strong>T\u00edtulo de la tesis:<\/strong>\u00a0 La tutela del rey menor en la constitucion espa\u00f1ola de 1978. <\/li>\n<li><strong>Autor:<\/strong>\u00a0 Sol Otto Olivan <\/li>\n<li><strong>Universidad:<\/strong>\u00a0 Nacional de educaci\u00f3n a distancia<\/li>\n<li><strong>Fecha de lectura de la tesis:<\/strong>\u00a0 01\/01\/1999<\/li>\n<\/ul>\n<p>&nbsp;<\/p>\n<h3>Direcci\u00f3n y tribunal<\/h3>\n<ul>\n<li><strong>Director de la tesis<\/strong>\n<ul>\n<li>Santiago Sanchez Gonzalez<\/li>\n<\/ul>\n<\/li>\n<li><strong>Tribunal<\/strong>\n<ul>\n<li>Presidente del tribunal: oscar Alzaga villaamil <\/li>\n<li>gaspar Escalona Martinez (vocal)<\/li>\n<li>pedro Jos\u00e9 Gonz\u00e1lez-trevijano s\u00e1nchez (vocal)<\/li>\n<li>pilar Mellado prado (vocal)<\/li>\n<\/ul>\n<\/li>\n<\/ul>\n<p>&nbsp;<\/p>\n","protected":false},"excerpt":{"rendered":"<p>Tesis doctoral de Sol Otto Olivan El estudio de la instituci\u00f3n de la tutela del rey menor en el derecho [&hellip;]<\/p>\n","protected":false},"author":1,"featured_media":0,"comment_status":"open","ping_status":"open","sticky":false,"template":"","format":"standard","meta":{"site-sidebar-layout":"default","site-content-layout":"","ast-site-content-layout":"","site-content-style":"default","site-sidebar-style":"default","ast-global-header-display":"","ast-banner-title-visibility":"","ast-main-header-display":"","ast-hfb-above-header-display":"","ast-hfb-below-header-display":"","ast-hfb-mobile-header-display":"","site-post-title":"","ast-breadcrumbs-content":"","ast-featured-img":"","footer-sml-layout":"","theme-transparent-header-meta":"","adv-header-id-meta":"","stick-header-meta":"","header-above-stick-meta":"","header-main-stick-meta":"","header-below-stick-meta":"","astra-migrate-meta-layouts":"default","ast-page-background-enabled":"default","ast-page-background-meta":{"desktop":{"background-color":"var(--ast-global-color-4)","background-image":"","background-repeat":"repeat","background-position":"center center","background-size":"auto","background-attachment":"scroll","background-type":"","background-media":"","overlay-type":"","overlay-color":"","overlay-gradient":""},"tablet":{"background-color":"","background-image":"","background-repeat":"repeat","background-position":"center center","background-size":"auto","background-attachment":"scroll","background-type":"","background-media":"","overlay-type":"","overlay-color":"","overlay-gradient":""},"mobile":{"background-color":"","background-image":"","background-repeat":"repeat","background-position":"center center","background-size":"auto","background-attachment":"scroll","background-type":"","background-media":"","overlay-type":"","overlay-color":"","overlay-gradient":""}},"ast-content-background-meta":{"desktop":{"background-color":"var(--ast-global-color-5)","background-image":"","background-repeat":"repeat","background-position":"center center","background-size":"auto","background-attachment":"scroll","background-type":"","background-media":"","overlay-type":"","overlay-color":"","overlay-gradient":""},"tablet":{"background-color":"var(--ast-global-color-5)","background-image":"","background-repeat":"repeat","background-position":"center center","background-size":"auto","background-attachment":"scroll","background-type":"","background-media":"","overlay-type":"","overlay-color":"","overlay-gradient":""},"mobile":{"background-color":"var(--ast-global-color-5)","background-image":"","background-repeat":"repeat","background-position":"center center","background-size":"auto","background-attachment":"scroll","background-type":"","background-media":"","overlay-type":"","overlay-color":"","overlay-gradient":""}},"footnotes":""},"categories":[612,1450,979,17070],"tags":[23434,34893,23520,23522,24429,106177],"class_list":["post-42120","post","type-post","status-publish","format-standard","hentry","category-ciencias-juridicas-y-derecho","category-derecho-constitucional","category-derecho-y-legislacion-nacionales","category-nacional-de-educacion-a-distancia","tag-gaspar-escalona-Martinez","tag-oscar-alzaga-villaamil","tag-pedro-jose-gonzalez-trevijano-sanchez","tag-pilar-mellado-prado","tag-santiago-sanchez-gonzalez","tag-sol-otto-olivan"],"_links":{"self":[{"href":"https:\/\/www.deberes.net\/tesis\/wp-json\/wp\/v2\/posts\/42120","targetHints":{"allow":["GET"]}}],"collection":[{"href":"https:\/\/www.deberes.net\/tesis\/wp-json\/wp\/v2\/posts"}],"about":[{"href":"https:\/\/www.deberes.net\/tesis\/wp-json\/wp\/v2\/types\/post"}],"author":[{"embeddable":true,"href":"https:\/\/www.deberes.net\/tesis\/wp-json\/wp\/v2\/users\/1"}],"replies":[{"embeddable":true,"href":"https:\/\/www.deberes.net\/tesis\/wp-json\/wp\/v2\/comments?post=42120"}],"version-history":[{"count":0,"href":"https:\/\/www.deberes.net\/tesis\/wp-json\/wp\/v2\/posts\/42120\/revisions"}],"wp:attachment":[{"href":"https:\/\/www.deberes.net\/tesis\/wp-json\/wp\/v2\/media?parent=42120"}],"wp:term":[{"taxonomy":"category","embeddable":true,"href":"https:\/\/www.deberes.net\/tesis\/wp-json\/wp\/v2\/categories?post=42120"},{"taxonomy":"post_tag","embeddable":true,"href":"https:\/\/www.deberes.net\/tesis\/wp-json\/wp\/v2\/tags?post=42120"}],"curies":[{"name":"wp","href":"https:\/\/api.w.org\/{rel}","templated":true}]}}