{"id":42196,"date":"1999-01-01T00:00:00","date_gmt":"1999-01-01T00:00:00","guid":{"rendered":"https:\/\/www.deberes.net\/tesis\/sin-categoria\/el-calcolitico-en-el-centro-de-la-meseta-la-provincia-de-guadalajara\/"},"modified":"1999-01-01T00:00:00","modified_gmt":"1999-01-01T00:00:00","slug":"el-calcolitico-en-el-centro-de-la-meseta-la-provincia-de-guadalajara","status":"publish","type":"post","link":"https:\/\/www.deberes.net\/tesis\/historia\/el-calcolitico-en-el-centro-de-la-meseta-la-provincia-de-guadalajara\/","title":{"rendered":"El calcolitico en el centro de la meseta: la provincia de guadalajara."},"content":{"rendered":"<h2>Tesis doctoral de <strong>  Jimenez Sanz Pedro Jose <\/strong><\/h2>\n<p>Se plantea una revisi\u00f3n completa del calcol\u00edtico en la provincia de guadalajara, revis\u00e1ndose toda la documentaci\u00f3n existente para el conocimiento de dicho periodo. Asimismo se aportan novedades, como la excavaci\u00f3n y an\u00e1lisis de varios yacimientos de habitaci\u00f3n y enterramiento, que sirven para enmarcar de manera adecuada el periodo. Como conclusi\u00f3n se aporta una nueva lectura de los modos de vida durante el iii milenio a. C. En el centro de la pen\u00ednsula, proponiendo una nueva secuencia cronol\u00f3gica para los fen\u00f3menos de cambio cultural acaecidos durante el mismo periodo.#<\/p>\n<p>&nbsp;<\/p>\n<h3>Datos acad\u00e9micos de la tesis doctoral \u00ab<strong>El calcolitico en el centro de la meseta: la provincia de guadalajara.<\/strong>\u00ab<\/h3>\n<ul>\n<li><strong>T\u00edtulo de la tesis:<\/strong>\u00a0 El calcolitico en el centro de la meseta: la provincia de guadalajara. <\/li>\n<li><strong>Autor:<\/strong>\u00a0  Jimenez Sanz Pedro Jose <\/li>\n<li><strong>Universidad:<\/strong>\u00a0 Alcal\u00e1<\/li>\n<li><strong>Fecha de lectura de la tesis:<\/strong>\u00a0 01\/01\/1999<\/li>\n<\/ul>\n<p>&nbsp;<\/p>\n<h3>Direcci\u00f3n y tribunal<\/h3>\n<ul>\n<li><strong>Director de la tesis<\/strong>\n<ul>\n<li>Rodrigo Balbin Behrmann<\/li>\n<\/ul>\n<\/li>\n<li><strong>Tribunal<\/strong>\n<ul>\n<li>Presidente del tribunal: german Delibes de castro <\/li>\n<li> Martinez navarrete m. isabel (vocal)<\/li>\n<li>concepcion Blasco bosqued (vocal)<\/li>\n<li>teresa Chapa brunet (vocal)<\/li>\n<\/ul>\n<\/li>\n<\/ul>\n<p>&nbsp;<\/p>\n","protected":false},"excerpt":{"rendered":"<p>Tesis doctoral de Jimenez Sanz Pedro Jose Se plantea una revisi\u00f3n completa del calcol\u00edtico en la provincia de guadalajara, revis\u00e1ndose [&hellip;]<\/p>\n","protected":false},"author":1,"featured_media":0,"comment_status":"open","ping_status":"open","sticky":false,"template":"","format":"standard","meta":{"site-sidebar-layout":"default","site-content-layout":"","ast-site-content-layout":"","site-content-style":"default","site-sidebar-style":"default","ast-global-header-display":"","ast-banner-title-visibility":"","ast-main-header-display":"","ast-hfb-above-header-display":"","ast-hfb-below-header-display":"","ast-hfb-mobile-header-display":"","site-post-title":"","ast-breadcrumbs-content":"","ast-featured-img":"","footer-sml-layout":"","theme-transparent-header-meta":"","adv-header-id-meta":"","stick-header-meta":"","header-above-stick-meta":"","header-main-stick-meta":"","header-below-stick-meta":"","astra-migrate-meta-layouts":"default","ast-page-background-enabled":"default","ast-page-background-meta":{"desktop":{"background-color":"var(--ast-global-color-4)","background-image":"","background-repeat":"repeat","background-position":"center center","background-size":"auto","background-attachment":"scroll","background-type":"","background-media":"","overlay-type":"","overlay-color":"","overlay-gradient":""},"tablet":{"background-color":"","background-image":"","background-repeat":"repeat","background-position":"center center","background-size":"auto","background-attachment":"scroll","background-type":"","background-media":"","overlay-type":"","overlay-color":"","overlay-gradient":""},"mobile":{"background-color":"","background-image":"","background-repeat":"repeat","background-position":"center center","background-size":"auto","background-attachment":"scroll","background-type":"","background-media":"","overlay-type":"","overlay-color":"","overlay-gradient":""}},"ast-content-background-meta":{"desktop":{"background-color":"var(--ast-global-color-5)","background-image":"","background-repeat":"repeat","background-position":"center center","background-size":"auto","background-attachment":"scroll","background-type":"","background-media":"","overlay-type":"","overlay-color":"","overlay-gradient":""},"tablet":{"background-color":"var(--ast-global-color-5)","background-image":"","background-repeat":"repeat","background-position":"center center","background-size":"auto","background-attachment":"scroll","background-type":"","background-media":"","overlay-type":"","overlay-color":"","overlay-gradient":""},"mobile":{"background-color":"var(--ast-global-color-5)","background-image":"","background-repeat":"repeat","background-position":"center center","background-size":"auto","background-attachment":"scroll","background-type":"","background-media":"","overlay-type":"","overlay-color":"","overlay-gradient":""}},"footnotes":""},"categories":[17426,1623,1624,104,220,2635],"tags":[14506,2640,106306,15405,68170,24335],"class_list":["post-42196","post","type-post","status-publish","format-standard","hentry","category-alcala","category-arqueologia","category-ciencias-auxiliares-de-la-historia","category-historia","category-historia-por-epocas","category-prehistoria","tag-concepcion-blasco-bosqued","tag-german-delibes-de-castro","tag-jimenez-sanz-pedro-jose","tag-Martinez-navarrete-m-isabel","tag-rodrigo-balbin-behrmann","tag-teresa-chapa-brunet"],"_links":{"self":[{"href":"https:\/\/www.deberes.net\/tesis\/wp-json\/wp\/v2\/posts\/42196","targetHints":{"allow":["GET"]}}],"collection":[{"href":"https:\/\/www.deberes.net\/tesis\/wp-json\/wp\/v2\/posts"}],"about":[{"href":"https:\/\/www.deberes.net\/tesis\/wp-json\/wp\/v2\/types\/post"}],"author":[{"embeddable":true,"href":"https:\/\/www.deberes.net\/tesis\/wp-json\/wp\/v2\/users\/1"}],"replies":[{"embeddable":true,"href":"https:\/\/www.deberes.net\/tesis\/wp-json\/wp\/v2\/comments?post=42196"}],"version-history":[{"count":0,"href":"https:\/\/www.deberes.net\/tesis\/wp-json\/wp\/v2\/posts\/42196\/revisions"}],"wp:attachment":[{"href":"https:\/\/www.deberes.net\/tesis\/wp-json\/wp\/v2\/media?parent=42196"}],"wp:term":[{"taxonomy":"category","embeddable":true,"href":"https:\/\/www.deberes.net\/tesis\/wp-json\/wp\/v2\/categories?post=42196"},{"taxonomy":"post_tag","embeddable":true,"href":"https:\/\/www.deberes.net\/tesis\/wp-json\/wp\/v2\/tags?post=42196"}],"curies":[{"name":"wp","href":"https:\/\/api.w.org\/{rel}","templated":true}]}}