{"id":42197,"date":"1999-01-01T00:00:00","date_gmt":"1999-01-01T00:00:00","guid":{"rendered":"https:\/\/www.deberes.net\/tesis\/sin-categoria\/cartografia-e-inventario-de-incendios-forestales-en-la-peninsula-iberica-a-partir-de-imagenes-noaa-avhrr\/"},"modified":"1999-01-01T00:00:00","modified_gmt":"1999-01-01T00:00:00","slug":"cartografia-e-inventario-de-incendios-forestales-en-la-peninsula-iberica-a-partir-de-imagenes-noaa-avhrr","status":"publish","type":"post","link":"https:\/\/www.deberes.net\/tesis\/ciencias-de-la-tierra-y-del-espacio\/cartografia-e-inventario-de-incendios-forestales-en-la-peninsula-iberica-a-partir-de-imagenes-noaa-avhrr\/","title":{"rendered":"Cartografia e inventario de incendios forestales en la peninsula iberica a partir de imagenes noaa-avhrr."},"content":{"rendered":"<h2>Tesis doctoral de <strong> Mar\u00eda Del Pilar Martin Isabel <\/strong><\/h2>\n<p>En este trabajo se eval\u00faan las posibilidades de la aplicaci\u00f3n de im\u00e1genes adquiridas por el sensor avhrr a bordo de los sat\u00e9lites de la serie noaa, a la cartograf\u00eda e inventario de superficies afectadas por grandes incendios forestales a escala regional y tomando como \u00e1rea piloto la pen\u00ednsula ib\u00e9rica. Se han utilizado una serie de im\u00e1genes avhrr adquiridas entre los meses de junio y septiembre de los a\u00f1os 1991, 1994 y 1995. El trabajo consta de dos fases metodol\u00f3gicas bien diferenciadas: una fase de discriminaci\u00f3n de \u00e1reas afectadas por incendios y una fase de cartograf\u00eda o delimitaci\u00f3n precisa del per\u00edmetro afectado por los incendios discriminados en la fase anterior. Los procesos y t\u00e9cnicas de an\u00e1lisis aplicadas a las im\u00e1genes han permitido obtener una adecuada discriminaci\u00f3n de los incendios mayores de 1.000 has, mientras que la delimitaci\u00f3n del \u00e1rea afectada aparece muy condicionazda por las caracter\u00edsticas del incendio. Destaca comoaportaci\u00f3n metodol\u00f3gica en este campo el dise\u00f1o de un \u00edndice espectral optimizado por la discriminaci\u00f3n de \u00e1reas afectadas por incendios a partir de la informaci\u00f3n que proporcionan los canales visible e infrarrojo cercano de las im\u00e1genes noaa-avhrr. se demuestra adem\u00e1s el inter\u00e9s de este tipo de estudios para obtener informaci\u00f3n espacial sobre los efectos de estos grandes incendios de cara a analizar las pautas de su distribuci\u00f3n espacial en la pen\u00ednsula ib\u00e9rica y los factores que determinan su ocurrencia.#<\/p>\n<p>&nbsp;<\/p>\n<h3>Datos acad\u00e9micos de la tesis doctoral \u00ab<strong>Cartografia e inventario de incendios forestales en la peninsula iberica a partir de imagenes noaa-avhrr.<\/strong>\u00ab<\/h3>\n<ul>\n<li><strong>T\u00edtulo de la tesis:<\/strong>\u00a0 Cartografia e inventario de incendios forestales en la peninsula iberica a partir de imagenes noaa-avhrr. <\/li>\n<li><strong>Autor:<\/strong>\u00a0 Mar\u00eda Del Pilar Martin Isabel <\/li>\n<li><strong>Universidad:<\/strong>\u00a0 Alcal\u00e1<\/li>\n<li><strong>Fecha de lectura de la tesis:<\/strong>\u00a0 01\/01\/1999<\/li>\n<\/ul>\n<p>&nbsp;<\/p>\n<h3>Direcci\u00f3n y tribunal<\/h3>\n<ul>\n<li><strong>Director de la tesis<\/strong>\n<ul>\n<li>Emilio Chuvieco Salinero<\/li>\n<\/ul>\n<\/li>\n<li><strong>Tribunal<\/strong>\n<ul>\n<li>Presidente del tribunal: ricardo Velez mu\u00f1oz <\/li>\n<li>Miguel Pereira jose (vocal)<\/li>\n<li>joaqu\u00edn Bosque sendra (vocal)<\/li>\n<li>louis Trabaud (vocal)<\/li>\n<\/ul>\n<\/li>\n<\/ul>\n<p>&nbsp;<\/p>\n","protected":false},"excerpt":{"rendered":"<p>Tesis doctoral de Mar\u00eda Del Pilar Martin Isabel En este trabajo se eval\u00faan las posibilidades de la aplicaci\u00f3n de im\u00e1genes [&hellip;]<\/p>\n","protected":false},"author":1,"featured_media":0,"comment_status":"open","ping_status":"open","sticky":false,"template":"","format":"standard","meta":{"site-sidebar-layout":"default","site-content-layout":"","ast-site-content-layout":"","site-content-style":"default","site-sidebar-style":"default","ast-global-header-display":"","ast-banner-title-visibility":"","ast-main-header-display":"","ast-hfb-above-header-display":"","ast-hfb-below-header-display":"","ast-hfb-mobile-header-display":"","site-post-title":"","ast-breadcrumbs-content":"","ast-featured-img":"","footer-sml-layout":"","theme-transparent-header-meta":"","adv-header-id-meta":"","stick-header-meta":"","header-above-stick-meta":"","header-main-stick-meta":"","header-below-stick-meta":"","astra-migrate-meta-layouts":"default","ast-page-background-enabled":"default","ast-page-background-meta":{"desktop":{"background-color":"var(--ast-global-color-4)","background-image":"","background-repeat":"repeat","background-position":"center center","background-size":"auto","background-attachment":"scroll","background-type":"","background-media":"","overlay-type":"","overlay-color":"","overlay-gradient":""},"tablet":{"background-color":"","background-image":"","background-repeat":"repeat","background-position":"center center","background-size":"auto","background-attachment":"scroll","background-type":"","background-media":"","overlay-type":"","overlay-color":"","overlay-gradient":""},"mobile":{"background-color":"","background-image":"","background-repeat":"repeat","background-position":"center center","background-size":"auto","background-attachment":"scroll","background-type":"","background-media":"","overlay-type":"","overlay-color":"","overlay-gradient":""}},"ast-content-background-meta":{"desktop":{"background-color":"var(--ast-global-color-5)","background-image":"","background-repeat":"repeat","background-position":"center center","background-size":"auto","background-attachment":"scroll","background-type":"","background-media":"","overlay-type":"","overlay-color":"","overlay-gradient":""},"tablet":{"background-color":"var(--ast-global-color-5)","background-image":"","background-repeat":"repeat","background-position":"center center","background-size":"auto","background-attachment":"scroll","background-type":"","background-media":"","overlay-type":"","overlay-color":"","overlay-gradient":""},"mobile":{"background-color":"var(--ast-global-color-5)","background-image":"","background-repeat":"repeat","background-position":"center center","background-size":"auto","background-attachment":"scroll","background-type":"","background-media":"","overlay-type":"","overlay-color":"","overlay-gradient":""}},"footnotes":""},"categories":[17426,17508,494,27,5742,332,2002,3143,106307,16277],"tags":[17510,17511,8617,56089,106308,16338],"class_list":["post-42197","post","type-post","status-publish","format-standard","hentry","category-alcala","category-cartografia-geografica","category-ciencias-agrarias","category-ciencias-de-la-tierra-y-del-espacio","category-ciencias-geograficas","category-ciencias-tecnologicas","category-florestas","category-incendios-forestales","category-seguimiento-espacial","category-tecnologia-espacial","tag-emilio-chuvieco-salinero","tag-joaquin-bosque-sendra","tag-louis-trabaud","tag-maria-del-pilar-martin-isabel","tag-miguel-pereira-jose","tag-ricardo-velez-munoz"],"_links":{"self":[{"href":"https:\/\/www.deberes.net\/tesis\/wp-json\/wp\/v2\/posts\/42197","targetHints":{"allow":["GET"]}}],"collection":[{"href":"https:\/\/www.deberes.net\/tesis\/wp-json\/wp\/v2\/posts"}],"about":[{"href":"https:\/\/www.deberes.net\/tesis\/wp-json\/wp\/v2\/types\/post"}],"author":[{"embeddable":true,"href":"https:\/\/www.deberes.net\/tesis\/wp-json\/wp\/v2\/users\/1"}],"replies":[{"embeddable":true,"href":"https:\/\/www.deberes.net\/tesis\/wp-json\/wp\/v2\/comments?post=42197"}],"version-history":[{"count":0,"href":"https:\/\/www.deberes.net\/tesis\/wp-json\/wp\/v2\/posts\/42197\/revisions"}],"wp:attachment":[{"href":"https:\/\/www.deberes.net\/tesis\/wp-json\/wp\/v2\/media?parent=42197"}],"wp:term":[{"taxonomy":"category","embeddable":true,"href":"https:\/\/www.deberes.net\/tesis\/wp-json\/wp\/v2\/categories?post=42197"},{"taxonomy":"post_tag","embeddable":true,"href":"https:\/\/www.deberes.net\/tesis\/wp-json\/wp\/v2\/tags?post=42197"}],"curies":[{"name":"wp","href":"https:\/\/api.w.org\/{rel}","templated":true}]}}