{"id":42217,"date":"1999-01-01T00:00:00","date_gmt":"1999-01-01T00:00:00","guid":{"rendered":"https:\/\/www.deberes.net\/tesis\/sin-categoria\/analisis-del-funcionamiento-de-los-equipos-directivos-de-centros-educativos-en-el-contexto-del-estado-espanol\/"},"modified":"1999-01-01T00:00:00","modified_gmt":"1999-01-01T00:00:00","slug":"analisis-del-funcionamiento-de-los-equipos-directivos-de-centros-educativos-en-el-contexto-del-estado-espanol","status":"publish","type":"post","link":"https:\/\/www.deberes.net\/tesis\/pedagogia\/analisis-del-funcionamiento-de-los-equipos-directivos-de-centros-educativos-en-el-contexto-del-estado-espanol\/","title":{"rendered":"Analisis del funcionamiento de los equipos directivos de centros educativos en el contexto del estado espa\u00f1ol."},"content":{"rendered":"<h2>Tesis doctoral de <strong> Ana Mar\u00eda Garc\u00eda Olalla <\/strong><\/h2>\n<p>El trabajo de investigaci\u00f3n presentado en esta tesis doctoral toma como objeto de estudio la figura del equipo directivo como \u00f3rgano colegiado de gobierno que encarna y asume la funci\u00f3n directiva en los centros educativos no universitarios de nuestro \u00e1mbito estatal. El trabajo se orienta hacia el an\u00e1lisis de las problem\u00e1ticas y perspectivas que rodean este ejercicio. Para ello se parte del an\u00e1lisis de los modelos te\u00f3ricos que, desde la perspectiva del deber ser, se desprenden de los marcos normativos y literarios. A continuaci\u00f3n se contrasta esa configuraci\u00f3n ideal con la realidad de la pr\u00e1ctica en los centros educativos, a partir de los datos aportados por los estudios emp\u00edricos disponibles en relaci\u00f3n al tema, analizando los condicionantes que ejercen una influencia significativa en ese nivel de desempe\u00f1o y las principales dificultades que se afrontan en el mismo. Tras una introducci\u00f3n general, que plantea los interrogantes y objetivos b\u00e1sicos que persigue el trabajo, as\u00ed como la metodolog\u00eda y estructura para su desarrollo, la tesis se estructura en nueve cap\u00edtulos. El primer cap\u00edtulo recoge una s\u00edntesis de influencias que han incidido en la definici\u00f3n de la funci\u00f3n directiva en nuestro \u00e1mbito estatal a lo largo de este siglo. el segundo cap\u00edtulo se centra en las funciones del equipo directivo como \u00f3rgano colegiado y de sus miembros como cargos unipersonales. en el tercer cap\u00edtulo se analizan las condiciones contextuales y personales que rodean el ejercicio de la funci\u00f3n directiva. El cuarto cap\u00edtulo es relativo al funcionamiento interno como equipo, el modelo de funcionamiento adoptado y el plan de actuaciones que se pretende desarrollar. Desde el cap\u00edtulo quinto al octavo se esboza la actuaci\u00f3n del equipo directivo en relaci\u00f3n a la comunidad educativa. En el quinto cap\u00edtulo se esboza el modelo de gesti\u00f3n &#8211; aut\u00f3noma, participativa y colaborativa &#8211; esperada por parte del equipo. Los cap\u00edt<\/p>\n<p>&nbsp;<\/p>\n<h3>Datos acad\u00e9micos de la tesis doctoral \u00ab<strong>Analisis del funcionamiento de los equipos directivos de centros educativos en el contexto del estado espa\u00f1ol.<\/strong>\u00ab<\/h3>\n<ul>\n<li><strong>T\u00edtulo de la tesis:<\/strong>\u00a0 Analisis del funcionamiento de los equipos directivos de centros educativos en el contexto del estado espa\u00f1ol. <\/li>\n<li><strong>Autor:<\/strong>\u00a0 Ana Mar\u00eda Garc\u00eda Olalla <\/li>\n<li><strong>Universidad:<\/strong>\u00a0 Deusto<\/li>\n<li><strong>Fecha de lectura de la tesis:<\/strong>\u00a0 01\/01\/1999<\/li>\n<\/ul>\n<p>&nbsp;<\/p>\n<h3>Direcci\u00f3n y tribunal<\/h3>\n<ul>\n<li><strong>Director de la tesis<\/strong>\n<ul>\n<li>Aurelio Villa S\u00e1nchez<\/li>\n<\/ul>\n<\/li>\n<li><strong>Tribunal<\/strong>\n<ul>\n<li>Presidente del tribunal: joaquin Gairin sallan <\/li>\n<li> Maganto mateo Juan a m. (vocal)<\/li>\n<li>Luis Miguel Villar angulo (vocal)<\/li>\n<li> Ferrero blanco Juan  Jos\u00e9 (vocal)<\/li>\n<\/ul>\n<\/li>\n<\/ul>\n<p>&nbsp;<\/p>\n","protected":false},"excerpt":{"rendered":"<p>Tesis doctoral de Ana Mar\u00eda Garc\u00eda Olalla El trabajo de investigaci\u00f3n presentado en esta tesis doctoral toma como objeto de [&hellip;]<\/p>\n","protected":false},"author":1,"featured_media":0,"comment_status":"open","ping_status":"open","sticky":false,"template":"","format":"standard","meta":{"site-sidebar-layout":"default","site-content-layout":"","ast-site-content-layout":"","site-content-style":"default","site-sidebar-style":"default","ast-global-header-display":"","ast-banner-title-visibility":"","ast-main-header-display":"","ast-hfb-above-header-display":"","ast-hfb-below-header-display":"","ast-hfb-mobile-header-display":"","site-post-title":"","ast-breadcrumbs-content":"","ast-featured-img":"","footer-sml-layout":"","theme-transparent-header-meta":"","adv-header-id-meta":"","stick-header-meta":"","header-above-stick-meta":"","header-main-stick-meta":"","header-below-stick-meta":"","astra-migrate-meta-layouts":"default","ast-page-background-enabled":"default","ast-page-background-meta":{"desktop":{"background-color":"var(--ast-global-color-4)","background-image":"","background-repeat":"repeat","background-position":"center center","background-size":"auto","background-attachment":"scroll","background-type":"","background-media":"","overlay-type":"","overlay-color":"","overlay-gradient":""},"tablet":{"background-color":"","background-image":"","background-repeat":"repeat","background-position":"center center","background-size":"auto","background-attachment":"scroll","background-type":"","background-media":"","overlay-type":"","overlay-color":"","overlay-gradient":""},"mobile":{"background-color":"","background-image":"","background-repeat":"repeat","background-position":"center center","background-size":"auto","background-attachment":"scroll","background-type":"","background-media":"","overlay-type":"","overlay-color":"","overlay-gradient":""}},"ast-content-background-meta":{"desktop":{"background-color":"var(--ast-global-color-5)","background-image":"","background-repeat":"repeat","background-position":"center center","background-size":"auto","background-attachment":"scroll","background-type":"","background-media":"","overlay-type":"","overlay-color":"","overlay-gradient":""},"tablet":{"background-color":"var(--ast-global-color-5)","background-image":"","background-repeat":"repeat","background-position":"center center","background-size":"auto","background-attachment":"scroll","background-type":"","background-media":"","overlay-type":"","overlay-color":"","overlay-gradient":""},"mobile":{"background-color":"var(--ast-global-color-5)","background-image":"","background-repeat":"repeat","background-position":"center center","background-size":"auto","background-attachment":"scroll","background-type":"","background-media":"","overlay-type":"","overlay-color":"","overlay-gradient":""}},"footnotes":""},"categories":[31910,7611,1184,1141],"tags":[106338,28104,106339,6624,17209,28103],"class_list":["post-42217","post","type-post","status-publish","format-standard","hentry","category-deusto","category-organizacion-y-direccion-de-las-instituciones-educativas","category-organizacion-y-planificacion-de-la-educacion","category-pedagogia","tag-ana-maria-garcia-olalla","tag-aurelio-villa-sanchez","tag-ferrero-blanco-juan-jose","tag-joaquin-gairin-sallan","tag-luis-miguel-villar-angulo","tag-maganto-mateo-juan-a-m"],"_links":{"self":[{"href":"https:\/\/www.deberes.net\/tesis\/wp-json\/wp\/v2\/posts\/42217","targetHints":{"allow":["GET"]}}],"collection":[{"href":"https:\/\/www.deberes.net\/tesis\/wp-json\/wp\/v2\/posts"}],"about":[{"href":"https:\/\/www.deberes.net\/tesis\/wp-json\/wp\/v2\/types\/post"}],"author":[{"embeddable":true,"href":"https:\/\/www.deberes.net\/tesis\/wp-json\/wp\/v2\/users\/1"}],"replies":[{"embeddable":true,"href":"https:\/\/www.deberes.net\/tesis\/wp-json\/wp\/v2\/comments?post=42217"}],"version-history":[{"count":0,"href":"https:\/\/www.deberes.net\/tesis\/wp-json\/wp\/v2\/posts\/42217\/revisions"}],"wp:attachment":[{"href":"https:\/\/www.deberes.net\/tesis\/wp-json\/wp\/v2\/media?parent=42217"}],"wp:term":[{"taxonomy":"category","embeddable":true,"href":"https:\/\/www.deberes.net\/tesis\/wp-json\/wp\/v2\/categories?post=42217"},{"taxonomy":"post_tag","embeddable":true,"href":"https:\/\/www.deberes.net\/tesis\/wp-json\/wp\/v2\/tags?post=42217"}],"curies":[{"name":"wp","href":"https:\/\/api.w.org\/{rel}","templated":true}]}}