{"id":42264,"date":"1999-01-01T00:00:00","date_gmt":"1999-01-01T00:00:00","guid":{"rendered":"https:\/\/www.deberes.net\/tesis\/sin-categoria\/la-presencia-del-romanticismo-ingles-en-el-pensamiento-poetico-de-luis-cernuda\/"},"modified":"1999-01-01T00:00:00","modified_gmt":"1999-01-01T00:00:00","slug":"la-presencia-del-romanticismo-ingles-en-el-pensamiento-poetico-de-luis-cernuda","status":"publish","type":"post","link":"https:\/\/www.deberes.net\/tesis\/historia\/la-presencia-del-romanticismo-ingles-en-el-pensamiento-poetico-de-luis-cernuda\/","title":{"rendered":"La presencia del romanticismo ingles en el pensamiento poetico de luis cernuda."},"content":{"rendered":"<h2>Tesis doctoral de <strong> Gabriel Insausti Herrero-velarde <\/strong><\/h2>\n<p>Mi prop\u00f3sito, como el t\u00edtulo indica, ha sido mostrar la relaci\u00f3n entre el romanticismo ingl\u00e9s y luis cernuda dentro del campo del pensamiento po\u00e9tico, as\u00ed como determinar en alguna medida la modalidad de dicha relaci\u00f3n.  para ello he seguido la siguiente secuencia: 1) explicaci\u00f3n preliminar de un tema rom\u00e1ntico y sus variantes en coleridge, wordsworth shelley y keats; 2) recepci\u00f3n y comprensi\u00f3n cernudiana del mismo, fundamentalmente tal como se muestra en pensamiento po\u00e9tico en la l\u00edrica inglesa del siglo xix; 3) apropiaci\u00f3n de estos temas, met\u00e1foras, figuras o expresiones como utillaje cr\u00edtico presente en otros textos; y 4) aparici\u00f3n de algunos de estos temas, met\u00e1foras, figuras o expresiones en su propia escritura de creaci\u00f3n, sea prosa o poes\u00eda.  he seguido esta secuencia en la elucidaci\u00f3n de los siguientes temas: 1) la cr\u00edtica a la preceptiva dieciochesca; 2) la cr\u00edtica del asociacionismo; y 4) desarrollo de esta recepci\u00f3n en la conficuraci\u00f3n de un yo po\u00e9tico. Todo esto me ha permitido concluir la existencia de una relaci\u00f3n de filiaci\u00f3n de luis cernuda respecto del romanticismo ingl\u00e9s.<\/p>\n<p>&nbsp;<\/p>\n<h3>Datos acad\u00e9micos de la tesis doctoral \u00ab<strong>La presencia del romanticismo ingles en el pensamiento poetico de luis cernuda.<\/strong>\u00ab<\/h3>\n<ul>\n<li><strong>T\u00edtulo de la tesis:<\/strong>\u00a0 La presencia del romanticismo ingles en el pensamiento poetico de luis cernuda. <\/li>\n<li><strong>Autor:<\/strong>\u00a0 Gabriel Insausti Herrero-velarde <\/li>\n<li><strong>Universidad:<\/strong>\u00a0 Navarra<\/li>\n<li><strong>Fecha de lectura de la tesis:<\/strong>\u00a0 01\/01\/1999<\/li>\n<\/ul>\n<p>&nbsp;<\/p>\n<h3>Direcci\u00f3n y tribunal<\/h3>\n<ul>\n<li><strong>Director de la tesis<\/strong>\n<ul>\n<li>Victor Ignacio Garcia Ruiz<\/li>\n<\/ul>\n<\/li>\n<li><strong>Tribunal<\/strong>\n<ul>\n<li>Presidente del tribunal: philip Silver <\/li>\n<li>Juan Cruz cruz (vocal)<\/li>\n<li>Francisco Javier Diez de revenga torres (vocal)<\/li>\n<li>ignacio Arellano ayuso (vocal)<\/li>\n<\/ul>\n<\/li>\n<\/ul>\n<p>&nbsp;<\/p>\n","protected":false},"excerpt":{"rendered":"<p>Tesis doctoral de Gabriel Insausti Herrero-velarde Mi prop\u00f3sito, como el t\u00edtulo indica, ha sido mostrar la relaci\u00f3n entre el romanticismo [&hellip;]<\/p>\n","protected":false},"author":1,"featured_media":0,"comment_status":"open","ping_status":"open","sticky":false,"template":"","format":"standard","meta":{"site-sidebar-layout":"default","site-content-layout":"","ast-site-content-layout":"","site-content-style":"default","site-sidebar-style":"default","ast-global-header-display":"","ast-banner-title-visibility":"","ast-main-header-display":"","ast-hfb-above-header-display":"","ast-hfb-below-header-display":"","ast-hfb-mobile-header-display":"","site-post-title":"","ast-breadcrumbs-content":"","ast-featured-img":"","footer-sml-layout":"","theme-transparent-header-meta":"","adv-header-id-meta":"","stick-header-meta":"","header-above-stick-meta":"","header-main-stick-meta":"","header-below-stick-meta":"","astra-migrate-meta-layouts":"default","ast-page-background-enabled":"default","ast-page-background-meta":{"desktop":{"background-color":"var(--ast-global-color-4)","background-image":"","background-repeat":"repeat","background-position":"center center","background-size":"auto","background-attachment":"scroll","background-type":"","background-media":"","overlay-type":"","overlay-color":"","overlay-gradient":""},"tablet":{"background-color":"","background-image":"","background-repeat":"repeat","background-position":"center center","background-size":"auto","background-attachment":"scroll","background-type":"","background-media":"","overlay-type":"","overlay-color":"","overlay-gradient":""},"mobile":{"background-color":"","background-image":"","background-repeat":"repeat","background-position":"center center","background-size":"auto","background-attachment":"scroll","background-type":"","background-media":"","overlay-type":"","overlay-color":"","overlay-gradient":""}},"ast-content-background-meta":{"desktop":{"background-color":"var(--ast-global-color-5)","background-image":"","background-repeat":"repeat","background-position":"center center","background-size":"auto","background-attachment":"scroll","background-type":"","background-media":"","overlay-type":"","overlay-color":"","overlay-gradient":""},"tablet":{"background-color":"var(--ast-global-color-5)","background-image":"","background-repeat":"repeat","background-position":"center center","background-size":"auto","background-attachment":"scroll","background-type":"","background-media":"","overlay-type":"","overlay-color":"","overlay-gradient":""},"mobile":{"background-color":"var(--ast-global-color-5)","background-image":"","background-repeat":"repeat","background-position":"center center","background-size":"auto","background-attachment":"scroll","background-type":"","background-media":"","overlay-type":"","overlay-color":"","overlay-gradient":""}},"footnotes":""},"categories":[147,2965,104,713,1867,222,17749,628],"tags":[8638,106405,8786,18049,106406,17964],"class_list":["post-42264","post","type-post","status-publish","format-standard","hentry","category-ciencias-de-las-artes-y-las-letras","category-estilo-y-estetica-literarios","category-historia","category-historia-de-la-literatura","category-historia-de-la-literatura-espanola","category-historias-especializadas","category-navarra","category-teoria-analisis-y-critica-literarios","tag-francisco-javier-diez-de-revenga-torres","tag-gabriel-insausti-herrero-velarde","tag-ignacio-arellano-ayuso","tag-juan-cruz-cruz","tag-philip-silver","tag-victor-ignacio-garcia-ruiz"],"_links":{"self":[{"href":"https:\/\/www.deberes.net\/tesis\/wp-json\/wp\/v2\/posts\/42264","targetHints":{"allow":["GET"]}}],"collection":[{"href":"https:\/\/www.deberes.net\/tesis\/wp-json\/wp\/v2\/posts"}],"about":[{"href":"https:\/\/www.deberes.net\/tesis\/wp-json\/wp\/v2\/types\/post"}],"author":[{"embeddable":true,"href":"https:\/\/www.deberes.net\/tesis\/wp-json\/wp\/v2\/users\/1"}],"replies":[{"embeddable":true,"href":"https:\/\/www.deberes.net\/tesis\/wp-json\/wp\/v2\/comments?post=42264"}],"version-history":[{"count":0,"href":"https:\/\/www.deberes.net\/tesis\/wp-json\/wp\/v2\/posts\/42264\/revisions"}],"wp:attachment":[{"href":"https:\/\/www.deberes.net\/tesis\/wp-json\/wp\/v2\/media?parent=42264"}],"wp:term":[{"taxonomy":"category","embeddable":true,"href":"https:\/\/www.deberes.net\/tesis\/wp-json\/wp\/v2\/categories?post=42264"},{"taxonomy":"post_tag","embeddable":true,"href":"https:\/\/www.deberes.net\/tesis\/wp-json\/wp\/v2\/tags?post=42264"}],"curies":[{"name":"wp","href":"https:\/\/api.w.org\/{rel}","templated":true}]}}