{"id":42286,"date":"1999-01-01T00:00:00","date_gmt":"1999-01-01T00:00:00","guid":{"rendered":"https:\/\/www.deberes.net\/tesis\/sin-categoria\/fundamentos-teoricos-del-public-journalism\/"},"modified":"1999-01-01T00:00:00","modified_gmt":"1999-01-01T00:00:00","slug":"fundamentos-teoricos-del-public-journalism","status":"publish","type":"post","link":"https:\/\/www.deberes.net\/tesis\/historia\/fundamentos-teoricos-del-public-journalism\/","title":{"rendered":"Fundamentos teoricos del \u00abpublic journalism\u00bb."},"content":{"rendered":"<h2>Tesis doctoral de <strong> Carlos \u00e1lvarez Teijeiro <\/strong><\/h2>\n<p>Esta investigaci\u00f3n persigue dos objetivos: mostrar las debilidades te\u00f3ricas del public journalism y sugerir fundamentos te\u00f3ricos m\u00e1s acordes con el fin del movimiento, revitalizar la vida p\u00fablica de la democracia. Para el primero de los objetivos, se examina cuanto sostienen merritt, rosen y carey. De tal examen se concluye que el public journalism posee carencias de fundamentaci\u00f3n en tres \u00e1reas. En primer lugar, carencias teleol\u00f3gicas (insuficiencias en la concepci\u00f3n del fin de la actividad profesional de comunicar p\u00fablicamente); en segundo lugar, carencias antropol\u00f3gicas (comprensi\u00f3n reductivista de la persona y del papel del di\u00e1logo en la constituci\u00f3n de la subjetividad); por \u00faltimo, carencias cr\u00edtico-epistemol\u00f3gicas (incompleta cr\u00edtica de los conceptos de objetividad period\u00edstica y de detachment; respuestas d\u00e9biles a las impugnaciones de fondo contra los presupuestos del movimiento). en cuanto concierne al segundo objetivo, en primer lugar se formula una comprensi\u00f3n antropol\u00f3gica de la esfera p\u00fablica (arendt). En segundo lugar, se plantea una comprensi\u00f3n hist\u00f3rica y sociol\u00f3gica que contempla la normatividad del proyecto moderno de una esfera p\u00fablica basada en relaciones pol\u00edticas y dial\u00f3gicas (habermas, dewey, sennett). en tercer lugar, se consideran los problemas de tal proyecto moderno al aplicarse en un contexto posmoderno. en cuarto lugar, se sostiene una fundamentaci\u00f3n filosofico-pol\u00edtica para cuestionar el principio de la neutralidad del sistema de medios (debate liberal-comunitarista: rawls, sandel, macintyre, taylor, walzer). Por \u00faltimo, se propone una ontolog\u00eda de la alteridad sustentada en la filosof\u00eda del di\u00e1logo para dotar al public journalism de la solidez \u00e9tica necesaria para realizar la tarea que se ha trazado.<\/p>\n<p>&nbsp;<\/p>\n<h3>Datos acad\u00e9micos de la tesis doctoral \u00ab<strong>Fundamentos teoricos del \u00abpublic journalism\u00bb.<\/strong>\u00ab<\/h3>\n<ul>\n<li><strong>T\u00edtulo de la tesis:<\/strong>\u00a0 Fundamentos teoricos del \u00abpublic journalism\u00bb. <\/li>\n<li><strong>Autor:<\/strong>\u00a0 Carlos \u00e1lvarez Teijeiro <\/li>\n<li><strong>Universidad:<\/strong>\u00a0 Navarra<\/li>\n<li><strong>Fecha de lectura de la tesis:<\/strong>\u00a0 01\/01\/1999<\/li>\n<\/ul>\n<p>&nbsp;<\/p>\n<h3>Direcci\u00f3n y tribunal<\/h3>\n<ul>\n<li><strong>Director de la tesis<\/strong>\n<ul>\n<li>Gabriel Gald\u00f3n L\u00f3pez<\/li>\n<\/ul>\n<\/li>\n<li><strong>Tribunal<\/strong>\n<ul>\n<li>Presidente del tribunal: Juan  jos\u00e9 Garc\u00eda-noblejas liniers <\/li>\n<li> Dader garcia Jos\u00e9 Luis (vocal)<\/li>\n<li>Francisco Iglesias gonz\u00e1lez (vocal)<\/li>\n<li> Sanchez sanchez Jos\u00e9 fco. (vocal)<\/li>\n<\/ul>\n<\/li>\n<\/ul>\n<p>&nbsp;<\/p>\n","protected":false},"excerpt":{"rendered":"<p>Tesis doctoral de Carlos \u00e1lvarez Teijeiro Esta investigaci\u00f3n persigue dos objetivos: mostrar las debilidades te\u00f3ricas del public journalism y sugerir [&hellip;]<\/p>\n","protected":false},"author":1,"featured_media":0,"comment_status":"open","ping_status":"open","sticky":false,"template":"","format":"standard","meta":{"site-sidebar-layout":"default","site-content-layout":"","ast-site-content-layout":"","site-content-style":"default","site-sidebar-style":"default","ast-global-header-display":"","ast-banner-title-visibility":"","ast-main-header-display":"","ast-hfb-above-header-display":"","ast-hfb-below-header-display":"","ast-hfb-mobile-header-display":"","site-post-title":"","ast-breadcrumbs-content":"","ast-featured-img":"","footer-sml-layout":"","theme-transparent-header-meta":"","adv-header-id-meta":"","stick-header-meta":"","header-above-stick-meta":"","header-main-stick-meta":"","header-below-stick-meta":"","astra-migrate-meta-layouts":"default","ast-page-background-enabled":"default","ast-page-background-meta":{"desktop":{"background-color":"var(--ast-global-color-4)","background-image":"","background-repeat":"repeat","background-position":"center center","background-size":"auto","background-attachment":"scroll","background-type":"","background-media":"","overlay-type":"","overlay-color":"","overlay-gradient":""},"tablet":{"background-color":"","background-image":"","background-repeat":"repeat","background-position":"center center","background-size":"auto","background-attachment":"scroll","background-type":"","background-media":"","overlay-type":"","overlay-color":"","overlay-gradient":""},"mobile":{"background-color":"","background-image":"","background-repeat":"repeat","background-position":"center center","background-size":"auto","background-attachment":"scroll","background-type":"","background-media":"","overlay-type":"","overlay-color":"","overlay-gradient":""}},"ast-content-background-meta":{"desktop":{"background-color":"var(--ast-global-color-5)","background-image":"","background-repeat":"repeat","background-position":"center center","background-size":"auto","background-attachment":"scroll","background-type":"","background-media":"","overlay-type":"","overlay-color":"","overlay-gradient":""},"tablet":{"background-color":"var(--ast-global-color-5)","background-image":"","background-repeat":"repeat","background-position":"center center","background-size":"auto","background-attachment":"scroll","background-type":"","background-media":"","overlay-type":"","overlay-color":"","overlay-gradient":""},"mobile":{"background-color":"var(--ast-global-color-5)","background-image":"","background-repeat":"repeat","background-position":"center center","background-size":"auto","background-attachment":"scroll","background-type":"","background-media":"","overlay-type":"","overlay-color":"","overlay-gradient":""}},"footnotes":""},"categories":[838,104,5812,222,17749,4840,4841],"tags":[106440,24361,22607,17897,17794,106441],"class_list":["post-42286","post","type-post","status-publish","format-standard","hentry","category-ciencia-politica","category-historia","category-historia-del-periodismo","category-historias-especializadas","category-navarra","category-opinion-publica","category-prensa","tag-carlos-alvarez-teijeiro","tag-dader-garcia-jose-luis","tag-francisco-iglesias-gonzalez","tag-gabriel-galdon-lopez","tag-juan-jose-garcia-noblejas-liniers","tag-sanchez-sanchez-jose-fco"],"_links":{"self":[{"href":"https:\/\/www.deberes.net\/tesis\/wp-json\/wp\/v2\/posts\/42286","targetHints":{"allow":["GET"]}}],"collection":[{"href":"https:\/\/www.deberes.net\/tesis\/wp-json\/wp\/v2\/posts"}],"about":[{"href":"https:\/\/www.deberes.net\/tesis\/wp-json\/wp\/v2\/types\/post"}],"author":[{"embeddable":true,"href":"https:\/\/www.deberes.net\/tesis\/wp-json\/wp\/v2\/users\/1"}],"replies":[{"embeddable":true,"href":"https:\/\/www.deberes.net\/tesis\/wp-json\/wp\/v2\/comments?post=42286"}],"version-history":[{"count":0,"href":"https:\/\/www.deberes.net\/tesis\/wp-json\/wp\/v2\/posts\/42286\/revisions"}],"wp:attachment":[{"href":"https:\/\/www.deberes.net\/tesis\/wp-json\/wp\/v2\/media?parent=42286"}],"wp:term":[{"taxonomy":"category","embeddable":true,"href":"https:\/\/www.deberes.net\/tesis\/wp-json\/wp\/v2\/categories?post=42286"},{"taxonomy":"post_tag","embeddable":true,"href":"https:\/\/www.deberes.net\/tesis\/wp-json\/wp\/v2\/tags?post=42286"}],"curies":[{"name":"wp","href":"https:\/\/api.w.org\/{rel}","templated":true}]}}