{"id":42309,"date":"1999-01-01T00:00:00","date_gmt":"1999-01-01T00:00:00","guid":{"rendered":"https:\/\/www.deberes.net\/tesis\/sin-categoria\/regimen-juridico-del-transporte-cumulativo\/"},"modified":"1999-01-01T00:00:00","modified_gmt":"1999-01-01T00:00:00","slug":"regimen-juridico-del-transporte-cumulativo","status":"publish","type":"post","link":"https:\/\/www.deberes.net\/tesis\/ciencias-juridicas-y-derecho\/regimen-juridico-del-transporte-cumulativo\/","title":{"rendered":"Regimen juridico del transporte cumulativo."},"content":{"rendered":"<h2>Tesis doctoral de <strong> Carlos Llorente Gomez De Segura <\/strong><\/h2>\n<p>El estudio analiza el r\u00e9gimen jur\u00eddico del transporte cumulativo de cosas por v\u00eda terrestre.  consta de seis cap\u00edtulos.  el primero analiza el fundamento y significaci\u00f3n econ\u00f3mica y jur\u00eddica actual de los fen\u00f3menos de cooperaci\u00f3n entre transportistas (transporte plural) con vistas a delimitar y justificar el inter\u00e9s del estudio del transporte cumulativo en este contexto.  el segundo estudia la evoluci\u00f3n normativa del transporte cumulativo en el derecho comparado y en el derecho espa\u00f1ol, tanto interno como internacional.  el tercero ofrece el concepto y caracter\u00edsticas del transporte cumulativo y analiza sus diferencias esenciales con otras modalidades de transporte plural.  el cuarto identifica su naturaleza jur\u00eddica a la luz de su configuraci\u00f3n jur\u00eddica en el derecho espa\u00f1ol.  el quinto expone las distintas fases del proceso de formaci\u00f3n del contrato de transporte cumulativo y, en especial, la importancia de los aspectos formales o documentales.  finalmente, el sexto analiza su estructura de relaciones externas e internas, destacando, entre las primeras, el estudio de la indivisibilidad de la prestaci\u00f3n de transporte, la responsabilidad solidaria de los porteadores y su concurrencia en los derechos derivados a su favor del contrato; y entre las segundas, el ejercicio de la acci\u00f3n regreso contra el porteador responsable.<\/p>\n<p>&nbsp;<\/p>\n<h3>Datos acad\u00e9micos de la tesis doctoral \u00ab<strong>Regimen juridico del transporte cumulativo.<\/strong>\u00ab<\/h3>\n<ul>\n<li><strong>T\u00edtulo de la tesis:<\/strong>\u00a0 Regimen juridico del transporte cumulativo. <\/li>\n<li><strong>Autor:<\/strong>\u00a0 Carlos Llorente Gomez De Segura <\/li>\n<li><strong>Universidad:<\/strong>\u00a0 Navarra<\/li>\n<li><strong>Fecha de lectura de la tesis:<\/strong>\u00a0 01\/01\/1999<\/li>\n<\/ul>\n<p>&nbsp;<\/p>\n<h3>Direcci\u00f3n y tribunal<\/h3>\n<ul>\n<li><strong>Director de la tesis<\/strong>\n<ul>\n<li>Mercedes V\u00e9rgez S\u00e1nchez<\/li>\n<\/ul>\n<\/li>\n<li><strong>Tribunal<\/strong>\n<ul>\n<li>Presidente del tribunal: fernando S\u00e1nchez calero <\/li>\n<li>Manuel angel L\u00f3pez s\u00e1nchez (vocal)<\/li>\n<li>Alberto Bercovitz rodriguez-cano (vocal)<\/li>\n<li>Juan  Carlos Saenz garcia de albizu (vocal)<\/li>\n<\/ul>\n<\/li>\n<\/ul>\n<p>&nbsp;<\/p>\n","protected":false},"excerpt":{"rendered":"<p>Tesis doctoral de Carlos Llorente Gomez De Segura El estudio analiza el r\u00e9gimen jur\u00eddico del transporte cumulativo de cosas por [&hellip;]<\/p>\n","protected":false},"author":1,"featured_media":0,"comment_status":"open","ping_status":"open","sticky":false,"template":"","format":"standard","meta":{"site-sidebar-layout":"default","site-content-layout":"","ast-site-content-layout":"","site-content-style":"default","site-sidebar-style":"default","ast-global-header-display":"","ast-banner-title-visibility":"","ast-main-header-display":"","ast-hfb-above-header-display":"","ast-hfb-below-header-display":"","ast-hfb-mobile-header-display":"","site-post-title":"","ast-breadcrumbs-content":"","ast-featured-img":"","footer-sml-layout":"","theme-transparent-header-meta":"","adv-header-id-meta":"","stick-header-meta":"","header-above-stick-meta":"","header-main-stick-meta":"","header-below-stick-meta":"","astra-migrate-meta-layouts":"default","ast-page-background-enabled":"default","ast-page-background-meta":{"desktop":{"background-color":"var(--ast-global-color-4)","background-image":"","background-repeat":"repeat","background-position":"center center","background-size":"auto","background-attachment":"scroll","background-type":"","background-media":"","overlay-type":"","overlay-color":"","overlay-gradient":""},"tablet":{"background-color":"","background-image":"","background-repeat":"repeat","background-position":"center center","background-size":"auto","background-attachment":"scroll","background-type":"","background-media":"","overlay-type":"","overlay-color":"","overlay-gradient":""},"mobile":{"background-color":"","background-image":"","background-repeat":"repeat","background-position":"center center","background-size":"auto","background-attachment":"scroll","background-type":"","background-media":"","overlay-type":"","overlay-color":"","overlay-gradient":""}},"ast-content-background-meta":{"desktop":{"background-color":"var(--ast-global-color-5)","background-image":"","background-repeat":"repeat","background-position":"center center","background-size":"auto","background-attachment":"scroll","background-type":"","background-media":"","overlay-type":"","overlay-color":"","overlay-gradient":""},"tablet":{"background-color":"var(--ast-global-color-5)","background-image":"","background-repeat":"repeat","background-position":"center center","background-size":"auto","background-attachment":"scroll","background-type":"","background-media":"","overlay-type":"","overlay-color":"","overlay-gradient":""},"mobile":{"background-color":"var(--ast-global-color-5)","background-image":"","background-repeat":"repeat","background-position":"center center","background-size":"auto","background-attachment":"scroll","background-type":"","background-media":"","overlay-type":"","overlay-color":"","overlay-gradient":""}},"footnotes":""},"categories":[612,2826,979,17749],"tags":[11968,106481,20664,55193,65165,17212],"class_list":["post-42309","post","type-post","status-publish","format-standard","hentry","category-ciencias-juridicas-y-derecho","category-derecho-mercantil","category-derecho-y-legislacion-nacionales","category-navarra","tag-alberto-bercovitz-rodriguez-cano","tag-carlos-llorente-gomez-de-segura","tag-fernando-sanchez-calero","tag-juan-carlos-saenz-garcia-de-albizu","tag-manuel-angel-lopez-sanchez","tag-mercedes-vergez-sanchez"],"_links":{"self":[{"href":"https:\/\/www.deberes.net\/tesis\/wp-json\/wp\/v2\/posts\/42309","targetHints":{"allow":["GET"]}}],"collection":[{"href":"https:\/\/www.deberes.net\/tesis\/wp-json\/wp\/v2\/posts"}],"about":[{"href":"https:\/\/www.deberes.net\/tesis\/wp-json\/wp\/v2\/types\/post"}],"author":[{"embeddable":true,"href":"https:\/\/www.deberes.net\/tesis\/wp-json\/wp\/v2\/users\/1"}],"replies":[{"embeddable":true,"href":"https:\/\/www.deberes.net\/tesis\/wp-json\/wp\/v2\/comments?post=42309"}],"version-history":[{"count":0,"href":"https:\/\/www.deberes.net\/tesis\/wp-json\/wp\/v2\/posts\/42309\/revisions"}],"wp:attachment":[{"href":"https:\/\/www.deberes.net\/tesis\/wp-json\/wp\/v2\/media?parent=42309"}],"wp:term":[{"taxonomy":"category","embeddable":true,"href":"https:\/\/www.deberes.net\/tesis\/wp-json\/wp\/v2\/categories?post=42309"},{"taxonomy":"post_tag","embeddable":true,"href":"https:\/\/www.deberes.net\/tesis\/wp-json\/wp\/v2\/tags?post=42309"}],"curies":[{"name":"wp","href":"https:\/\/api.w.org\/{rel}","templated":true}]}}