{"id":42310,"date":"1999-01-01T00:00:00","date_gmt":"1999-01-01T00:00:00","guid":{"rendered":"https:\/\/www.deberes.net\/tesis\/sin-categoria\/cuestiones-previas-en-el-proceso-penal\/"},"modified":"1999-01-01T00:00:00","modified_gmt":"1999-01-01T00:00:00","slug":"cuestiones-previas-en-el-proceso-penal","status":"publish","type":"post","link":"https:\/\/www.deberes.net\/tesis\/ciencias-juridicas-y-derecho\/cuestiones-previas-en-el-proceso-penal\/","title":{"rendered":"Cuestiones previas en el proceso penal."},"content":{"rendered":"<h2>Tesis doctoral de <strong> Juan  Ramon Medina Cepero <\/strong><\/h2>\n<p>El objeto de esta investigaci\u00f3n es un estudio procesal de una original figura de nuestro derecho: los art\u00edculos de previo o especial pronunciamiento.  la investigaci\u00f3n, que consta de tres partes, ofrece, en la primera, un estudio de la legalidad vigente y sendos estudios hist\u00f3ricos y de derecho comparado, que van a revelar la necesidad de construir una teor\u00eda m\u00e1s amplia de las cuestiones previas que supere la obsoleta concepci\u00f3n legal actual.  en la segunda parte, se realiza un estudio de los cinco art\u00edculos de previo o especial pronunciamiento recogidos en el art\u00edculo 666 de lalecrim. Las conclusiones de los cinco cap\u00edtulos de esta segunda parte van a patentizar a\u00fan m\u00e1s los errores actuales de nuestra vieja ley procesal penal.  la tercera parte de la tesis presenta los insalvables inconvenientes procedimentales (sujetos, prueba, momento procesal&#8230;) de los art\u00edculos de previo o especial pronunciamiento.  las conclusiones finales clasificadas en diecinueve proposiciones proponen la sustituci\u00f3n de esta figura procesal por una legislaci\u00f3n amplia de las cuestiones previas que, en clara consonancia con la regulaci\u00f3n de las nulidades procesales contempladas en la ley org\u00e1nica del poder judicial (art\u00edculos 238 a 243), supere las limitaciones actuales, como han hecho con cierto \u00e9xito algunas legislaciones de nuestro entorno jur\u00eddico.<\/p>\n<p>&nbsp;<\/p>\n<h3>Datos acad\u00e9micos de la tesis doctoral \u00ab<strong>Cuestiones previas en el proceso penal.<\/strong>\u00ab<\/h3>\n<ul>\n<li><strong>T\u00edtulo de la tesis:<\/strong>\u00a0 Cuestiones previas en el proceso penal. <\/li>\n<li><strong>Autor:<\/strong>\u00a0 Juan  Ramon Medina Cepero <\/li>\n<li><strong>Universidad:<\/strong>\u00a0 Navarra<\/li>\n<li><strong>Fecha de lectura de la tesis:<\/strong>\u00a0 01\/01\/1999<\/li>\n<\/ul>\n<p>&nbsp;<\/p>\n<h3>Direcci\u00f3n y tribunal<\/h3>\n<ul>\n<li><strong>Director de la tesis<\/strong>\n<ul>\n<li>Teresa Armenta<\/li>\n<\/ul>\n<\/li>\n<li><strong>Tribunal<\/strong>\n<ul>\n<li>Presidente del tribunal: Jorge Carreras llansana <\/li>\n<li>guillermo Ormazabal (vocal)<\/li>\n<li>Mar\u00eda  victoria Berzosa francos (vocal)<\/li>\n<li> Carreras del rincon Jorge (vocal)<\/li>\n<\/ul>\n<\/li>\n<\/ul>\n<p>&nbsp;<\/p>\n","protected":false},"excerpt":{"rendered":"<p>Tesis doctoral de Juan Ramon Medina Cepero El objeto de esta investigaci\u00f3n es un estudio procesal de una original figura [&hellip;]<\/p>\n","protected":false},"author":1,"featured_media":0,"comment_status":"open","ping_status":"open","sticky":false,"template":"","format":"standard","meta":{"site-sidebar-layout":"default","site-content-layout":"","ast-site-content-layout":"","site-content-style":"default","site-sidebar-style":"default","ast-global-header-display":"","ast-banner-title-visibility":"","ast-main-header-display":"","ast-hfb-above-header-display":"","ast-hfb-below-header-display":"","ast-hfb-mobile-header-display":"","site-post-title":"","ast-breadcrumbs-content":"","ast-featured-img":"","footer-sml-layout":"","theme-transparent-header-meta":"","adv-header-id-meta":"","stick-header-meta":"","header-above-stick-meta":"","header-main-stick-meta":"","header-below-stick-meta":"","astra-migrate-meta-layouts":"default","ast-page-background-enabled":"default","ast-page-background-meta":{"desktop":{"background-color":"var(--ast-global-color-4)","background-image":"","background-repeat":"repeat","background-position":"center center","background-size":"auto","background-attachment":"scroll","background-type":"","background-media":"","overlay-type":"","overlay-color":"","overlay-gradient":""},"tablet":{"background-color":"","background-image":"","background-repeat":"repeat","background-position":"center center","background-size":"auto","background-attachment":"scroll","background-type":"","background-media":"","overlay-type":"","overlay-color":"","overlay-gradient":""},"mobile":{"background-color":"","background-image":"","background-repeat":"repeat","background-position":"center center","background-size":"auto","background-attachment":"scroll","background-type":"","background-media":"","overlay-type":"","overlay-color":"","overlay-gradient":""}},"ast-content-background-meta":{"desktop":{"background-color":"var(--ast-global-color-5)","background-image":"","background-repeat":"repeat","background-position":"center center","background-size":"auto","background-attachment":"scroll","background-type":"","background-media":"","overlay-type":"","overlay-color":"","overlay-gradient":""},"tablet":{"background-color":"var(--ast-global-color-5)","background-image":"","background-repeat":"repeat","background-position":"center center","background-size":"auto","background-attachment":"scroll","background-type":"","background-media":"","overlay-type":"","overlay-color":"","overlay-gradient":""},"mobile":{"background-color":"var(--ast-global-color-5)","background-image":"","background-repeat":"repeat","background-position":"center center","background-size":"auto","background-attachment":"scroll","background-type":"","background-media":"","overlay-type":"","overlay-color":"","overlay-gradient":""}},"footnotes":""},"categories":[612,613,3620,979,17749,3621],"tags":[106485,106484,50300,106482,33872,106483],"class_list":["post-42310","post","type-post","status-publish","format-standard","hentry","category-ciencias-juridicas-y-derecho","category-derecho-penal","category-derecho-procesal","category-derecho-y-legislacion-nacionales","category-navarra","category-organizacion-juridica","tag-carreras-del-rincon-jorge","tag-guillermo-ormazabal","tag-jorge-carreras-llansana","tag-juan-ramon-medina-cepero","tag-maria-victoria-berzosa-francos","tag-teresa-armenta"],"_links":{"self":[{"href":"https:\/\/www.deberes.net\/tesis\/wp-json\/wp\/v2\/posts\/42310","targetHints":{"allow":["GET"]}}],"collection":[{"href":"https:\/\/www.deberes.net\/tesis\/wp-json\/wp\/v2\/posts"}],"about":[{"href":"https:\/\/www.deberes.net\/tesis\/wp-json\/wp\/v2\/types\/post"}],"author":[{"embeddable":true,"href":"https:\/\/www.deberes.net\/tesis\/wp-json\/wp\/v2\/users\/1"}],"replies":[{"embeddable":true,"href":"https:\/\/www.deberes.net\/tesis\/wp-json\/wp\/v2\/comments?post=42310"}],"version-history":[{"count":0,"href":"https:\/\/www.deberes.net\/tesis\/wp-json\/wp\/v2\/posts\/42310\/revisions"}],"wp:attachment":[{"href":"https:\/\/www.deberes.net\/tesis\/wp-json\/wp\/v2\/media?parent=42310"}],"wp:term":[{"taxonomy":"category","embeddable":true,"href":"https:\/\/www.deberes.net\/tesis\/wp-json\/wp\/v2\/categories?post=42310"},{"taxonomy":"post_tag","embeddable":true,"href":"https:\/\/www.deberes.net\/tesis\/wp-json\/wp\/v2\/tags?post=42310"}],"curies":[{"name":"wp","href":"https:\/\/api.w.org\/{rel}","templated":true}]}}