{"id":42321,"date":"1999-01-01T00:00:00","date_gmt":"1999-01-01T00:00:00","guid":{"rendered":"https:\/\/www.deberes.net\/tesis\/sin-categoria\/indole-secular-en-la-vida-espiritual-de-los-laicos-en-la-ensenanza-de-juan-pablo-ii-1978-1998\/"},"modified":"1999-01-01T00:00:00","modified_gmt":"1999-01-01T00:00:00","slug":"indole-secular-en-la-vida-espiritual-de-los-laicos-en-la-ensenanza-de-juan-pablo-ii-1978-1998","status":"publish","type":"post","link":"https:\/\/www.deberes.net\/tesis\/historia\/indole-secular-en-la-vida-espiritual-de-los-laicos-en-la-ensenanza-de-juan-pablo-ii-1978-1998\/","title":{"rendered":"Indole secular en la vida espiritual de los laicos en la ense\u00f1anza de juan pablo ii (1978-1998)."},"content":{"rendered":"<h2>Tesis doctoral de <strong> Damian Bryl <\/strong><\/h2>\n<p>La tesis pretende ofrecer una presentaci\u00f3n sistem\u00e1tica, acerca de la condici\u00f3n secular en la espiritualidad laical en las ense\u00f1anzas de juan pablo ii. utilizando el m\u00e9todo anal\u00edtico-descriptivo, se analiza la totalidad del magisterio pontificio en el periodo: 1978-1998, mirando con mayor atenci\u00f3n la christifideles laici y las catequesis sobre los laicos. La tesis comienza por un breve intento de describir la figura del laico en su desarrollo hist\u00f3rico y en la ense\u00f1anza de juan pablo ii, que destaca, como modalidad propia, la &lt;&lt;\u00edndole secular&gt;&gt;. Prosiguiendo, el estudio presenta la llamada universal a la santidad y su validez con respecto a los fieles seglares. En el segundo cap\u00edtulo, se analiza la situaci\u00f3n del laico en el mundo, sus tareas en \u00e9l y la influencia de \u00e9stas en la vida espiritual. al final se presenta el concepto de la &lt;&lt;unidad de vida&gt;&gt;, que sintetiza la esencia de la vida espiritual laical en el mundo. El cap\u00edtulo tercero ocupa la presentaci\u00f3n del desarrollo espiritual en el marco de los tres principales &lt;&lt;lugares&gt;&gt; de la vida laical: la vida matrimonial y familiar, el trabajo, y la vida social. el siguiente cap\u00edtulo muestra la santificaci\u00f3n en el mundo de los laicos, visto a la luz del concepto de sacerdocio comun. Despu\u00e9s, el trabajo se concentra en un estudio de la purificaci\u00f3n de la vida en el mundo, y se analizan: las realidades opuestas a dios, el camino de la reconciliaci\u00f3n y la penitencia, y los rasgos de la vida asc\u00e9tica de los laicos. El \u00faltimo cap\u00edtulo presenta el progreso en la vida espiritual, se comienza por el an\u00e1lisis de la formaci\u00f3n espiritual de los laicos y a continuaci\u00f3n se exponen los medios necesarios, principalmente la oraci\u00f3n y la eucarist\u00eda.<\/p>\n<p>&nbsp;<\/p>\n<h3>Datos acad\u00e9micos de la tesis doctoral \u00ab<strong>Indole secular en la vida espiritual de los laicos en la ense\u00f1anza de juan pablo ii (1978-1998).<\/strong>\u00ab<\/h3>\n<ul>\n<li><strong>T\u00edtulo de la tesis:<\/strong>\u00a0 Indole secular en la vida espiritual de los laicos en la ense\u00f1anza de juan pablo ii (1978-1998). <\/li>\n<li><strong>Autor:<\/strong>\u00a0 Damian Bryl <\/li>\n<li><strong>Universidad:<\/strong>\u00a0 Navarra<\/li>\n<li><strong>Fecha de lectura de la tesis:<\/strong>\u00a0 01\/01\/1999<\/li>\n<\/ul>\n<p>&nbsp;<\/p>\n<h3>Direcci\u00f3n y tribunal<\/h3>\n<ul>\n<li><strong>Director de la tesis<\/strong>\n<ul>\n<li>Fco. Javier Sese Alegre<\/li>\n<\/ul>\n<\/li>\n<li><strong>Tribunal<\/strong>\n<ul>\n<li>Presidente del tribunal:  Illanes Maestre Jos\u00e9 Luis <\/li>\n<li> Lorda I\u00f1arra Juan  Luis (vocal)<\/li>\n<li>Fco. Javier Sese Alegre (vocal)<\/li>\n<li>Ramiro Pellitero Iglesias (vocal)<\/li>\n<\/ul>\n<\/li>\n<\/ul>\n<p>&nbsp;<\/p>\n","protected":false},"excerpt":{"rendered":"<p>Tesis doctoral de Damian Bryl La tesis pretende ofrecer una presentaci\u00f3n sistem\u00e1tica, acerca de la condici\u00f3n secular en la espiritualidad [&hellip;]<\/p>\n","protected":false},"author":1,"featured_media":0,"comment_status":"open","ping_status":"open","sticky":false,"template":"","format":"standard","meta":{"site-sidebar-layout":"default","site-content-layout":"","ast-site-content-layout":"","site-content-style":"default","site-sidebar-style":"default","ast-global-header-display":"","ast-banner-title-visibility":"","ast-main-header-display":"","ast-hfb-above-header-display":"","ast-hfb-below-header-display":"","ast-hfb-mobile-header-display":"","site-post-title":"","ast-breadcrumbs-content":"","ast-featured-img":"","footer-sml-layout":"","theme-transparent-header-meta":"","adv-header-id-meta":"","stick-header-meta":"","header-above-stick-meta":"","header-main-stick-meta":"","header-below-stick-meta":"","astra-migrate-meta-layouts":"default","ast-page-background-enabled":"default","ast-page-background-meta":{"desktop":{"background-color":"var(--ast-global-color-4)","background-image":"","background-repeat":"repeat","background-position":"center center","background-size":"auto","background-attachment":"scroll","background-type":"","background-media":"","overlay-type":"","overlay-color":"","overlay-gradient":""},"tablet":{"background-color":"","background-image":"","background-repeat":"repeat","background-position":"center center","background-size":"auto","background-attachment":"scroll","background-type":"","background-media":"","overlay-type":"","overlay-color":"","overlay-gradient":""},"mobile":{"background-color":"","background-image":"","background-repeat":"repeat","background-position":"center center","background-size":"auto","background-attachment":"scroll","background-type":"","background-media":"","overlay-type":"","overlay-color":"","overlay-gradient":""}},"ast-content-background-meta":{"desktop":{"background-color":"var(--ast-global-color-5)","background-image":"","background-repeat":"repeat","background-position":"center center","background-size":"auto","background-attachment":"scroll","background-type":"","background-media":"","overlay-type":"","overlay-color":"","overlay-gradient":""},"tablet":{"background-color":"var(--ast-global-color-5)","background-image":"","background-repeat":"repeat","background-position":"center center","background-size":"auto","background-attachment":"scroll","background-type":"","background-media":"","overlay-type":"","overlay-color":"","overlay-gradient":""},"mobile":{"background-color":"var(--ast-global-color-5)","background-image":"","background-repeat":"repeat","background-position":"center center","background-size":"auto","background-attachment":"scroll","background-type":"","background-media":"","overlay-type":"","overlay-color":"","overlay-gradient":""}},"footnotes":""},"categories":[681,983,104,3967,7220,222,17749,17785],"tags":[106508,17879,17852,18077,37537],"class_list":["post-42321","post","type-post","status-publish","format-standard","hentry","category-antropologia","category-antropologia-cultural","category-historia","category-historia-de-la-iglesia","category-historia-de-las-religiones","category-historias-especializadas","category-navarra","category-religion","tag-damian-bryl","tag-fco-javier-sese-alegre","tag-illanes-maestre-jose-luis","tag-lorda-inarra-juan-luis","tag-ramiro-pellitero-iglesias"],"_links":{"self":[{"href":"https:\/\/www.deberes.net\/tesis\/wp-json\/wp\/v2\/posts\/42321","targetHints":{"allow":["GET"]}}],"collection":[{"href":"https:\/\/www.deberes.net\/tesis\/wp-json\/wp\/v2\/posts"}],"about":[{"href":"https:\/\/www.deberes.net\/tesis\/wp-json\/wp\/v2\/types\/post"}],"author":[{"embeddable":true,"href":"https:\/\/www.deberes.net\/tesis\/wp-json\/wp\/v2\/users\/1"}],"replies":[{"embeddable":true,"href":"https:\/\/www.deberes.net\/tesis\/wp-json\/wp\/v2\/comments?post=42321"}],"version-history":[{"count":0,"href":"https:\/\/www.deberes.net\/tesis\/wp-json\/wp\/v2\/posts\/42321\/revisions"}],"wp:attachment":[{"href":"https:\/\/www.deberes.net\/tesis\/wp-json\/wp\/v2\/media?parent=42321"}],"wp:term":[{"taxonomy":"category","embeddable":true,"href":"https:\/\/www.deberes.net\/tesis\/wp-json\/wp\/v2\/categories?post=42321"},{"taxonomy":"post_tag","embeddable":true,"href":"https:\/\/www.deberes.net\/tesis\/wp-json\/wp\/v2\/tags?post=42321"}],"curies":[{"name":"wp","href":"https:\/\/api.w.org\/{rel}","templated":true}]}}