{"id":42330,"date":"1999-01-01T00:00:00","date_gmt":"1999-01-01T00:00:00","guid":{"rendered":"https:\/\/www.deberes.net\/tesis\/sin-categoria\/the-juridical-determinations-of-material-and-formally-catholic-educational-institutions\/"},"modified":"1999-01-01T00:00:00","modified_gmt":"1999-01-01T00:00:00","slug":"the-juridical-determinations-of-material-and-formally-catholic-educational-institutions","status":"publish","type":"post","link":"https:\/\/www.deberes.net\/tesis\/ciencias-juridicas-y-derecho\/the-juridical-determinations-of-material-and-formally-catholic-educational-institutions\/","title":{"rendered":"The juridical determinations of material and formally catholic educational institutions."},"content":{"rendered":"<h2>Tesis doctoral de <strong> Andres Ligot Cantoria <\/strong><\/h2>\n<p>La tesis trata de hacer una consideraci\u00f3n de varias cuestiones de \u00e1mbito doctrina y can\u00f3nico sobre algunas iniciativas en el \u00e1mbito de instituciones educativas en la iglesia cat\u00f3lica. en una manera particular se trata de indicar las determinaciones jur\u00eddicas con fin de hacer una clasificaci\u00f3n y su correspondiente distinci\u00f3n de las instituciones cat\u00f3licas. el estudio se fundamenta en el c\u00f3digo de derecho can\u00f3nico del 1983 y en el magisterio de la iglesia particularmente en las ense\u00f1anzas del concilio vaticano ii y de los papas. Toma en cuenta tambi\u00e9n el antiguo c\u00f3digo de derecho can\u00f3nico de 1917. Tomando como base el canon 803 p\u00e1rrafos 1 y 3, la tesis intenta buscar la perspectiva formal a trav\u00e9s del cual una instituci\u00f3n educativa puede considerarse cat\u00f3lica en raz\u00f3n de la autoridad que la supervisa. As\u00ed, quedan definidas las instituciones educativas formalmente cat\u00f3licas, y en consecuencia delimitada la competencia de los obispos diocesanos, a tenor del canon 806 as\u00ed como la competencia de la congregaci\u00f3n de educaci\u00f3n cat\u00f3lica.<\/p>\n<p>&nbsp;<\/p>\n<h3>Datos acad\u00e9micos de la tesis doctoral \u00ab<strong>The juridical determinations of material and formally catholic educational institutions.<\/strong>\u00ab<\/h3>\n<ul>\n<li><strong>T\u00edtulo de la tesis:<\/strong>\u00a0 The juridical determinations of material and formally catholic educational institutions. <\/li>\n<li><strong>Autor:<\/strong>\u00a0 Andres Ligot Cantoria <\/li>\n<li><strong>Universidad:<\/strong>\u00a0 Navarra<\/li>\n<li><strong>Fecha de lectura de la tesis:<\/strong>\u00a0 01\/01\/1999<\/li>\n<\/ul>\n<p>&nbsp;<\/p>\n<h3>Direcci\u00f3n y tribunal<\/h3>\n<ul>\n<li><strong>Director de la tesis<\/strong>\n<ul>\n<li> Fuentes Alonso Jos\u00e9 Antonio<\/li>\n<\/ul>\n<\/li>\n<li><strong>Tribunal<\/strong>\n<ul>\n<li>Presidente del tribunal: Eduardo Molano <\/li>\n<li> Fuentes Alonso Jos\u00e9 Antonio (vocal)<\/li>\n<li>Javier Otaduy (vocal)<\/li>\n<li>Daniel Cenalmor (vocal)<\/li>\n<\/ul>\n<\/li>\n<\/ul>\n<p>&nbsp;<\/p>\n","protected":false},"excerpt":{"rendered":"<p>Tesis doctoral de Andres Ligot Cantoria La tesis trata de hacer una consideraci\u00f3n de varias cuestiones de \u00e1mbito doctrina y [&hellip;]<\/p>\n","protected":false},"author":1,"featured_media":0,"comment_status":"open","ping_status":"open","sticky":false,"template":"","format":"standard","meta":{"site-sidebar-layout":"default","site-content-layout":"","ast-site-content-layout":"","site-content-style":"default","site-sidebar-style":"default","ast-global-header-display":"","ast-banner-title-visibility":"","ast-main-header-display":"","ast-hfb-above-header-display":"","ast-hfb-below-header-display":"","ast-hfb-mobile-header-display":"","site-post-title":"","ast-breadcrumbs-content":"","ast-featured-img":"","footer-sml-layout":"","theme-transparent-header-meta":"","adv-header-id-meta":"","stick-header-meta":"","header-above-stick-meta":"","header-main-stick-meta":"","header-below-stick-meta":"","astra-migrate-meta-layouts":"default","ast-page-background-enabled":"default","ast-page-background-meta":{"desktop":{"background-color":"var(--ast-global-color-4)","background-image":"","background-repeat":"repeat","background-position":"center center","background-size":"auto","background-attachment":"scroll","background-type":"","background-media":"","overlay-type":"","overlay-color":"","overlay-gradient":""},"tablet":{"background-color":"","background-image":"","background-repeat":"repeat","background-position":"center center","background-size":"auto","background-attachment":"scroll","background-type":"","background-media":"","overlay-type":"","overlay-color":"","overlay-gradient":""},"mobile":{"background-color":"","background-image":"","background-repeat":"repeat","background-position":"center center","background-size":"auto","background-attachment":"scroll","background-type":"","background-media":"","overlay-type":"","overlay-color":"","overlay-gradient":""}},"ast-content-background-meta":{"desktop":{"background-color":"var(--ast-global-color-5)","background-image":"","background-repeat":"repeat","background-position":"center center","background-size":"auto","background-attachment":"scroll","background-type":"","background-media":"","overlay-type":"","overlay-color":"","overlay-gradient":""},"tablet":{"background-color":"var(--ast-global-color-5)","background-image":"","background-repeat":"repeat","background-position":"center center","background-size":"auto","background-attachment":"scroll","background-type":"","background-media":"","overlay-type":"","overlay-color":"","overlay-gradient":""},"mobile":{"background-color":"var(--ast-global-color-5)","background-image":"","background-repeat":"repeat","background-position":"center center","background-size":"auto","background-attachment":"scroll","background-type":"","background-media":"","overlay-type":"","overlay-color":"","overlay-gradient":""}},"footnotes":""},"categories":[612,11921,17749,7611,1184,1141],"tags":[106517,32302,18211,18210,36527],"class_list":["post-42330","post","type-post","status-publish","format-standard","hentry","category-ciencias-juridicas-y-derecho","category-derecho-canonico","category-navarra","category-organizacion-y-direccion-de-las-instituciones-educativas","category-organizacion-y-planificacion-de-la-educacion","category-pedagogia","tag-andres-ligot-cantoria","tag-daniel-cenalmor","tag-eduardo-molano","tag-fuentes-alonso-jose-antonio","tag-javier-otaduy"],"_links":{"self":[{"href":"https:\/\/www.deberes.net\/tesis\/wp-json\/wp\/v2\/posts\/42330","targetHints":{"allow":["GET"]}}],"collection":[{"href":"https:\/\/www.deberes.net\/tesis\/wp-json\/wp\/v2\/posts"}],"about":[{"href":"https:\/\/www.deberes.net\/tesis\/wp-json\/wp\/v2\/types\/post"}],"author":[{"embeddable":true,"href":"https:\/\/www.deberes.net\/tesis\/wp-json\/wp\/v2\/users\/1"}],"replies":[{"embeddable":true,"href":"https:\/\/www.deberes.net\/tesis\/wp-json\/wp\/v2\/comments?post=42330"}],"version-history":[{"count":0,"href":"https:\/\/www.deberes.net\/tesis\/wp-json\/wp\/v2\/posts\/42330\/revisions"}],"wp:attachment":[{"href":"https:\/\/www.deberes.net\/tesis\/wp-json\/wp\/v2\/media?parent=42330"}],"wp:term":[{"taxonomy":"category","embeddable":true,"href":"https:\/\/www.deberes.net\/tesis\/wp-json\/wp\/v2\/categories?post=42330"},{"taxonomy":"post_tag","embeddable":true,"href":"https:\/\/www.deberes.net\/tesis\/wp-json\/wp\/v2\/tags?post=42330"}],"curies":[{"name":"wp","href":"https:\/\/api.w.org\/{rel}","templated":true}]}}