{"id":42332,"date":"1999-01-01T00:00:00","date_gmt":"1999-01-01T00:00:00","guid":{"rendered":"https:\/\/www.deberes.net\/tesis\/sin-categoria\/aplicaciones-de-la-analogia-en-la-metafisica\/"},"modified":"1999-01-01T00:00:00","modified_gmt":"1999-01-01T00:00:00","slug":"aplicaciones-de-la-analogia-en-la-metafisica","status":"publish","type":"post","link":"https:\/\/www.deberes.net\/tesis\/filosofia\/aplicaciones-de-la-analogia-en-la-metafisica\/","title":{"rendered":"Aplicaciones de la analogia en la metafisica."},"content":{"rendered":"<h2>Tesis doctoral de <strong> Leszek Brusniak <\/strong><\/h2>\n<p>Esta tesis doctoral trata sobre las aplicaciones de analog\u00eda en la metaf\u00edsica, seg\u00fan la interpretaci\u00f3n que de la doctrina tomista de la analog\u00eda hace jes\u00fas garc\u00eda l\u00f3pez. La primera parte est\u00e1 dedicada al estudio de la teor\u00eda de analog\u00eda, donde lo novedoso es la nueva divisi\u00f3n de la analog\u00eda. Este autor se pone a la vieja interpretaci\u00f3n de cayetano y dice que hay dos tipos fundamentales de analog\u00eda, a saber, la de atribuci\u00f3n y la de proporcionalidad que a su vez tienen sus propias subdivisiones. la analog\u00eda de atribuci\u00f3n se divide en intr\u00ednseca, que puede ser propia o metaf\u00f3rica, y en extr\u00ednseca. La analog\u00eda de proporcionalidad se divide en propia y metaf\u00f3rica.  la segunda parte trata sobre las aplicaciones de la analog\u00eda de las siguientes nociones metaf\u00edsicas: la analog\u00eda del ente, la analog\u00eda del ser, la analog\u00eda de la esencia, la analog\u00eda de la noci\u00f3n de realidad, de uno y de muchos; luego, la analog\u00eda de la verdad, la analog\u00eda de la falsedad, la analog\u00eda del bien, la analog\u00eda del mal, la analog\u00eda del acto, la analog\u00eda de la potencia, la analog\u00eda de las causas: de la causa eficiente, de la causa final, de la causa formal y de la causa material; por \u00faltimo, la analog\u00eda del conocimiento de dios.<\/p>\n<p>&nbsp;<\/p>\n<h3>Datos acad\u00e9micos de la tesis doctoral \u00ab<strong>Aplicaciones de la analogia en la metafisica.<\/strong>\u00ab<\/h3>\n<ul>\n<li><strong>T\u00edtulo de la tesis:<\/strong>\u00a0 Aplicaciones de la analogia en la metafisica. <\/li>\n<li><strong>Autor:<\/strong>\u00a0 Leszek Brusniak <\/li>\n<li><strong>Universidad:<\/strong>\u00a0 Navarra<\/li>\n<li><strong>Fecha de lectura de la tesis:<\/strong>\u00a0 01\/01\/1999<\/li>\n<\/ul>\n<p>&nbsp;<\/p>\n<h3>Direcci\u00f3n y tribunal<\/h3>\n<ul>\n<li><strong>Director de la tesis<\/strong>\n<ul>\n<li>Jos\u00e9 Luis Fernandez Rodriguez<\/li>\n<\/ul>\n<\/li>\n<li><strong>Tribunal<\/strong>\n<ul>\n<li>Presidente del tribunal: Jos\u00e9 Luis Fernandez Rodriguez <\/li>\n<li>Jos\u00e9 Angel Garc\u00eda Cuadrado (vocal)<\/li>\n<li>Modesto Santos Camacho (vocal)<\/li>\n<li>Enrique Roberto Moros Claramunt (vocal)<\/li>\n<\/ul>\n<\/li>\n<\/ul>\n<p>&nbsp;<\/p>\n","protected":false},"excerpt":{"rendered":"<p>Tesis doctoral de Leszek Brusniak Esta tesis doctoral trata sobre las aplicaciones de analog\u00eda en la metaf\u00edsica, seg\u00fan la interpretaci\u00f3n [&hellip;]<\/p>\n","protected":false},"author":1,"featured_media":0,"comment_status":"open","ping_status":"open","sticky":false,"template":"","format":"standard","meta":{"site-sidebar-layout":"default","site-content-layout":"","ast-site-content-layout":"","site-content-style":"default","site-sidebar-style":"default","ast-global-header-display":"","ast-banner-title-visibility":"","ast-main-header-display":"","ast-hfb-above-header-display":"","ast-hfb-below-header-display":"","ast-hfb-mobile-header-display":"","site-post-title":"","ast-breadcrumbs-content":"","ast-featured-img":"","footer-sml-layout":"","theme-transparent-header-meta":"","adv-header-id-meta":"","stick-header-meta":"","header-above-stick-meta":"","header-main-stick-meta":"","header-below-stick-meta":"","astra-migrate-meta-layouts":"default","ast-page-background-enabled":"default","ast-page-background-meta":{"desktop":{"background-color":"var(--ast-global-color-4)","background-image":"","background-repeat":"repeat","background-position":"center center","background-size":"auto","background-attachment":"scroll","background-type":"","background-media":"","overlay-type":"","overlay-color":"","overlay-gradient":""},"tablet":{"background-color":"","background-image":"","background-repeat":"repeat","background-position":"center center","background-size":"auto","background-attachment":"scroll","background-type":"","background-media":"","overlay-type":"","overlay-color":"","overlay-gradient":""},"mobile":{"background-color":"","background-image":"","background-repeat":"repeat","background-position":"center center","background-size":"auto","background-attachment":"scroll","background-type":"","background-media":"","overlay-type":"","overlay-color":"","overlay-gradient":""}},"ast-content-background-meta":{"desktop":{"background-color":"var(--ast-global-color-5)","background-image":"","background-repeat":"repeat","background-position":"center center","background-size":"auto","background-attachment":"scroll","background-type":"","background-media":"","overlay-type":"","overlay-color":"","overlay-gradient":""},"tablet":{"background-color":"var(--ast-global-color-5)","background-image":"","background-repeat":"repeat","background-position":"center center","background-size":"auto","background-attachment":"scroll","background-type":"","background-media":"","overlay-type":"","overlay-color":"","overlay-gradient":""},"mobile":{"background-color":"var(--ast-global-color-5)","background-image":"","background-repeat":"repeat","background-position":"center center","background-size":"auto","background-attachment":"scroll","background-type":"","background-media":"","overlay-type":"","overlay-color":"","overlay-gradient":""}},"footnotes":""},"categories":[165,5342,6428,17749],"tags":[36650,32991,18048,106519,17851],"class_list":["post-42332","post","type-post","status-publish","format-standard","hentry","category-filosofia","category-filosofia-general","category-metafisica-y-ontologia","category-navarra","tag-enrique-roberto-moros-claramunt","tag-jose-angel-garcia-cuadrado","tag-jose-luis-fernandez-rodriguez","tag-leszek-brusniak","tag-modesto-santos-camacho"],"_links":{"self":[{"href":"https:\/\/www.deberes.net\/tesis\/wp-json\/wp\/v2\/posts\/42332","targetHints":{"allow":["GET"]}}],"collection":[{"href":"https:\/\/www.deberes.net\/tesis\/wp-json\/wp\/v2\/posts"}],"about":[{"href":"https:\/\/www.deberes.net\/tesis\/wp-json\/wp\/v2\/types\/post"}],"author":[{"embeddable":true,"href":"https:\/\/www.deberes.net\/tesis\/wp-json\/wp\/v2\/users\/1"}],"replies":[{"embeddable":true,"href":"https:\/\/www.deberes.net\/tesis\/wp-json\/wp\/v2\/comments?post=42332"}],"version-history":[{"count":0,"href":"https:\/\/www.deberes.net\/tesis\/wp-json\/wp\/v2\/posts\/42332\/revisions"}],"wp:attachment":[{"href":"https:\/\/www.deberes.net\/tesis\/wp-json\/wp\/v2\/media?parent=42332"}],"wp:term":[{"taxonomy":"category","embeddable":true,"href":"https:\/\/www.deberes.net\/tesis\/wp-json\/wp\/v2\/categories?post=42332"},{"taxonomy":"post_tag","embeddable":true,"href":"https:\/\/www.deberes.net\/tesis\/wp-json\/wp\/v2\/tags?post=42332"}],"curies":[{"name":"wp","href":"https:\/\/api.w.org\/{rel}","templated":true}]}}