{"id":42337,"date":"1999-01-01T00:00:00","date_gmt":"1999-01-01T00:00:00","guid":{"rendered":"https:\/\/www.deberes.net\/tesis\/sin-categoria\/la-etica-de-jaime-balmes\/"},"modified":"1999-01-01T00:00:00","modified_gmt":"1999-01-01T00:00:00","slug":"la-etica-de-jaime-balmes","status":"publish","type":"post","link":"https:\/\/www.deberes.net\/tesis\/historia\/la-etica-de-jaime-balmes\/","title":{"rendered":"La etica de jaime balmes."},"content":{"rendered":"<h2>Tesis doctoral de <strong> Carlos Torres Lopez <\/strong><\/h2>\n<p>En esta tesis me he propuesto clarificar y sistematizar la filosof\u00eda moral de jaime balmes, para lo cual, investigo todo y s\u00f3lo lo que jaime balmes ense\u00f1a sobre la \u00e9tica. Para la \u00e9tica general me he valido de los conceptos cl\u00e1sicos de bien, norma y virtud, que son las nociones fundamentales en las que se apoya la teor\u00eda de la acci\u00f3n humana en arist\u00f3teles y en santo tom\u00e1s de aquino. Para la \u00e9tica especial he seguido el rumbo de las tendencias naturales a ser, a vivir y a conocer, que en santo tom\u00e1s de aquino est\u00e1n a la base de la \u00e9tica individual, de la \u00e9tica social y de la \u00e9tica religiosa. Pude haber seguido otro esquema, pero este me parece sencillo, completo y claro. He reorganizado su pensamiento, per sin modificar su contenido.  como fuentes para la investigaci\u00f3n utilizo las \u00abobras completas\u00bb de jaime balmes, en especial sus escritos filos\u00f3ficos, adem\u00e1s de art\u00edculos y libros que se han escrito sobre \u00e9l.  utilizo el m\u00e9todo anal\u00edtico comparativo. analizo el pensamiento moral de jaime balmes para entenderlo, y lo comparo tanto con autores cl\u00e1sicos como contempor\u00e1neos.  descubro que jaime balmes est\u00e1 en la l\u00ednea de los cl\u00e1sicos, que proponen una \u00e9tica de la interioridad, del an\u00e1lisis de la acci\u00f3n humana misma en su dinamismo propio, natural y completo. mientras que aparece discordante frente a autores recientes que proponen una \u00e9tica externa a la acci\u00f3n o incompleta en cuanto a la consideraci\u00f3n de la acci\u00f3n humana en s\u00ed misma.<\/p>\n<p>&nbsp;<\/p>\n<h3>Datos acad\u00e9micos de la tesis doctoral \u00ab<strong>La etica de jaime balmes.<\/strong>\u00ab<\/h3>\n<ul>\n<li><strong>T\u00edtulo de la tesis:<\/strong>\u00a0 La etica de jaime balmes. <\/li>\n<li><strong>Autor:<\/strong>\u00a0 Carlos Torres Lopez <\/li>\n<li><strong>Universidad:<\/strong>\u00a0 Navarra<\/li>\n<li><strong>Fecha de lectura de la tesis:<\/strong>\u00a0 01\/01\/1999<\/li>\n<\/ul>\n<p>&nbsp;<\/p>\n<h3>Direcci\u00f3n y tribunal<\/h3>\n<ul>\n<li><strong>Director de la tesis<\/strong>\n<ul>\n<li>Modesto Santos Camacho<\/li>\n<\/ul>\n<\/li>\n<li><strong>Tribunal<\/strong>\n<ul>\n<li>Presidente del tribunal: Eudaldo Forment Giralt <\/li>\n<li>Jos\u00e9 Angel Garc\u00eda Cuadrado (vocal)<\/li>\n<li>Modesto Santos Camacho (vocal)<\/li>\n<li>Ignacio Murillo Jose (vocal)<\/li>\n<\/ul>\n<\/li>\n<\/ul>\n<p>&nbsp;<\/p>\n","protected":false},"excerpt":{"rendered":"<p>Tesis doctoral de Carlos Torres Lopez En esta tesis me he propuesto clarificar y sistematizar la filosof\u00eda moral de jaime [&hellip;]<\/p>\n","protected":false},"author":1,"featured_media":0,"comment_status":"open","ping_status":"open","sticky":false,"template":"","format":"standard","meta":{"site-sidebar-layout":"default","site-content-layout":"","ast-site-content-layout":"","site-content-style":"default","site-sidebar-style":"default","ast-global-header-display":"","ast-banner-title-visibility":"","ast-main-header-display":"","ast-hfb-above-header-display":"","ast-hfb-below-header-display":"","ast-hfb-mobile-header-display":"","site-post-title":"","ast-breadcrumbs-content":"","ast-featured-img":"","footer-sml-layout":"","theme-transparent-header-meta":"","adv-header-id-meta":"","stick-header-meta":"","header-above-stick-meta":"","header-main-stick-meta":"","header-below-stick-meta":"","astra-migrate-meta-layouts":"default","ast-page-background-enabled":"default","ast-page-background-meta":{"desktop":{"background-color":"var(--ast-global-color-4)","background-image":"","background-repeat":"repeat","background-position":"center center","background-size":"auto","background-attachment":"scroll","background-type":"","background-media":"","overlay-type":"","overlay-color":"","overlay-gradient":""},"tablet":{"background-color":"","background-image":"","background-repeat":"repeat","background-position":"center center","background-size":"auto","background-attachment":"scroll","background-type":"","background-media":"","overlay-type":"","overlay-color":"","overlay-gradient":""},"mobile":{"background-color":"","background-image":"","background-repeat":"repeat","background-position":"center center","background-size":"auto","background-attachment":"scroll","background-type":"","background-media":"","overlay-type":"","overlay-color":"","overlay-gradient":""}},"ast-content-background-meta":{"desktop":{"background-color":"var(--ast-global-color-5)","background-image":"","background-repeat":"repeat","background-position":"center center","background-size":"auto","background-attachment":"scroll","background-type":"","background-media":"","overlay-type":"","overlay-color":"","overlay-gradient":""},"tablet":{"background-color":"var(--ast-global-color-5)","background-image":"","background-repeat":"repeat","background-position":"center center","background-size":"auto","background-attachment":"scroll","background-type":"","background-media":"","overlay-type":"","overlay-color":"","overlay-gradient":""},"mobile":{"background-color":"var(--ast-global-color-5)","background-image":"","background-repeat":"repeat","background-position":"center center","background-size":"auto","background-attachment":"scroll","background-type":"","background-media":"","overlay-type":"","overlay-color":"","overlay-gradient":""}},"footnotes":""},"categories":[8646,8647,8649,104,14699,222,17749],"tags":[106527,1188,63740,32991,17851],"class_list":["post-42337","post","type-post","status-publish","format-standard","hentry","category-etica","category-etica-de-individuos","category-etica-filosofica","category-historia","category-historia-de-la-filosofia","category-historias-especializadas","category-navarra","tag-carlos-torres-lopez","tag-eudaldo-forment-giralt","tag-ignacio-murillo-jose","tag-jose-angel-garcia-cuadrado","tag-modesto-santos-camacho"],"_links":{"self":[{"href":"https:\/\/www.deberes.net\/tesis\/wp-json\/wp\/v2\/posts\/42337","targetHints":{"allow":["GET"]}}],"collection":[{"href":"https:\/\/www.deberes.net\/tesis\/wp-json\/wp\/v2\/posts"}],"about":[{"href":"https:\/\/www.deberes.net\/tesis\/wp-json\/wp\/v2\/types\/post"}],"author":[{"embeddable":true,"href":"https:\/\/www.deberes.net\/tesis\/wp-json\/wp\/v2\/users\/1"}],"replies":[{"embeddable":true,"href":"https:\/\/www.deberes.net\/tesis\/wp-json\/wp\/v2\/comments?post=42337"}],"version-history":[{"count":0,"href":"https:\/\/www.deberes.net\/tesis\/wp-json\/wp\/v2\/posts\/42337\/revisions"}],"wp:attachment":[{"href":"https:\/\/www.deberes.net\/tesis\/wp-json\/wp\/v2\/media?parent=42337"}],"wp:term":[{"taxonomy":"category","embeddable":true,"href":"https:\/\/www.deberes.net\/tesis\/wp-json\/wp\/v2\/categories?post=42337"},{"taxonomy":"post_tag","embeddable":true,"href":"https:\/\/www.deberes.net\/tesis\/wp-json\/wp\/v2\/tags?post=42337"}],"curies":[{"name":"wp","href":"https:\/\/api.w.org\/{rel}","templated":true}]}}