{"id":42363,"date":"1999-01-01T00:00:00","date_gmt":"1999-01-01T00:00:00","guid":{"rendered":"https:\/\/www.deberes.net\/tesis\/sin-categoria\/la-aproximacion-psicolinguistica-al-estudio-de-la-personalidad-una-propuesta-taxonomica\/"},"modified":"1999-01-01T00:00:00","modified_gmt":"1999-01-01T00:00:00","slug":"la-aproximacion-psicolinguistica-al-estudio-de-la-personalidad-una-propuesta-taxonomica","status":"publish","type":"post","link":"https:\/\/www.deberes.net\/tesis\/linguistica\/la-aproximacion-psicolinguistica-al-estudio-de-la-personalidad-una-propuesta-taxonomica\/","title":{"rendered":"La aproximacion psicolinguistica al estudio de la personalidad: una propuesta taxonomica."},"content":{"rendered":"<h2>Tesis doctoral de <strong> Ana Iraegui Torralbo <\/strong><\/h2>\n<p>Se analiza el cuerpo l\u00e9xico descriptivo de la personalidad en espa\u00f1ol. Extray\u00e9ndose, del diccionario de la real academia espa\u00f1ola, los t\u00e9rminos considerados como \u00abpotencialmente relevantes\u00bb mediante acuerdo interjueces en tres categor\u00edas lingu\u00edsticas: adjetivos, sustantivos y formas verbales. Los adjetivos son categorizados posteriormente en distintas \u00e1reas o \u00e1mbitos de la personalidad: disposiciones, estados, aspectos sociales, etc. Posteriormente 640 t\u00e9rminos considerados consensuadamente como \u00abdisposiciones de personalidad\u00bb se factorializan, compar\u00e1ndose los resultados obtenidos con la hip\u00f3tesis universalista de los \u00abcinco grandes factores\u00bb de personalidad.<\/p>\n<p>&nbsp;<\/p>\n<h3>Datos acad\u00e9micos de la tesis doctoral \u00ab<strong>La aproximacion psicolinguistica al estudio de la personalidad: una propuesta taxonomica.<\/strong>\u00ab<\/h3>\n<ul>\n<li><strong>T\u00edtulo de la tesis:<\/strong>\u00a0 La aproximacion psicolinguistica al estudio de la personalidad: una propuesta taxonomica. <\/li>\n<li><strong>Autor:<\/strong>\u00a0 Ana Iraegui Torralbo <\/li>\n<li><strong>Universidad:<\/strong>\u00a0 Pontificia de salamanca<\/li>\n<li><strong>Fecha de lectura de la tesis:<\/strong>\u00a0 01\/01\/1999<\/li>\n<\/ul>\n<p>&nbsp;<\/p>\n<h3>Direcci\u00f3n y tribunal<\/h3>\n<ul>\n<li><strong>Director de la tesis<\/strong>\n<ul>\n<li>Mar\u00eda Paz Quevedo Aguado<\/li>\n<\/ul>\n<\/li>\n<li><strong>Tribunal<\/strong>\n<ul>\n<li>Presidente del tribunal: amparo Belloch fuster <\/li>\n<li>ramon Fernandez pulido (vocal)<\/li>\n<li>david Lopez palenzuela (vocal)<\/li>\n<li>gerardo Pastor ramos (vocal)<\/li>\n<\/ul>\n<\/li>\n<\/ul>\n<p>&nbsp;<\/p>\n","protected":false},"excerpt":{"rendered":"<p>Tesis doctoral de Ana Iraegui Torralbo Se analiza el cuerpo l\u00e9xico descriptivo de la personalidad en espa\u00f1ol. Extray\u00e9ndose, del diccionario [&hellip;]<\/p>\n","protected":false},"author":1,"featured_media":0,"comment_status":"open","ping_status":"open","sticky":false,"template":"","format":"standard","meta":{"site-sidebar-layout":"default","site-content-layout":"","ast-site-content-layout":"","site-content-style":"default","site-sidebar-style":"default","ast-global-header-display":"","ast-banner-title-visibility":"","ast-main-header-display":"","ast-hfb-above-header-display":"","ast-hfb-below-header-display":"","ast-hfb-mobile-header-display":"","site-post-title":"","ast-breadcrumbs-content":"","ast-featured-img":"","footer-sml-layout":"","theme-transparent-header-meta":"","adv-header-id-meta":"","stick-header-meta":"","header-above-stick-meta":"","header-main-stick-meta":"","header-below-stick-meta":"","astra-migrate-meta-layouts":"default","ast-page-background-enabled":"default","ast-page-background-meta":{"desktop":{"background-color":"var(--ast-global-color-4)","background-image":"","background-repeat":"repeat","background-position":"center center","background-size":"auto","background-attachment":"scroll","background-type":"","background-media":"","overlay-type":"","overlay-color":"","overlay-gradient":""},"tablet":{"background-color":"","background-image":"","background-repeat":"repeat","background-position":"center center","background-size":"auto","background-attachment":"scroll","background-type":"","background-media":"","overlay-type":"","overlay-color":"","overlay-gradient":""},"mobile":{"background-color":"","background-image":"","background-repeat":"repeat","background-position":"center center","background-size":"auto","background-attachment":"scroll","background-type":"","background-media":"","overlay-type":"","overlay-color":"","overlay-gradient":""}},"ast-content-background-meta":{"desktop":{"background-color":"var(--ast-global-color-5)","background-image":"","background-repeat":"repeat","background-position":"center center","background-size":"auto","background-attachment":"scroll","background-type":"","background-media":"","overlay-type":"","overlay-color":"","overlay-gradient":""},"tablet":{"background-color":"var(--ast-global-color-5)","background-image":"","background-repeat":"repeat","background-position":"center center","background-size":"auto","background-attachment":"scroll","background-type":"","background-media":"","overlay-type":"","overlay-color":"","overlay-gradient":""},"mobile":{"background-color":"var(--ast-global-color-5)","background-image":"","background-repeat":"repeat","background-position":"center center","background-size":"auto","background-attachment":"scroll","background-type":"","background-media":"","overlay-type":"","overlay-color":"","overlay-gradient":""}},"footnotes":""},"categories":[1175,59,62,6893,6894,948,4953,324,4129],"tags":[13480,71878,18388,81620,46114,106567],"class_list":["post-42363","post","type-post","status-publish","format-standard","hentry","category-evaluacion-y-diagnostico-en-psicologia","category-linguistica","category-linguistica-sincronica","category-medida-de-la-personalidad","category-personalidad","category-pontificia-de-salamanca","category-psicolinguistica","category-psicologia","category-psicometria","tag-amparo-belloch-fuster","tag-ana-iraegui-torralbo","tag-david-lopez-palenzuela","tag-gerardo-pastor-ramos","tag-maria-paz-quevedo-aguado","tag-ramon-fernandez-pulido"],"_links":{"self":[{"href":"https:\/\/www.deberes.net\/tesis\/wp-json\/wp\/v2\/posts\/42363","targetHints":{"allow":["GET"]}}],"collection":[{"href":"https:\/\/www.deberes.net\/tesis\/wp-json\/wp\/v2\/posts"}],"about":[{"href":"https:\/\/www.deberes.net\/tesis\/wp-json\/wp\/v2\/types\/post"}],"author":[{"embeddable":true,"href":"https:\/\/www.deberes.net\/tesis\/wp-json\/wp\/v2\/users\/1"}],"replies":[{"embeddable":true,"href":"https:\/\/www.deberes.net\/tesis\/wp-json\/wp\/v2\/comments?post=42363"}],"version-history":[{"count":0,"href":"https:\/\/www.deberes.net\/tesis\/wp-json\/wp\/v2\/posts\/42363\/revisions"}],"wp:attachment":[{"href":"https:\/\/www.deberes.net\/tesis\/wp-json\/wp\/v2\/media?parent=42363"}],"wp:term":[{"taxonomy":"category","embeddable":true,"href":"https:\/\/www.deberes.net\/tesis\/wp-json\/wp\/v2\/categories?post=42363"},{"taxonomy":"post_tag","embeddable":true,"href":"https:\/\/www.deberes.net\/tesis\/wp-json\/wp\/v2\/tags?post=42363"}],"curies":[{"name":"wp","href":"https:\/\/api.w.org\/{rel}","templated":true}]}}