{"id":42365,"date":"1999-01-01T00:00:00","date_gmt":"1999-01-01T00:00:00","guid":{"rendered":"https:\/\/www.deberes.net\/tesis\/sin-categoria\/los-modelos-terapeuticos-de-carl-j-jung-y-carl-rogers-una-comparacion-en-la-perspectiva-de-la-integracion\/"},"modified":"1999-01-01T00:00:00","modified_gmt":"1999-01-01T00:00:00","slug":"los-modelos-terapeuticos-de-carl-j-jung-y-carl-rogers-una-comparacion-en-la-perspectiva-de-la-integracion","status":"publish","type":"post","link":"https:\/\/www.deberes.net\/tesis\/psicologia\/los-modelos-terapeuticos-de-carl-j-jung-y-carl-rogers-una-comparacion-en-la-perspectiva-de-la-integracion\/","title":{"rendered":"Los modelos terapeuticos de carl j. jung y carl rogers. una comparacion en la perspectiva de la integracion."},"content":{"rendered":"<h2>Tesis doctoral de <strong>  Recuero Del Solar Marco Antonio <\/strong><\/h2>\n<p>El objetivo general de esta tesis es comparar los modelos terap\u00e9uticos de c. J. Jung y de carl rogers para examinar sus posibilidades de mutuo enriquecimiento y de com\u00fan aporte a la disciplina. Se inserta de esta manera dentro del actual y pujante movimiento ecl\u00e9ctico e integrador en psicoterapia.  al final, se detallan siete conclusiones referidas a las biograf\u00edas y modelos de personalidad de los autores, siete referidas a su psicoterapia y dos generales. En la primera de ellas se especifica que los puntos de semejanza entre los dos enfoques son muchos m\u00e1s que los de diferencia, y por lo tanto las posibilidades de mutuo enriquecimiento, aunque la perspectiva jungiana resulta ser en casi todos los aspectos mucho m\u00e1s amplia, compleja, profunda y original que la rogeriana. en la segunda de ellas, se hace notar que la cercan\u00eda entre los dos sistemas terap\u00e9uticos se hace much\u00edsimo mayor a la hora de la pr\u00e1ctica por lo que se espera que la convergencia entre las dos perspectivas vaya en aumento hacia el futuro.<\/p>\n<p>&nbsp;<\/p>\n<h3>Datos acad\u00e9micos de la tesis doctoral \u00ab<strong>Los modelos terapeuticos de carl j. jung y carl rogers. una comparacion en la perspectiva de la integracion.<\/strong>\u00ab<\/h3>\n<ul>\n<li><strong>T\u00edtulo de la tesis:<\/strong>\u00a0 Los modelos terapeuticos de carl j. jung y carl rogers. una comparacion en la perspectiva de la integracion. <\/li>\n<li><strong>Autor:<\/strong>\u00a0  Recuero Del Solar Marco Antonio <\/li>\n<li><strong>Universidad:<\/strong>\u00a0 Pontificia de salamanca<\/li>\n<li><strong>Fecha de lectura de la tesis:<\/strong>\u00a0 01\/01\/1999<\/li>\n<\/ul>\n<p>&nbsp;<\/p>\n<h3>Direcci\u00f3n y tribunal<\/h3>\n<ul>\n<li><strong>Director de la tesis<\/strong>\n<ul>\n<li>Antonio Vazquez Fernandez<\/li>\n<\/ul>\n<\/li>\n<li><strong>Tribunal<\/strong>\n<ul>\n<li>Presidente del tribunal: Francisco Alonso fernandez <\/li>\n<li>lu\u00eds enrique Montiel llorente (vocal)<\/li>\n<li>Jos\u00e9 Mar\u00eda Gondra rezola (vocal)<\/li>\n<li>teresa Sanchez sanchez (vocal)<\/li>\n<\/ul>\n<\/li>\n<\/ul>\n<p>&nbsp;<\/p>\n","protected":false},"excerpt":{"rendered":"<p>Tesis doctoral de Recuero Del Solar Marco Antonio El objetivo general de esta tesis es comparar los modelos terap\u00e9uticos de [&hellip;]<\/p>\n","protected":false},"author":1,"featured_media":0,"comment_status":"open","ping_status":"open","sticky":false,"template":"","format":"standard","meta":{"site-sidebar-layout":"default","site-content-layout":"","ast-site-content-layout":"","site-content-style":"default","site-sidebar-style":"default","ast-global-header-display":"","ast-banner-title-visibility":"","ast-main-header-display":"","ast-hfb-above-header-display":"","ast-hfb-below-header-display":"","ast-hfb-mobile-header-display":"","site-post-title":"","ast-breadcrumbs-content":"","ast-featured-img":"","footer-sml-layout":"","theme-transparent-header-meta":"","adv-header-id-meta":"","stick-header-meta":"","header-above-stick-meta":"","header-main-stick-meta":"","header-below-stick-meta":"","astra-migrate-meta-layouts":"default","ast-page-background-enabled":"default","ast-page-background-meta":{"desktop":{"background-color":"var(--ast-global-color-4)","background-image":"","background-repeat":"repeat","background-position":"center center","background-size":"auto","background-attachment":"scroll","background-type":"","background-media":"","overlay-type":"","overlay-color":"","overlay-gradient":""},"tablet":{"background-color":"","background-image":"","background-repeat":"repeat","background-position":"center center","background-size":"auto","background-attachment":"scroll","background-type":"","background-media":"","overlay-type":"","overlay-color":"","overlay-gradient":""},"mobile":{"background-color":"","background-image":"","background-repeat":"repeat","background-position":"center center","background-size":"auto","background-attachment":"scroll","background-type":"","background-media":"","overlay-type":"","overlay-color":"","overlay-gradient":""}},"ast-content-background-meta":{"desktop":{"background-color":"var(--ast-global-color-5)","background-image":"","background-repeat":"repeat","background-position":"center center","background-size":"auto","background-attachment":"scroll","background-type":"","background-media":"","overlay-type":"","overlay-color":"","overlay-gradient":""},"tablet":{"background-color":"var(--ast-global-color-5)","background-image":"","background-repeat":"repeat","background-position":"center center","background-size":"auto","background-attachment":"scroll","background-type":"","background-media":"","overlay-type":"","overlay-color":"","overlay-gradient":""},"mobile":{"background-color":"var(--ast-global-color-5)","background-image":"","background-repeat":"repeat","background-position":"center center","background-size":"auto","background-attachment":"scroll","background-type":"","background-media":"","overlay-type":"","overlay-color":"","overlay-gradient":""}},"footnotes":""},"categories":[4264,6894,948,324,440,9116,29410,8928],"tags":[10220,294,13292,7389,106570,93313],"class_list":["post-42365","post","type-post","status-publish","format-standard","hentry","category-asesoramiento-y-orientacion-psicologicas","category-personalidad","category-pontificia-de-salamanca","category-psicologia","category-psicologia-general","category-psicoterapia","category-teoria-de-la-personalidad","category-teoria-de-sistemas-en-psicologia","tag-antonio-vazquez-fernandez","tag-francisco-alonso-fernandez","tag-jose-maria-gondra-rezola","tag-luis-enrique-montiel-llorente","tag-recuero-del-solar-marco-antonio","tag-teresa-sanchez-sanchez"],"_links":{"self":[{"href":"https:\/\/www.deberes.net\/tesis\/wp-json\/wp\/v2\/posts\/42365","targetHints":{"allow":["GET"]}}],"collection":[{"href":"https:\/\/www.deberes.net\/tesis\/wp-json\/wp\/v2\/posts"}],"about":[{"href":"https:\/\/www.deberes.net\/tesis\/wp-json\/wp\/v2\/types\/post"}],"author":[{"embeddable":true,"href":"https:\/\/www.deberes.net\/tesis\/wp-json\/wp\/v2\/users\/1"}],"replies":[{"embeddable":true,"href":"https:\/\/www.deberes.net\/tesis\/wp-json\/wp\/v2\/comments?post=42365"}],"version-history":[{"count":0,"href":"https:\/\/www.deberes.net\/tesis\/wp-json\/wp\/v2\/posts\/42365\/revisions"}],"wp:attachment":[{"href":"https:\/\/www.deberes.net\/tesis\/wp-json\/wp\/v2\/media?parent=42365"}],"wp:term":[{"taxonomy":"category","embeddable":true,"href":"https:\/\/www.deberes.net\/tesis\/wp-json\/wp\/v2\/categories?post=42365"},{"taxonomy":"post_tag","embeddable":true,"href":"https:\/\/www.deberes.net\/tesis\/wp-json\/wp\/v2\/tags?post=42365"}],"curies":[{"name":"wp","href":"https:\/\/api.w.org\/{rel}","templated":true}]}}