{"id":42378,"date":"1999-01-01T00:00:00","date_gmt":"1999-01-01T00:00:00","guid":{"rendered":"https:\/\/www.deberes.net\/tesis\/sin-categoria\/la-integracion-y-exclusion-de-minorias-a-la-luz-del-drama-de-los-moriscos\/"},"modified":"1999-01-01T00:00:00","modified_gmt":"1999-01-01T00:00:00","slug":"la-integracion-y-exclusion-de-minorias-a-la-luz-del-drama-de-los-moriscos","status":"publish","type":"post","link":"https:\/\/www.deberes.net\/tesis\/antropologia\/la-integracion-y-exclusion-de-minorias-a-la-luz-del-drama-de-los-moriscos\/","title":{"rendered":"La integracion y exclusion de minorias a la luz del drama de los moriscos."},"content":{"rendered":"<h2>Tesis doctoral de <strong> Francisco Javier Bermejo Escobar <\/strong><\/h2>\n<p>Toda cuesti\u00f3n moral puede ser abordada de muy diversas maneras. En esta investigaci\u00f3n partimos de la base de que no hay reflexi\u00f3n \u00e9tica bien planteada independientemente de la historia, ni pueden dialogar entre s\u00ed las distintas aportaciones filos\u00f3ficas sin tomar en consideraci\u00f3n el marco socio-cultural desde el que est\u00e1n formuladas. A nuestro entender la recuperaci\u00f3n cr\u00edtica de la propia tradici\u00f3n hist\u00f3rica puede orientarnos en el planteamiento la resoluci\u00f3n de algunos de los problemas morales m\u00e1s importantes de la actualidad. sta ser\u00eda, sint\u00e9ticamente presentada, la hip\u00f3tesis de trabajo principal de la que partimos.  pues bien, el objetivo de nuestro estudio consiste b\u00e1sicamente en el intento de juntificar la validez de tales presupuestos te\u00f3ricos. para ello hemos escogido un determinado problema \u00e9tico-pol\u00edtico, la integraci\u00f3n y exclusi\u00f3n de minor\u00edas en unidades sociales relativamente consolidadas, tal y como aparece reflejado en una determinada situaci\u00f3n hist\u00f3rica, el proceso excluyente que tiene lugar en espa\u00f1a de los siglos xvi y xvii con relaci\u00f3n a la minor\u00eda morisca, como consecuencia de la consolidaci\u00f3n de la pretensi\u00f3n excluyente de la mayor\u00eda cristiana. Entendemos que esta tr\u00e1gica historia puede iluminarnos, tanto positiva como negativamente, sobre la problem\u00e1tica \u00e9tica anteriormente apuntada.<\/p>\n<p>&nbsp;<\/p>\n<h3>Datos acad\u00e9micos de la tesis doctoral \u00ab<strong>La integracion y exclusion de minorias a la luz del drama de los moriscos.<\/strong>\u00ab<\/h3>\n<ul>\n<li><strong>T\u00edtulo de la tesis:<\/strong>\u00a0 La integracion y exclusion de minorias a la luz del drama de los moriscos. <\/li>\n<li><strong>Autor:<\/strong>\u00a0 Francisco Javier Bermejo Escobar <\/li>\n<li><strong>Universidad:<\/strong>\u00a0 Pontificia comillas<\/li>\n<li><strong>Fecha de lectura de la tesis:<\/strong>\u00a0 01\/01\/1999<\/li>\n<\/ul>\n<p>&nbsp;<\/p>\n<h3>Direcci\u00f3n y tribunal<\/h3>\n<ul>\n<li><strong>Director de la tesis<\/strong>\n<ul>\n<li>Augusto Hortal Alonso<\/li>\n<\/ul>\n<\/li>\n<li><strong>Tribunal<\/strong>\n<ul>\n<li>Presidente del tribunal: Carlos Thiebaut Luis-andre <\/li>\n<li>Jes\u00fas marcial Conill sancho (vocal)<\/li>\n<li>mercedes Garcia arenal (vocal)<\/li>\n<li>rosa Aparicio gomez (vocal)<\/li>\n<\/ul>\n<\/li>\n<\/ul>\n<p>&nbsp;<\/p>\n","protected":false},"excerpt":{"rendered":"<p>Tesis doctoral de Francisco Javier Bermejo Escobar Toda cuesti\u00f3n moral puede ser abordada de muy diversas maneras. En esta investigaci\u00f3n [&hellip;]<\/p>\n","protected":false},"author":1,"featured_media":0,"comment_status":"open","ping_status":"open","sticky":false,"template":"","format":"standard","meta":{"site-sidebar-layout":"default","site-content-layout":"","ast-site-content-layout":"","site-content-style":"default","site-sidebar-style":"default","ast-global-header-display":"","ast-banner-title-visibility":"","ast-main-header-display":"","ast-hfb-above-header-display":"","ast-hfb-below-header-display":"","ast-hfb-mobile-header-display":"","site-post-title":"","ast-breadcrumbs-content":"","ast-featured-img":"","footer-sml-layout":"","theme-transparent-header-meta":"","adv-header-id-meta":"","stick-header-meta":"","header-above-stick-meta":"","header-main-stick-meta":"","header-below-stick-meta":"","astra-migrate-meta-layouts":"default","ast-page-background-enabled":"default","ast-page-background-meta":{"desktop":{"background-color":"var(--ast-global-color-4)","background-image":"","background-repeat":"repeat","background-position":"center center","background-size":"auto","background-attachment":"scroll","background-type":"","background-media":"","overlay-type":"","overlay-color":"","overlay-gradient":""},"tablet":{"background-color":"","background-image":"","background-repeat":"repeat","background-position":"center center","background-size":"auto","background-attachment":"scroll","background-type":"","background-media":"","overlay-type":"","overlay-color":"","overlay-gradient":""},"mobile":{"background-color":"","background-image":"","background-repeat":"repeat","background-position":"center center","background-size":"auto","background-attachment":"scroll","background-type":"","background-media":"","overlay-type":"","overlay-color":"","overlay-gradient":""}},"ast-content-background-meta":{"desktop":{"background-color":"var(--ast-global-color-5)","background-image":"","background-repeat":"repeat","background-position":"center center","background-size":"auto","background-attachment":"scroll","background-type":"","background-media":"","overlay-type":"","overlay-color":"","overlay-gradient":""},"tablet":{"background-color":"var(--ast-global-color-5)","background-image":"","background-repeat":"repeat","background-position":"center center","background-size":"auto","background-attachment":"scroll","background-type":"","background-media":"","overlay-type":"","overlay-color":"","overlay-gradient":""},"mobile":{"background-color":"var(--ast-global-color-5)","background-image":"","background-repeat":"repeat","background-position":"center center","background-size":"auto","background-attachment":"scroll","background-type":"","background-media":"","overlay-type":"","overlay-color":"","overlay-gradient":""}},"footnotes":""},"categories":[681,983,838,31934,18397,17785,6408],"tags":[32413,27105,106588,12440,106589,49983],"class_list":["post-42378","post","type-post","status-publish","format-standard","hentry","category-antropologia","category-antropologia-cultural","category-ciencia-politica","category-minorias","category-pontificia-comillas","category-religion","category-sociologia-politica","tag-augusto-hortal-alonso","tag-carlos-thiebaut-luis-andre","tag-francisco-javier-bermejo-escobar","tag-jesus-marcial-conill-sancho","tag-mercedes-garcia-arenal","tag-rosa-aparicio-gomez"],"_links":{"self":[{"href":"https:\/\/www.deberes.net\/tesis\/wp-json\/wp\/v2\/posts\/42378","targetHints":{"allow":["GET"]}}],"collection":[{"href":"https:\/\/www.deberes.net\/tesis\/wp-json\/wp\/v2\/posts"}],"about":[{"href":"https:\/\/www.deberes.net\/tesis\/wp-json\/wp\/v2\/types\/post"}],"author":[{"embeddable":true,"href":"https:\/\/www.deberes.net\/tesis\/wp-json\/wp\/v2\/users\/1"}],"replies":[{"embeddable":true,"href":"https:\/\/www.deberes.net\/tesis\/wp-json\/wp\/v2\/comments?post=42378"}],"version-history":[{"count":0,"href":"https:\/\/www.deberes.net\/tesis\/wp-json\/wp\/v2\/posts\/42378\/revisions"}],"wp:attachment":[{"href":"https:\/\/www.deberes.net\/tesis\/wp-json\/wp\/v2\/media?parent=42378"}],"wp:term":[{"taxonomy":"category","embeddable":true,"href":"https:\/\/www.deberes.net\/tesis\/wp-json\/wp\/v2\/categories?post=42378"},{"taxonomy":"post_tag","embeddable":true,"href":"https:\/\/www.deberes.net\/tesis\/wp-json\/wp\/v2\/tags?post=42378"}],"curies":[{"name":"wp","href":"https:\/\/api.w.org\/{rel}","templated":true}]}}