{"id":42406,"date":"1999-01-01T00:00:00","date_gmt":"1999-01-01T00:00:00","guid":{"rendered":"https:\/\/www.deberes.net\/tesis\/sin-categoria\/el-derecho-al-honor-y-su-proteccion-desde-la-constitucion-espanola\/"},"modified":"1999-01-01T00:00:00","modified_gmt":"1999-01-01T00:00:00","slug":"el-derecho-al-honor-y-su-proteccion-desde-la-constitucion-espanola","status":"publish","type":"post","link":"https:\/\/www.deberes.net\/tesis\/ciencias-juridicas-y-derecho\/el-derecho-al-honor-y-su-proteccion-desde-la-constitucion-espanola\/","title":{"rendered":"El derecho al honor y su proteccion desde la constitucion espa\u00f1ola."},"content":{"rendered":"<h2>Tesis doctoral de <strong> Tomas Vidal Marin <\/strong><\/h2>\n<p>El presente trabajo de investigaci\u00f3n se ha centrado en el estudio del derecho al honor desde una perspectiva constitucional. Es por ello por lo que hemos partido siempre y en todo momoento de lo dispuesto en la c.E. De 1978, fundamentalmente de los art\u00edculos 10, 18 y 20 de la misma.  no hemos abordado todas las cuestiones atinentes a este derecho fundamental, dado que ello exceder\u00eda de los l\u00edmites de este trabajo. Nos hemos detenido, pues, en analizar aquellos aspectos m\u00e1s trascendentes sobre la regulaci\u00f3n y tutela que la c.E. Y el resto de nuestro ordenamiento jur\u00eddico otorgan al derecho fundamental al honor. En este sentido, hemos tratado de elaborar un concepto jur\u00eddico-constitucional de honor, hemos abordado la posible titularidad de este derecho por parte de las personas jur\u00eddicas, al \u00e1mbito de protecci\u00f3n del precitado derecho, el cual varia en funci\u00f3n de distintas circunstancias, y los diferentes mecanismos de tutela del mismo.  por \u00faltimo, para culminar esta obra nos hemos referido a la protecci\u00f3n constitucional del derecho fundamental al honor, la cual se instrumenta a trav\u00e9s del recurso de amparo ante el tribunal constitucional; tribunal que ha tenido que resolver en bastantes ocasiones, el conflicto que, frecuentemente, se produce entre aquel derecho y las libertades de expresi\u00f3n e informaci\u00f3n.<\/p>\n<p>&nbsp;<\/p>\n<h3>Datos acad\u00e9micos de la tesis doctoral \u00ab<strong>El derecho al honor y su proteccion desde la constitucion espa\u00f1ola.<\/strong>\u00ab<\/h3>\n<ul>\n<li><strong>T\u00edtulo de la tesis:<\/strong>\u00a0 El derecho al honor y su proteccion desde la constitucion espa\u00f1ola. <\/li>\n<li><strong>Autor:<\/strong>\u00a0 Tomas Vidal Marin <\/li>\n<li><strong>Universidad:<\/strong>\u00a0 Castilla-la mancha<\/li>\n<li><strong>Fecha de lectura de la tesis:<\/strong>\u00a0 01\/01\/1999<\/li>\n<\/ul>\n<p>&nbsp;<\/p>\n<h3>Direcci\u00f3n y tribunal<\/h3>\n<ul>\n<li><strong>Director de la tesis<\/strong>\n<ul>\n<li>Eduardo Esp\u00edn Templado<\/li>\n<\/ul>\n<\/li>\n<li><strong>Tribunal<\/strong>\n<ul>\n<li>Presidente del tribunal: lu\u00eds L\u00f3pez guerra <\/li>\n<li>teresa Freixes sanJuan (vocal)<\/li>\n<li>marc Carrillo lopez (vocal)<\/li>\n<li>pedro Jos\u00e9 Gonz\u00e1lez-trevijano s\u00e1nchez (vocal)<\/li>\n<\/ul>\n<\/li>\n<\/ul>\n<p>&nbsp;<\/p>\n","protected":false},"excerpt":{"rendered":"<p>Tesis doctoral de Tomas Vidal Marin El presente trabajo de investigaci\u00f3n se ha centrado en el estudio del derecho al [&hellip;]<\/p>\n","protected":false},"author":1,"featured_media":0,"comment_status":"open","ping_status":"open","sticky":false,"template":"","format":"standard","meta":{"site-sidebar-layout":"default","site-content-layout":"","ast-site-content-layout":"","site-content-style":"default","site-sidebar-style":"default","ast-global-header-display":"","ast-banner-title-visibility":"","ast-main-header-display":"","ast-hfb-above-header-display":"","ast-hfb-below-header-display":"","ast-hfb-mobile-header-display":"","site-post-title":"","ast-breadcrumbs-content":"","ast-featured-img":"","footer-sml-layout":"","theme-transparent-header-meta":"","adv-header-id-meta":"","stick-header-meta":"","header-above-stick-meta":"","header-main-stick-meta":"","header-below-stick-meta":"","astra-migrate-meta-layouts":"default","ast-page-background-enabled":"default","ast-page-background-meta":{"desktop":{"background-color":"var(--ast-global-color-4)","background-image":"","background-repeat":"repeat","background-position":"center center","background-size":"auto","background-attachment":"scroll","background-type":"","background-media":"","overlay-type":"","overlay-color":"","overlay-gradient":""},"tablet":{"background-color":"","background-image":"","background-repeat":"repeat","background-position":"center center","background-size":"auto","background-attachment":"scroll","background-type":"","background-media":"","overlay-type":"","overlay-color":"","overlay-gradient":""},"mobile":{"background-color":"","background-image":"","background-repeat":"repeat","background-position":"center center","background-size":"auto","background-attachment":"scroll","background-type":"","background-media":"","overlay-type":"","overlay-color":"","overlay-gradient":""}},"ast-content-background-meta":{"desktop":{"background-color":"var(--ast-global-color-5)","background-image":"","background-repeat":"repeat","background-position":"center center","background-size":"auto","background-attachment":"scroll","background-type":"","background-media":"","overlay-type":"","overlay-color":"","overlay-gradient":""},"tablet":{"background-color":"var(--ast-global-color-5)","background-image":"","background-repeat":"repeat","background-position":"center center","background-size":"auto","background-attachment":"scroll","background-type":"","background-media":"","overlay-type":"","overlay-color":"","overlay-gradient":""},"mobile":{"background-color":"var(--ast-global-color-5)","background-image":"","background-repeat":"repeat","background-position":"center center","background-size":"auto","background-attachment":"scroll","background-type":"","background-media":"","overlay-type":"","overlay-color":"","overlay-gradient":""}},"footnotes":""},"categories":[18451,612,1450,979],"tags":[46512,9450,9368,23520,45417,106629],"class_list":["post-42406","post","type-post","status-publish","format-standard","hentry","category-castilla-la-mancha","category-ciencias-juridicas-y-derecho","category-derecho-constitucional","category-derecho-y-legislacion-nacionales","tag-eduardo-espin-templado","tag-luis-lopez-guerra","tag-marc-carrillo-lopez","tag-pedro-jose-gonzalez-trevijano-sanchez","tag-teresa-freixes-sanjuan","tag-tomas-vidal-marin"],"_links":{"self":[{"href":"https:\/\/www.deberes.net\/tesis\/wp-json\/wp\/v2\/posts\/42406","targetHints":{"allow":["GET"]}}],"collection":[{"href":"https:\/\/www.deberes.net\/tesis\/wp-json\/wp\/v2\/posts"}],"about":[{"href":"https:\/\/www.deberes.net\/tesis\/wp-json\/wp\/v2\/types\/post"}],"author":[{"embeddable":true,"href":"https:\/\/www.deberes.net\/tesis\/wp-json\/wp\/v2\/users\/1"}],"replies":[{"embeddable":true,"href":"https:\/\/www.deberes.net\/tesis\/wp-json\/wp\/v2\/comments?post=42406"}],"version-history":[{"count":0,"href":"https:\/\/www.deberes.net\/tesis\/wp-json\/wp\/v2\/posts\/42406\/revisions"}],"wp:attachment":[{"href":"https:\/\/www.deberes.net\/tesis\/wp-json\/wp\/v2\/media?parent=42406"}],"wp:term":[{"taxonomy":"category","embeddable":true,"href":"https:\/\/www.deberes.net\/tesis\/wp-json\/wp\/v2\/categories?post=42406"},{"taxonomy":"post_tag","embeddable":true,"href":"https:\/\/www.deberes.net\/tesis\/wp-json\/wp\/v2\/tags?post=42406"}],"curies":[{"name":"wp","href":"https:\/\/api.w.org\/{rel}","templated":true}]}}