{"id":42408,"date":"1999-01-01T00:00:00","date_gmt":"1999-01-01T00:00:00","guid":{"rendered":"https:\/\/www.deberes.net\/tesis\/sin-categoria\/el-empleo-publico-entre-estatuto-funcionarial-y-contrato-laboral\/"},"modified":"1999-01-01T00:00:00","modified_gmt":"1999-01-01T00:00:00","slug":"el-empleo-publico-entre-estatuto-funcionarial-y-contrato-laboral","status":"publish","type":"post","link":"https:\/\/www.deberes.net\/tesis\/ciencias-juridicas-y-derecho\/el-empleo-publico-entre-estatuto-funcionarial-y-contrato-laboral\/","title":{"rendered":"El empleo publico: entre estatuto funcionarial y contrato laboral."},"content":{"rendered":"<h2>Tesis doctoral de <strong> Josefa Cantero Martinez <\/strong><\/h2>\n<p>El objeto de la tesis es el estudio del actual modelo de funci\u00f3n p\u00fablica. El articulo 103.3 de la constituci\u00f3n espa\u00f1ola establece una reserva de ley para la regulaci\u00f3n del r\u00e9gimen estatutario de los funcionarios p\u00fablicos. Esta reserva ha sido interpretada por el tribunal constitucional en su sentencia 99\/1987 de 11 de junio como una confirmaci\u00f3n expresa de la antigua teoria unilateralista. Sin embargo, y a pesar de su formulaci\u00f3n te\u00f3rica, nos encontramos con un modelo de funci\u00f3n p\u00fablica completamente laboralizado. esta laboralizaci\u00f3n se manifiesta, no s\u00f3lo en la incorporaci\u00f3n a la administraci\u00f3n de personal laboral, sino tambi\u00e9n en la adopci\u00f3n del r\u00e9gimen estatutario de instituciones t\u00edpicas y exclusivas del derecho laboral, tal como la huelga, la negociaci\u00f3n colectiva del derecho de sindicaci\u00f3n.  tras el estudio de cada uno de estos fen\u00f3menos -y tras el an\u00e1lisis de la influencia del derecho laboral en francia y en italia- se llega a la conclusi\u00f3n de que hoy en dia ya no tiene sentido una separaci\u00f3n radical entre el empleo p\u00fablico y el trabajo privado. La tendencia que se aprecia en los \u00faltimos a\u00f1os es la de la formaci\u00f3n de un r\u00e9gimen unitario para todo el personal de la administraci\u00f3n que contemple todas las peculiaridades que vienen dadas por la naturaleza p\u00fablica de la administraci\u00f3n.<\/p>\n<p>&nbsp;<\/p>\n<h3>Datos acad\u00e9micos de la tesis doctoral \u00ab<strong>El empleo publico: entre estatuto funcionarial y contrato laboral.<\/strong>\u00ab<\/h3>\n<ul>\n<li><strong>T\u00edtulo de la tesis:<\/strong>\u00a0 El empleo publico: entre estatuto funcionarial y contrato laboral. <\/li>\n<li><strong>Autor:<\/strong>\u00a0 Josefa Cantero Martinez <\/li>\n<li><strong>Universidad:<\/strong>\u00a0 Castilla-la mancha<\/li>\n<li><strong>Fecha de lectura de la tesis:<\/strong>\u00a0 01\/01\/1999<\/li>\n<\/ul>\n<p>&nbsp;<\/p>\n<h3>Direcci\u00f3n y tribunal<\/h3>\n<ul>\n<li><strong>Director de la tesis<\/strong>\n<ul>\n<li>Lu\u00eds Ignacio Ortega \u00e1lvarez<\/li>\n<\/ul>\n<\/li>\n<li><strong>Tribunal<\/strong>\n<ul>\n<li>Presidente del tribunal: Jos\u00e9 ram\u00f3n Parada v\u00e1zquez <\/li>\n<li>frank Modewrne (vocal)<\/li>\n<li>edorta Cobreros mendazona (vocal)<\/li>\n<li>Miguel S\u00e1nchez mor\u00f3n (vocal)<\/li>\n<\/ul>\n<\/li>\n<\/ul>\n<p>&nbsp;<\/p>\n","protected":false},"excerpt":{"rendered":"<p>Tesis doctoral de Josefa Cantero Martinez El objeto de la tesis es el estudio del actual modelo de funci\u00f3n p\u00fablica. [&hellip;]<\/p>\n","protected":false},"author":1,"featured_media":0,"comment_status":"open","ping_status":"open","sticky":false,"template":"","format":"standard","meta":{"site-sidebar-layout":"default","site-content-layout":"","ast-site-content-layout":"","site-content-style":"default","site-sidebar-style":"default","ast-global-header-display":"","ast-banner-title-visibility":"","ast-main-header-display":"","ast-hfb-above-header-display":"","ast-hfb-below-header-display":"","ast-hfb-mobile-header-display":"","site-post-title":"","ast-breadcrumbs-content":"","ast-featured-img":"","footer-sml-layout":"","theme-transparent-header-meta":"","adv-header-id-meta":"","stick-header-meta":"","header-above-stick-meta":"","header-main-stick-meta":"","header-below-stick-meta":"","astra-migrate-meta-layouts":"default","ast-page-background-enabled":"default","ast-page-background-meta":{"desktop":{"background-color":"var(--ast-global-color-4)","background-image":"","background-repeat":"repeat","background-position":"center center","background-size":"auto","background-attachment":"scroll","background-type":"","background-media":"","overlay-type":"","overlay-color":"","overlay-gradient":""},"tablet":{"background-color":"","background-image":"","background-repeat":"repeat","background-position":"center center","background-size":"auto","background-attachment":"scroll","background-type":"","background-media":"","overlay-type":"","overlay-color":"","overlay-gradient":""},"mobile":{"background-color":"","background-image":"","background-repeat":"repeat","background-position":"center center","background-size":"auto","background-attachment":"scroll","background-type":"","background-media":"","overlay-type":"","overlay-color":"","overlay-gradient":""}},"ast-content-background-meta":{"desktop":{"background-color":"var(--ast-global-color-5)","background-image":"","background-repeat":"repeat","background-position":"center center","background-size":"auto","background-attachment":"scroll","background-type":"","background-media":"","overlay-type":"","overlay-color":"","overlay-gradient":""},"tablet":{"background-color":"var(--ast-global-color-5)","background-image":"","background-repeat":"repeat","background-position":"center center","background-size":"auto","background-attachment":"scroll","background-type":"","background-media":"","overlay-type":"","overlay-color":"","overlay-gradient":""},"mobile":{"background-color":"var(--ast-global-color-5)","background-image":"","background-repeat":"repeat","background-position":"center center","background-size":"auto","background-attachment":"scroll","background-type":"","background-media":"","overlay-type":"","overlay-color":"","overlay-gradient":""}},"footnotes":""},"categories":[18451,612,1442,979],"tags":[34902,106633,1918,106632,6454,18560],"class_list":["post-42408","post","type-post","status-publish","format-standard","hentry","category-castilla-la-mancha","category-ciencias-juridicas-y-derecho","category-derecho-administrativo","category-derecho-y-legislacion-nacionales","tag-edorta-cobreros-mendazona","tag-frank-modewrne","tag-jose-ramon-parada-vazquez","tag-josefa-cantero-Martinez","tag-luis-ignacio-ortega-alvarez","tag-miguel-sanchez-moron"],"_links":{"self":[{"href":"https:\/\/www.deberes.net\/tesis\/wp-json\/wp\/v2\/posts\/42408","targetHints":{"allow":["GET"]}}],"collection":[{"href":"https:\/\/www.deberes.net\/tesis\/wp-json\/wp\/v2\/posts"}],"about":[{"href":"https:\/\/www.deberes.net\/tesis\/wp-json\/wp\/v2\/types\/post"}],"author":[{"embeddable":true,"href":"https:\/\/www.deberes.net\/tesis\/wp-json\/wp\/v2\/users\/1"}],"replies":[{"embeddable":true,"href":"https:\/\/www.deberes.net\/tesis\/wp-json\/wp\/v2\/comments?post=42408"}],"version-history":[{"count":0,"href":"https:\/\/www.deberes.net\/tesis\/wp-json\/wp\/v2\/posts\/42408\/revisions"}],"wp:attachment":[{"href":"https:\/\/www.deberes.net\/tesis\/wp-json\/wp\/v2\/media?parent=42408"}],"wp:term":[{"taxonomy":"category","embeddable":true,"href":"https:\/\/www.deberes.net\/tesis\/wp-json\/wp\/v2\/categories?post=42408"},{"taxonomy":"post_tag","embeddable":true,"href":"https:\/\/www.deberes.net\/tesis\/wp-json\/wp\/v2\/tags?post=42408"}],"curies":[{"name":"wp","href":"https:\/\/api.w.org\/{rel}","templated":true}]}}