{"id":42431,"date":"1999-01-01T00:00:00","date_gmt":"1999-01-01T00:00:00","guid":{"rendered":"https:\/\/www.deberes.net\/tesis\/sin-categoria\/coordinacion-de-politicas-macroeconomicas-en-una-union-europea\/"},"modified":"1999-01-01T00:00:00","modified_gmt":"1999-01-01T00:00:00","slug":"coordinacion-de-politicas-macroeconomicas-en-una-union-europea","status":"publish","type":"post","link":"https:\/\/www.deberes.net\/tesis\/ciencias-economicas\/coordinacion-de-politicas-macroeconomicas-en-una-union-europea\/","title":{"rendered":"Coordinacion de politicas macroeconomicas en una union europea."},"content":{"rendered":"<h2>Tesis doctoral de <strong> Mar\u00eda  Del Carmen Diaz Roldan <\/strong><\/h2>\n<p>En esta tesis se estudian las posibilidades que puede ofrecer la coordinaci\u00f3n de las pol\u00edticas macroecon\u00f3micas en uniones monetarias. para ello, se plantean diversos escenarios que describen la evoluci\u00f3n de una uni\u00f3n monetaria, analizando en qu\u00e9 medida la estructura econ\u00f3mica dada por dichos escenarios determina las caracter\u00edsticas de los efectos desbordamiento. A continuaci\u00f3n se estudia, en t\u00e9rminos estrat\u00e9gicos, el modo en que la coordinaci\u00f3n puede internalizar las externalidades. Tras derivar las condiciones bajo las cuales resulta beneficioso cooperar, llegamos a la conclusi\u00f3n de que la coordinaci\u00f3n no siempre es la soluci\u00f3n m\u00e1s acertada. Ello se debe a que la deseabilidad de la coordinaci\u00f3n depende de la naturaleza de la perturbaci\u00f3n, de su origen y de la forma en que se transmiten sus efectos.<\/p>\n<p>&nbsp;<\/p>\n<h3>Datos acad\u00e9micos de la tesis doctoral \u00ab<strong>Coordinacion de politicas macroeconomicas en una union europea.<\/strong>\u00ab<\/h3>\n<ul>\n<li><strong>T\u00edtulo de la tesis:<\/strong>\u00a0 Coordinacion de politicas macroeconomicas en una union europea. <\/li>\n<li><strong>Autor:<\/strong>\u00a0 Mar\u00eda  Del Carmen Diaz Roldan <\/li>\n<li><strong>Universidad:<\/strong>\u00a0 P\u00fablica de navarra<\/li>\n<li><strong>Fecha de lectura de la tesis:<\/strong>\u00a0 01\/01\/1999<\/li>\n<\/ul>\n<p>&nbsp;<\/p>\n<h3>Direcci\u00f3n y tribunal<\/h3>\n<ul>\n<li><strong>Director de la tesis<\/strong>\n<ul>\n<li>Oscar Bajo Rubio<\/li>\n<\/ul>\n<\/li>\n<li><strong>Tribunal<\/strong>\n<ul>\n<li>Presidente del tribunal: Jos\u00e9 Luis Raymond bara <\/li>\n<li>vicente Orts r\u00edos (vocal)<\/li>\n<li>zen\u00f3n Jim\u00e9nez ridruejo (vocal)<\/li>\n<li>Juan  Francisco Jimeno serrano (vocal)<\/li>\n<\/ul>\n<\/li>\n<\/ul>\n<p>&nbsp;<\/p>\n","protected":false},"excerpt":{"rendered":"<p>Tesis doctoral de Mar\u00eda Del Carmen Diaz Roldan En esta tesis se estudian las posibilidades que puede ofrecer la coordinaci\u00f3n [&hellip;]<\/p>\n","protected":false},"author":1,"featured_media":0,"comment_status":"open","ping_status":"open","sticky":false,"template":"","format":"standard","meta":{"site-sidebar-layout":"default","site-content-layout":"","ast-site-content-layout":"","site-content-style":"default","site-sidebar-style":"default","ast-global-header-display":"","ast-banner-title-visibility":"","ast-main-header-display":"","ast-hfb-above-header-display":"","ast-hfb-below-header-display":"","ast-hfb-mobile-header-display":"","site-post-title":"","ast-breadcrumbs-content":"","ast-featured-img":"","footer-sml-layout":"","theme-transparent-header-meta":"","adv-header-id-meta":"","stick-header-meta":"","header-above-stick-meta":"","header-main-stick-meta":"","header-below-stick-meta":"","astra-migrate-meta-layouts":"default","ast-page-background-enabled":"default","ast-page-background-meta":{"desktop":{"background-color":"var(--ast-global-color-4)","background-image":"","background-repeat":"repeat","background-position":"center center","background-size":"auto","background-attachment":"scroll","background-type":"","background-media":"","overlay-type":"","overlay-color":"","overlay-gradient":""},"tablet":{"background-color":"","background-image":"","background-repeat":"repeat","background-position":"center center","background-size":"auto","background-attachment":"scroll","background-type":"","background-media":"","overlay-type":"","overlay-color":"","overlay-gradient":""},"mobile":{"background-color":"","background-image":"","background-repeat":"repeat","background-position":"center center","background-size":"auto","background-attachment":"scroll","background-type":"","background-media":"","overlay-type":"","overlay-color":"","overlay-gradient":""}},"ast-content-background-meta":{"desktop":{"background-color":"var(--ast-global-color-5)","background-image":"","background-repeat":"repeat","background-position":"center center","background-size":"auto","background-attachment":"scroll","background-type":"","background-media":"","overlay-type":"","overlay-color":"","overlay-gradient":""},"tablet":{"background-color":"var(--ast-global-color-5)","background-image":"","background-repeat":"repeat","background-position":"center center","background-size":"auto","background-attachment":"scroll","background-type":"","background-media":"","overlay-type":"","overlay-color":"","overlay-gradient":""},"mobile":{"background-color":"var(--ast-global-color-5)","background-image":"","background-repeat":"repeat","background-position":"center center","background-size":"auto","background-attachment":"scroll","background-type":"","background-media":"","overlay-type":"","overlay-color":"","overlay-gradient":""}},"footnotes":""},"categories":[82,83,910,18365,18529,737,16831],"tags":[11538,25545,106679,26116,43893,86088],"class_list":["post-42431","post","type-post","status-publish","format-standard","hentry","category-ciencias-economicas","category-economia-del-area-europea","category-economia-internacional","category-politica-economica-internacional","category-publica-de-navarra","category-teoria-economica","category-teoria-macroeconomica","tag-jose-luis-raymond-bara","tag-juan-francisco-jimeno-serrano","tag-maria-del-carmen-diaz-roldan","tag-oscar-bajo-rubio","tag-vicente-orts-rios","tag-zenon-jimenez-ridruejo"],"_links":{"self":[{"href":"https:\/\/www.deberes.net\/tesis\/wp-json\/wp\/v2\/posts\/42431","targetHints":{"allow":["GET"]}}],"collection":[{"href":"https:\/\/www.deberes.net\/tesis\/wp-json\/wp\/v2\/posts"}],"about":[{"href":"https:\/\/www.deberes.net\/tesis\/wp-json\/wp\/v2\/types\/post"}],"author":[{"embeddable":true,"href":"https:\/\/www.deberes.net\/tesis\/wp-json\/wp\/v2\/users\/1"}],"replies":[{"embeddable":true,"href":"https:\/\/www.deberes.net\/tesis\/wp-json\/wp\/v2\/comments?post=42431"}],"version-history":[{"count":0,"href":"https:\/\/www.deberes.net\/tesis\/wp-json\/wp\/v2\/posts\/42431\/revisions"}],"wp:attachment":[{"href":"https:\/\/www.deberes.net\/tesis\/wp-json\/wp\/v2\/media?parent=42431"}],"wp:term":[{"taxonomy":"category","embeddable":true,"href":"https:\/\/www.deberes.net\/tesis\/wp-json\/wp\/v2\/categories?post=42431"},{"taxonomy":"post_tag","embeddable":true,"href":"https:\/\/www.deberes.net\/tesis\/wp-json\/wp\/v2\/tags?post=42431"}],"curies":[{"name":"wp","href":"https:\/\/api.w.org\/{rel}","templated":true}]}}