{"id":42506,"date":"1999-01-01T00:00:00","date_gmt":"1999-01-01T00:00:00","guid":{"rendered":"https:\/\/www.deberes.net\/tesis\/sin-categoria\/analisis-cualitativo-de-datos-aplicacion-de-la-teoria-fundamental-grounded-theory-en-el-ambito-de-la-innovacion-organizacional\/"},"modified":"1999-01-01T00:00:00","modified_gmt":"1999-01-01T00:00:00","slug":"analisis-cualitativo-de-datos-aplicacion-de-la-teoria-fundamental-grounded-theory-en-el-ambito-de-la-innovacion-organizacional","status":"publish","type":"post","link":"https:\/\/www.deberes.net\/tesis\/psicologia\/analisis-cualitativo-de-datos-aplicacion-de-la-teoria-fundamental-grounded-theory-en-el-ambito-de-la-innovacion-organizacional\/","title":{"rendered":"Analisis cualitativo de datos: aplicacion de la teoria fundamental (\u00abgrounded theory\u00bb) en el ambito de la innovacion organizacional."},"content":{"rendered":"<h2>Tesis doctoral de <strong> Virginia Carrero Planes <\/strong><\/h2>\n<p>El presente estudio se sit\u00faa en el marco de las aproximaciones cualitativas, desde una perspectiva constructora\/generadora de teor\u00eda, que analiza, describe y aplica la metodolog\u00eda de an\u00e1lisis del \u00abgrounded theory\u00bb en el \u00e1mbito de la innovaci\u00f3n organizacional.  as\u00ed, el objetivo central de este trabajo lo constituye el an\u00e1lisis y aplicaci\u00f3n sistem\u00e1tica de la teor\u00eda fundamentada al estudio de las acciones de innovaci\u00f3n radical. si bien se muestra el modo en que el procedimiento del \u00abgrounded theory\u00bb habr\u00eda de ser aplicado, se propone adem\u00e1s una teor\u00eda de innovaci\u00f3n fundamentada que adquiere sentido con relaci\u00f3n a procesos sociales m\u00e1s amplios, como la adaptaci\u00f3n y el aprendizaje organizacional.#<\/p>\n<p>&nbsp;<\/p>\n<h3>Datos acad\u00e9micos de la tesis doctoral \u00ab<strong>Analisis cualitativo de datos: aplicacion de la teoria fundamental (\u00abgrounded theory\u00bb) en el ambito de la innovacion organizacional.<\/strong>\u00ab<\/h3>\n<ul>\n<li><strong>T\u00edtulo de la tesis:<\/strong>\u00a0 Analisis cualitativo de datos: aplicacion de la teoria fundamental (\u00abgrounded theory\u00bb) en el ambito de la innovacion organizacional. <\/li>\n<li><strong>Autor:<\/strong>\u00a0 Virginia Carrero Planes <\/li>\n<li><strong>Universidad:<\/strong>\u00a0 Jaume i de castell\u00f3n<\/li>\n<li><strong>Fecha de lectura de la tesis:<\/strong>\u00a0 01\/01\/1999<\/li>\n<\/ul>\n<p>&nbsp;<\/p>\n<h3>Direcci\u00f3n y tribunal<\/h3>\n<ul>\n<li><strong>Director de la tesis<\/strong>\n<ul>\n<li>Jos\u00e9 Mar\u00eda Peir\u00f3 Silla<\/li>\n<\/ul>\n<\/li>\n<li><strong>Tribunal<\/strong>\n<ul>\n<li>Presidente del tribunal: heliodoro Carpintero capell <\/li>\n<li>amador Anton anton (vocal)<\/li>\n<li>bernabe Sarabia heydrich (vocal)<\/li>\n<li>rosario Zurriaga llorens (vocal)<\/li>\n<\/ul>\n<\/li>\n<\/ul>\n<p>&nbsp;<\/p>\n","protected":false},"excerpt":{"rendered":"<p>Tesis doctoral de Virginia Carrero Planes El presente estudio se sit\u00faa en el marco de las aproximaciones cualitativas, desde una [&hellip;]<\/p>\n","protected":false},"author":1,"featured_media":0,"comment_status":"open","ping_status":"open","sticky":false,"template":"","format":"standard","meta":{"site-sidebar-layout":"default","site-content-layout":"","ast-site-content-layout":"","site-content-style":"default","site-sidebar-style":"default","ast-global-header-display":"","ast-banner-title-visibility":"","ast-main-header-display":"","ast-hfb-above-header-display":"","ast-hfb-below-header-display":"","ast-hfb-mobile-header-display":"","site-post-title":"","ast-breadcrumbs-content":"","ast-featured-img":"","footer-sml-layout":"","theme-transparent-header-meta":"","adv-header-id-meta":"","stick-header-meta":"","header-above-stick-meta":"","header-main-stick-meta":"","header-below-stick-meta":"","astra-migrate-meta-layouts":"default","ast-page-background-enabled":"default","ast-page-background-meta":{"desktop":{"background-color":"var(--ast-global-color-4)","background-image":"","background-repeat":"repeat","background-position":"center center","background-size":"auto","background-attachment":"scroll","background-type":"","background-media":"","overlay-type":"","overlay-color":"","overlay-gradient":""},"tablet":{"background-color":"","background-image":"","background-repeat":"repeat","background-position":"center center","background-size":"auto","background-attachment":"scroll","background-type":"","background-media":"","overlay-type":"","overlay-color":"","overlay-gradient":""},"mobile":{"background-color":"","background-image":"","background-repeat":"repeat","background-position":"center center","background-size":"auto","background-attachment":"scroll","background-type":"","background-media":"","overlay-type":"","overlay-color":"","overlay-gradient":""}},"ast-content-background-meta":{"desktop":{"background-color":"var(--ast-global-color-5)","background-image":"","background-repeat":"repeat","background-position":"center center","background-size":"auto","background-attachment":"scroll","background-type":"","background-media":"","overlay-type":"","overlay-color":"","overlay-gradient":""},"tablet":{"background-color":"var(--ast-global-color-5)","background-image":"","background-repeat":"repeat","background-position":"center center","background-size":"auto","background-attachment":"scroll","background-type":"","background-media":"","overlay-type":"","overlay-color":"","overlay-gradient":""},"mobile":{"background-color":"var(--ast-global-color-5)","background-image":"","background-repeat":"repeat","background-position":"center center","background-size":"auto","background-attachment":"scroll","background-type":"","background-media":"","overlay-type":"","overlay-color":"","overlay-gradient":""}},"footnotes":""},"categories":[8054,18725,324,7126],"tags":[18732,6712,9338,7129,11865,106801],"class_list":["post-42506","post","type-post","status-publish","format-standard","hentry","category-comportamiento-en-la-organizacion","category-jaume-i-de-castellon","category-psicologia","category-psicologia-industrial","tag-amador-anton-anton","tag-bernabe-sarabia-heydrich","tag-heliodoro-carpintero-capell","tag-jose-maria-peiro-silla","tag-rosario-zurriaga-llorens","tag-virginia-carrero-planes"],"_links":{"self":[{"href":"https:\/\/www.deberes.net\/tesis\/wp-json\/wp\/v2\/posts\/42506","targetHints":{"allow":["GET"]}}],"collection":[{"href":"https:\/\/www.deberes.net\/tesis\/wp-json\/wp\/v2\/posts"}],"about":[{"href":"https:\/\/www.deberes.net\/tesis\/wp-json\/wp\/v2\/types\/post"}],"author":[{"embeddable":true,"href":"https:\/\/www.deberes.net\/tesis\/wp-json\/wp\/v2\/users\/1"}],"replies":[{"embeddable":true,"href":"https:\/\/www.deberes.net\/tesis\/wp-json\/wp\/v2\/comments?post=42506"}],"version-history":[{"count":0,"href":"https:\/\/www.deberes.net\/tesis\/wp-json\/wp\/v2\/posts\/42506\/revisions"}],"wp:attachment":[{"href":"https:\/\/www.deberes.net\/tesis\/wp-json\/wp\/v2\/media?parent=42506"}],"wp:term":[{"taxonomy":"category","embeddable":true,"href":"https:\/\/www.deberes.net\/tesis\/wp-json\/wp\/v2\/categories?post=42506"},{"taxonomy":"post_tag","embeddable":true,"href":"https:\/\/www.deberes.net\/tesis\/wp-json\/wp\/v2\/tags?post=42506"}],"curies":[{"name":"wp","href":"https:\/\/api.w.org\/{rel}","templated":true}]}}