{"id":42525,"date":"1999-01-01T00:00:00","date_gmt":"1999-01-01T00:00:00","guid":{"rendered":"https:\/\/www.deberes.net\/tesis\/sin-categoria\/la-musica-a-la-ciutat-de-girona-1888-1985\/"},"modified":"1999-01-01T00:00:00","modified_gmt":"1999-01-01T00:00:00","slug":"la-musica-a-la-ciutat-de-girona-1888-1985","status":"publish","type":"post","link":"https:\/\/www.deberes.net\/tesis\/historia\/la-musica-a-la-ciutat-de-girona-1888-1985\/","title":{"rendered":"La musica a la ciutat de girona (1888-1985)."},"content":{"rendered":"<h2>Tesis doctoral de <strong> LLuis Brugues Agusti <\/strong><\/h2>\n<p>Investigaci\u00f3n hist\u00f3rica que refleja el hecho musical en laciudad de girona especialmente e incluye en su cap\u00edtulo xii y \u00faltimo una panor\u00e1mica general de la historia musical de las principales poblaciones de sus comarcas: figueras, olot, ripoll, sant feliu de gu\u00edxols, banyoles, etc.  est\u00e1 organizada metodolog\u00f3gicamente en un marco cronol\u00f3gico y una metodolog\u00eda positivista.  en los dem\u00e1s cap\u00edtulos, que van desde el modernismo de principios de siglo pasando por la guerra civil espa\u00f1ola hasta la actual democracia, se ha intentado reflejar la verdadera historia musical en todas sus parcelas: m\u00fasicos, compositores, orquestas, bandas, etc.; la ense\u00f1anza musical en todos sus \u00e1mbitos; la \u00f3pera, la zarzuela y la revista; los orfeones; grupos de c\u00e1mara; la m\u00fasica en los caf\u00e9s, en la intimidad de las casas particulares; las coblas, las sardanas; el sindicato de m\u00fasicos, el conservatorio de m\u00fasica; salas de baile; m\u00fasica moderna; crticos musicales, etc., Etc.  el vol. Ii es un anexo que contiene documentos originales relacionados con la historia musical de girona: estatutos, reglamentos, programas, etc.<\/p>\n<p>&nbsp;<\/p>\n<h3>Datos acad\u00e9micos de la tesis doctoral \u00ab<strong>La musica a la ciutat de girona (1888-1985).<\/strong>\u00ab<\/h3>\n<ul>\n<li><strong>T\u00edtulo de la tesis:<\/strong>\u00a0 La musica a la ciutat de girona (1888-1985). <\/li>\n<li><strong>Autor:<\/strong>\u00a0 LLuis Brugues Agusti <\/li>\n<li><strong>Universidad:<\/strong>\u00a0 Girona<\/li>\n<li><strong>Fecha de lectura de la tesis:<\/strong>\u00a0 01\/01\/1999<\/li>\n<\/ul>\n<p>&nbsp;<\/p>\n<h3>Direcci\u00f3n y tribunal<\/h3>\n<ul>\n<li><strong>Director de la tesis<\/strong>\n<ul>\n<li>Salomo Marques Sureda<\/li>\n<\/ul>\n<\/li>\n<li><strong>Tribunal<\/strong>\n<ul>\n<li>Presidente del tribunal: josep Gonzalez agapito <\/li>\n<li>roger Landon aixala (vocal)<\/li>\n<li>Mar\u00eda Cateura mateu (vocal)<\/li>\n<li>pilar Ramos lopez (vocal)<\/li>\n<\/ul>\n<\/li>\n<\/ul>\n<p>&nbsp;<\/p>\n","protected":false},"excerpt":{"rendered":"<p>Tesis doctoral de LLuis Brugues Agusti Investigaci\u00f3n hist\u00f3rica que refleja el hecho musical en laciudad de girona especialmente e incluye [&hellip;]<\/p>\n","protected":false},"author":1,"featured_media":0,"comment_status":"open","ping_status":"open","sticky":false,"template":"","format":"standard","meta":{"site-sidebar-layout":"default","site-content-layout":"","ast-site-content-layout":"","site-content-style":"default","site-sidebar-style":"default","ast-global-header-display":"","ast-banner-title-visibility":"","ast-main-header-display":"","ast-hfb-above-header-display":"","ast-hfb-below-header-display":"","ast-hfb-mobile-header-display":"","site-post-title":"","ast-breadcrumbs-content":"","ast-featured-img":"","footer-sml-layout":"","theme-transparent-header-meta":"","adv-header-id-meta":"","stick-header-meta":"","header-above-stick-meta":"","header-main-stick-meta":"","header-below-stick-meta":"","astra-migrate-meta-layouts":"default","ast-page-background-enabled":"default","ast-page-background-meta":{"desktop":{"background-color":"var(--ast-global-color-4)","background-image":"","background-repeat":"repeat","background-position":"center center","background-size":"auto","background-attachment":"scroll","background-type":"","background-media":"","overlay-type":"","overlay-color":"","overlay-gradient":""},"tablet":{"background-color":"","background-image":"","background-repeat":"repeat","background-position":"center center","background-size":"auto","background-attachment":"scroll","background-type":"","background-media":"","overlay-type":"","overlay-color":"","overlay-gradient":""},"mobile":{"background-color":"","background-image":"","background-repeat":"repeat","background-position":"center center","background-size":"auto","background-attachment":"scroll","background-type":"","background-media":"","overlay-type":"","overlay-color":"","overlay-gradient":""}},"ast-content-background-meta":{"desktop":{"background-color":"var(--ast-global-color-5)","background-image":"","background-repeat":"repeat","background-position":"center center","background-size":"auto","background-attachment":"scroll","background-type":"","background-media":"","overlay-type":"","overlay-color":"","overlay-gradient":""},"tablet":{"background-color":"var(--ast-global-color-5)","background-image":"","background-repeat":"repeat","background-position":"center center","background-size":"auto","background-attachment":"scroll","background-type":"","background-media":"","overlay-type":"","overlay-color":"","overlay-gradient":""},"mobile":{"background-color":"var(--ast-global-color-5)","background-image":"","background-repeat":"repeat","background-position":"center center","background-size":"auto","background-attachment":"scroll","background-type":"","background-media":"","overlay-type":"","overlay-color":"","overlay-gradient":""}},"footnotes":""},"categories":[147,18809,104,639,2224,9132,1111],"tags":[18828,106835,27557,40868,19102,18827],"class_list":["post-42525","post","type-post","status-publish","format-standard","hentry","category-ciencias-de-las-artes-y-las-letras","category-girona","category-historia","category-historia-de-paises","category-historia-local","category-musica-y-musicologia","category-teoria-analisis-y-critica-de-las-bellas-artes","tag-josep-gonzalez-agapito","tag-lluis-brugues-agusti","tag-maria-cateura-mateu","tag-pilar-ramos-lopez","tag-roger-landon-aixala","tag-salomo-marques-sureda"],"_links":{"self":[{"href":"https:\/\/www.deberes.net\/tesis\/wp-json\/wp\/v2\/posts\/42525","targetHints":{"allow":["GET"]}}],"collection":[{"href":"https:\/\/www.deberes.net\/tesis\/wp-json\/wp\/v2\/posts"}],"about":[{"href":"https:\/\/www.deberes.net\/tesis\/wp-json\/wp\/v2\/types\/post"}],"author":[{"embeddable":true,"href":"https:\/\/www.deberes.net\/tesis\/wp-json\/wp\/v2\/users\/1"}],"replies":[{"embeddable":true,"href":"https:\/\/www.deberes.net\/tesis\/wp-json\/wp\/v2\/comments?post=42525"}],"version-history":[{"count":0,"href":"https:\/\/www.deberes.net\/tesis\/wp-json\/wp\/v2\/posts\/42525\/revisions"}],"wp:attachment":[{"href":"https:\/\/www.deberes.net\/tesis\/wp-json\/wp\/v2\/media?parent=42525"}],"wp:term":[{"taxonomy":"category","embeddable":true,"href":"https:\/\/www.deberes.net\/tesis\/wp-json\/wp\/v2\/categories?post=42525"},{"taxonomy":"post_tag","embeddable":true,"href":"https:\/\/www.deberes.net\/tesis\/wp-json\/wp\/v2\/tags?post=42525"}],"curies":[{"name":"wp","href":"https:\/\/api.w.org\/{rel}","templated":true}]}}