{"id":42551,"date":"1999-01-01T00:00:00","date_gmt":"1999-01-01T00:00:00","guid":{"rendered":"https:\/\/www.deberes.net\/tesis\/sin-categoria\/la-proteccion-procesal-civil-en-el-enfermo-mental\/"},"modified":"1999-01-01T00:00:00","modified_gmt":"1999-01-01T00:00:00","slug":"la-proteccion-procesal-civil-en-el-enfermo-mental","status":"publish","type":"post","link":"https:\/\/www.deberes.net\/tesis\/psicologia\/la-proteccion-procesal-civil-en-el-enfermo-mental\/","title":{"rendered":"La proteccion procesal civil en el enfermo mental."},"content":{"rendered":"<h2>Tesis doctoral de <strong> Marta Chimeno Cano <\/strong><\/h2>\n<p>La protecci\u00f3n procesal civil que dispensa nuestra legislaci\u00f3n al enfermo mental se caracteriza por una presencia impl\u00edcita del inter\u00e9s p\u00fablico, al afectar al orden y constituci\u00f3n de la sociedad. el objeto procesal de estos procedimientos excede del \u00e1mbito propio de los derechos privado, lo cual implica la quiebra de principios que rigen de forma gen\u00e9rica el proceso civil (principios dispositivo y de aportaci\u00f3n de parte). Todo ello tendr\u00e1 sus repercusiones en el \u00e1mbito de la competencia, el concepto de parte y de acci\u00f3n, la concesi\u00f3n de facultades inquisitivas al juez y la primacia de la verdad material sobre el formalismo procesal, no siendo impedimento los defectos formales para que el juez entre a conocer sobre los temas jur\u00eddico-materiales debatidos.  el principio de legalidad y de oficialidad determinar\u00e1n, a su vez, en cada procedimiento part\u00edcular, el establecimiento de garant\u00edas para lograr la mayor aproximaci\u00f3n a la verdad material de los hechos y la mejor defensa al enfermo mental, a fin de evitar que su padecimiento, aun temporal, pueda ser causa de una vulneraci\u00f3n de la tutela judicial efectiva. Supondr\u00e1, asimismo, la concesi\u00f3n al juez de amplias facultades de cognici\u00f3n, e incluso en alguno de estos procedimientos la posibilidad de iniciarlo de oficio.  la esterilizaci\u00f3n de los incapaces y el internamiento forzoso, al ser medidas de protecci\u00f3n y no medidas cautelares, se tramitan como procedimientos independientes y aut\u00f3nomos. La esterilizaci\u00f3n necesariamente habr\u00e1 de afectar a incapacitados judicialmente, no as\u00ed el internamiento, cuya raz\u00f3n de ser es el tratamiento psiqui\u00e1trico del enfermo mental en r\u00e9gimen cerrado, con independencia que la causa de internamiento sea a su vez causa de incapacitaci\u00f3n.  el internamiento forzoso, al estar regulado por una \u00fanica disposici\u00f3n legal, art. 211 cc, ha de ser integrado a la luz de nuestra constituci\u00f3n y de los tratados interna<\/p>\n<p>&nbsp;<\/p>\n<h3>Datos acad\u00e9micos de la tesis doctoral \u00ab<strong>La proteccion procesal civil en el enfermo mental.<\/strong>\u00ab<\/h3>\n<ul>\n<li><strong>T\u00edtulo de la tesis:<\/strong>\u00a0 La proteccion procesal civil en el enfermo mental. <\/li>\n<li><strong>Autor:<\/strong>\u00a0 Marta Chimeno Cano <\/li>\n<li><strong>Universidad:<\/strong>\u00a0 Lleida<\/li>\n<li><strong>Fecha de lectura de la tesis:<\/strong>\u00a0 01\/01\/1999<\/li>\n<\/ul>\n<p>&nbsp;<\/p>\n<h3>Direcci\u00f3n y tribunal<\/h3>\n<ul>\n<li><strong>Director de la tesis<\/strong>\n<ul>\n<li>Eduardo Font Serra<\/li>\n<\/ul>\n<\/li>\n<li><strong>Tribunal<\/strong>\n<ul>\n<li>Presidente del tribunal: Jos\u00e9 Mar\u00eda Rifa soler <\/li>\n<li>pedro Moreno meyerhoff (vocal)<\/li>\n<li>Antonio Para mart\u00edn (vocal)<\/li>\n<li>Elena Guix\u00e9 nogu\u00e9s (vocal)<\/li>\n<\/ul>\n<\/li>\n<\/ul>\n<p>&nbsp;<\/p>\n","protected":false},"excerpt":{"rendered":"<p>Tesis doctoral de Marta Chimeno Cano La protecci\u00f3n procesal civil que dispensa nuestra legislaci\u00f3n al enfermo mental se caracteriza por [&hellip;]<\/p>\n","protected":false},"author":1,"featured_media":0,"comment_status":"open","ping_status":"open","sticky":false,"template":"","format":"standard","meta":{"site-sidebar-layout":"default","site-content-layout":"","ast-site-content-layout":"","site-content-style":"default","site-sidebar-style":"default","ast-global-header-display":"","ast-banner-title-visibility":"","ast-main-header-display":"","ast-hfb-above-header-display":"","ast-hfb-below-header-display":"","ast-hfb-mobile-header-display":"","site-post-title":"","ast-breadcrumbs-content":"","ast-featured-img":"","footer-sml-layout":"","theme-transparent-header-meta":"","adv-header-id-meta":"","stick-header-meta":"","header-above-stick-meta":"","header-main-stick-meta":"","header-below-stick-meta":"","astra-migrate-meta-layouts":"default","ast-page-background-enabled":"default","ast-page-background-meta":{"desktop":{"background-color":"var(--ast-global-color-4)","background-image":"","background-repeat":"repeat","background-position":"center center","background-size":"auto","background-attachment":"scroll","background-type":"","background-media":"","overlay-type":"","overlay-color":"","overlay-gradient":""},"tablet":{"background-color":"","background-image":"","background-repeat":"repeat","background-position":"center center","background-size":"auto","background-attachment":"scroll","background-type":"","background-media":"","overlay-type":"","overlay-color":"","overlay-gradient":""},"mobile":{"background-color":"","background-image":"","background-repeat":"repeat","background-position":"center center","background-size":"auto","background-attachment":"scroll","background-type":"","background-media":"","overlay-type":"","overlay-color":"","overlay-gradient":""}},"ast-content-background-meta":{"desktop":{"background-color":"var(--ast-global-color-5)","background-image":"","background-repeat":"repeat","background-position":"center center","background-size":"auto","background-attachment":"scroll","background-type":"","background-media":"","overlay-type":"","overlay-color":"","overlay-gradient":""},"tablet":{"background-color":"var(--ast-global-color-5)","background-image":"","background-repeat":"repeat","background-position":"center center","background-size":"auto","background-attachment":"scroll","background-type":"","background-media":"","overlay-type":"","overlay-color":"","overlay-gradient":""},"mobile":{"background-color":"var(--ast-global-color-5)","background-image":"","background-repeat":"repeat","background-position":"center center","background-size":"auto","background-attachment":"scroll","background-type":"","background-media":"","overlay-type":"","overlay-color":"","overlay-gradient":""}},"footnotes":""},"categories":[612,3894,3620,979,18842,3621,324,23715,996],"tags":[90085,41120,106883,5387,106881,106882],"class_list":["post-42551","post","type-post","status-publish","format-standard","hentry","category-ciencias-juridicas-y-derecho","category-derecho-privado","category-derecho-procesal","category-derecho-y-legislacion-nacionales","category-lleida","category-organizacion-juridica","category-psicologia","category-psicologia-forense","category-psicologia-social","tag-antonio-para-martin","tag-eduardo-font-serra","tag-elena-guixe-nogues","tag-jose-maria-rifa-soler","tag-marta-chimeno-cano","tag-pedro-moreno-meyerhoff"],"_links":{"self":[{"href":"https:\/\/www.deberes.net\/tesis\/wp-json\/wp\/v2\/posts\/42551","targetHints":{"allow":["GET"]}}],"collection":[{"href":"https:\/\/www.deberes.net\/tesis\/wp-json\/wp\/v2\/posts"}],"about":[{"href":"https:\/\/www.deberes.net\/tesis\/wp-json\/wp\/v2\/types\/post"}],"author":[{"embeddable":true,"href":"https:\/\/www.deberes.net\/tesis\/wp-json\/wp\/v2\/users\/1"}],"replies":[{"embeddable":true,"href":"https:\/\/www.deberes.net\/tesis\/wp-json\/wp\/v2\/comments?post=42551"}],"version-history":[{"count":0,"href":"https:\/\/www.deberes.net\/tesis\/wp-json\/wp\/v2\/posts\/42551\/revisions"}],"wp:attachment":[{"href":"https:\/\/www.deberes.net\/tesis\/wp-json\/wp\/v2\/media?parent=42551"}],"wp:term":[{"taxonomy":"category","embeddable":true,"href":"https:\/\/www.deberes.net\/tesis\/wp-json\/wp\/v2\/categories?post=42551"},{"taxonomy":"post_tag","embeddable":true,"href":"https:\/\/www.deberes.net\/tesis\/wp-json\/wp\/v2\/tags?post=42551"}],"curies":[{"name":"wp","href":"https:\/\/api.w.org\/{rel}","templated":true}]}}